{"id":109634,"date":"2021-01-20T09:33:15","date_gmt":"2021-01-20T14:33:15","guid":{"rendered":"https:\/\/linitiative.ca\/International\/%ef%bb%bfle-gouvernement-est-appele-a-opter-pour-la-transparence-dans-lexplication-des-causes-a-lorigine-du-retard-de-loperation-de-vaccination\/"},"modified":"2021-01-20T09:33:15","modified_gmt":"2021-01-20T14:33:15","slug":"%ef%bb%bfle-gouvernement-est-appele-a-opter-pour-la-transparence-dans-lexplication-des-causes-a-lorigine-du-retard-de-loperation-de-vaccination","status":"publish","type":"post","link":"https:\/\/linitiative.ca\/International\/%ef%bb%bfle-gouvernement-est-appele-a-opter-pour-la-transparence-dans-lexplication-des-causes-a-lorigine-du-retard-de-loperation-de-vaccination\/","title":{"rendered":"\ufeffLe gouvernement est appel\u00e9 \u00e0 opter pour la transparence dans l\u2019explication des causes \u00e0 l\u2019origine du retard de l\u2019op\u00e9ration de vaccination"},"content":{"rendered":"<p class=\"has-text-color has-vivid-red-color c2\"><strong>Communiqu\u00e9 du bureau politique<\/strong><\/p>\n<p class=\"has-text-color c3\"><strong>Au cours de sa r\u00e9union p\u00e9riodique, tenue mardi 19 janvier 2021, le bureau politique du Parti du Progr\u00e8s et du Socialisme a soulign\u00e9 la n\u00e9cessit\u00e9 de continuer d\u2019observer les mesures pr\u00e9ventives pour \u00e9viter \u00e0 notre pays davantage de risques et de d\u00e9g\u00e2ts li\u00e9s \u00e0 la pand\u00e9mie du Covid-19.<\/strong><\/p>\n<p>Il exige \u00e9galement du gouvernement d\u2019opter pour la clart\u00e9 et la transparence \u00e0 l\u2019\u00e9gard de l\u2019opinion publique nationale en ce qui concerne la r\u00e9alit\u00e9 de la situation sanitaire dans notre pays et ses r\u00e9percussions \u00e9ventuelles.<\/p>\n<p>Dans le m\u00eame ordre d\u2019id\u00e9es, et face \u00e0 la n\u00e9gligence par le gouvernement des attentes des citoyennes et citoyens, le Parti du Progr\u00e8s et du Socialisme appelle ce dernier \u00e0 d\u00e9voiler les difficult\u00e9s qui entravent le lancement de l\u2019op\u00e9ration de vaccination et les justifications qui expliquent le retard enregistr\u00e9 par rapport \u00e0 la date annonc\u00e9e.<\/p>\n<p>Ces clarifications s\u2019imposent dans le but de r\u00e9unir les conditions de mobilisation et de confiance dans la perspective d\u2019assurer le succ\u00e8s de la vaccination attendue, de venir \u00e0 bout de la pand\u00e9mie et de se consacrer enti\u00e8rement au d\u00e9passement de ses r\u00e9percussions n\u00e9fastes, en plein respect des valeurs de la citoyennet\u00e9 dans leurs rapports avec les diff\u00e9rentes composantes de notre peuple.<\/p>\n<p><strong>Les \u00e9lections prochaines\u00a0: quel est le sort des consultations avec les partis politiques\u00a0?<\/strong><\/p>\n<p>Sur un autre plan, le bureau politique a abord\u00e9 la question des \u00e9ch\u00e9ances \u00e9lectorales dont le rendez-vous constitutionnel aura lieu cette ann\u00e9e. A ce propos, il interpelle le gouvernement au sujet du sort des consultations qui se sont arr\u00eat\u00e9es depuis la mi-octobre dernier et que le gouvernement avait entam\u00e9es avec les partis politiques nationaux \u00e0 propos du syst\u00e8me juridique y aff\u00e9rent.<\/p>\n<p>A cette occasion, le Parti du Progr\u00e8s et du Socialisme souligne de nouveau que toutes les conditions politiques et juridiques requises doivent \u00eatre assur\u00e9es dans le cadre des pr\u00e9paratifs de ces \u00e9lections pour cr\u00e9er un climat de confiance dans la perspective de garantir une large participation, compte tenu du fait qu\u2019elle constitue le fondement de la cr\u00e9dibilit\u00e9 des institutions \u00e9lues.<\/p>\n<p>Ces \u00e9lections doivent se d\u00e9rouler en effet dans un climat propice, \u00e0 travers l\u2019ouverture de d\u00e9bats publics, larges et approuv\u00e9s, autour des programmes et des alternatives.<\/p>\n<p>C\u2019est pourquoi le Parti du Progr\u00e8s et du Socialisme attire l\u2019attention sur les graves cons\u00e9quences n\u00e9gatives, au niveau politique et juridique, que constituerait le r\u00e9tr\u00e9cissement des d\u00e9lais vers \u00a0lequel le gouvernement s\u2019oriente, \u00e0 travers \u00a0la pr\u00e9sentation des textes de cadrage de ces \u00e9lections \u00e0 la derni\u00e8re minute.<\/p>\n<p>F\u00e9licitations de la Jeunesse Socialiste, \u00e0 l\u2019occasion du 45<sup>\u00e8me<\/sup> anniversaire de sa cr\u00e9ation\u2026.<\/p>\n<p>A l\u2019occasion du 45<sup>\u00e8me<\/sup> anniversaire de la cr\u00e9ation de la Jeunesse Socialiste, le bureau politique adresse \u00e0 la direction et \u00e0 la base de l\u2019organisation de la jeunesse du parti ses sinc\u00e8res salutations pour le parcours militant, long et brillant, de cette organisation glorieuse.<\/p>\n<p>Le bureau politique exprime le souhait que les g\u00e9n\u00e9rations montantes reprennent le flambeau du combat pour la d\u00e9fense des int\u00e9r\u00eats sup\u00e9rieurs de notre patrie, les droits des jeunes et de la cause de la d\u00e9mocratie, de la justice sociale, de la libert\u00e9, de la dignit\u00e9 et de l\u2019\u00e9galit\u00e9.<\/p>\n<p>La vie interne du parti\u00a0: adoption d\u2019un ensemble d\u2019actions en application du programme de travail<\/p>\n<p>Au niveau de la vie interne du parti, le bureau politique s\u2019est f\u00e9licit\u00e9 de la dynamique de la majorit\u00e9 des structures du parti en pr\u00e9vision des \u00e9ch\u00e9ances futures.<\/p>\n<p>Apr\u00e8s avoir proc\u00e9d\u00e9 au contr\u00f4le des t\u00e2ches, il a d\u00e9cid\u00e9 d\u2019organiser la sixi\u00e8me session du comit\u00e9 central, dimanche 7 f\u00e9vrier prochain. Il a \u00e9galement approuv\u00e9 le calendrier des r\u00e9unions partisanes r\u00e9gionales qui seront pr\u00e9sid\u00e9es par le Secr\u00e9taire G\u00e9n\u00e9ral du parti.<\/p>\n<p>Le bureau politique a enfin adopt\u00e9 \u00a0de nombreux points inscrits dans le programme de travail, concernant notamment le travail du groupe de supervision de l\u2019\u00e9laboration des programmes \u00e9lectoraux et des programmes de formation ainsi que l\u2019action des organisations parall\u00e8les et des secteurs professionnels.<\/p>\n<p>Auteur: M&rsquo;hammed rahal<br \/>\n<a href=\"http:\/\/albayane.press.ma\/%EF%BB%BFle-gouvernement-est-appele-a-opter-pour-la-transparence-dans-lexplication-des-causes-a-lorigine-du-retard-de-loperation-de-vaccination.html\">Cliquez ici pour lire l&rsquo;article depuis sa source.<\/a><\/p>\n","protected":false},"excerpt":{"rendered":"<p>Communiqu\u00e9 du bureau politique Au cours de sa r\u00e9union p\u00e9riodique, tenue mardi 19 janvier 2021, le bureau politique du Parti du Progr\u00e8s et du Socialisme a soulign\u00e9 la n\u00e9cessit\u00e9 de continuer d\u2019observer les mesures pr\u00e9ventives pour \u00e9viter \u00e0 notre pays davantage de risques et de d\u00e9g\u00e2ts li\u00e9s \u00e0 la pand\u00e9mie du Covid-19. Il exige \u00e9galement [&hellip;]<\/p>\n","protected":false},"author":1760,"featured_media":0,"comment_status":"closed","ping_status":"closed","sticky":false,"template":"","format":"standard","meta":{"fifu_image_url":"","fifu_image_alt":"","footnotes":""},"categories":[73,54],"tags":[],"class_list":["post-109634","post","type-post","status-publish","format-standard","hentry","category-actualite","category-maroc"],"_links":{"self":[{"href":"https:\/\/linitiative.ca\/International\/wp-json\/wp\/v2\/posts\/109634","targetHints":{"allow":["GET"]}}],"collection":[{"href":"https:\/\/linitiative.ca\/International\/wp-json\/wp\/v2\/posts"}],"about":[{"href":"https:\/\/linitiative.ca\/International\/wp-json\/wp\/v2\/types\/post"}],"author":[{"embeddable":true,"href":"https:\/\/linitiative.ca\/International\/wp-json\/wp\/v2\/users\/1760"}],"replies":[{"embeddable":true,"href":"https:\/\/linitiative.ca\/International\/wp-json\/wp\/v2\/comments?post=109634"}],"version-history":[{"count":0,"href":"https:\/\/linitiative.ca\/International\/wp-json\/wp\/v2\/posts\/109634\/revisions"}],"wp:attachment":[{"href":"https:\/\/linitiative.ca\/International\/wp-json\/wp\/v2\/media?parent=109634"}],"wp:term":[{"taxonomy":"category","embeddable":true,"href":"https:\/\/linitiative.ca\/International\/wp-json\/wp\/v2\/categories?post=109634"},{"taxonomy":"post_tag","embeddable":true,"href":"https:\/\/linitiative.ca\/International\/wp-json\/wp\/v2\/tags?post=109634"}],"curies":[{"name":"wp","href":"https:\/\/api.w.org\/{rel}","templated":true}]}}