{"id":109636,"date":"2021-01-20T08:34:44","date_gmt":"2021-01-20T13:34:44","guid":{"rendered":"https:\/\/linitiative.ca\/International\/ue-le-taux-dinflation-annuel-sest-etabli-a-03-decembre-2020\/"},"modified":"2021-01-20T08:34:44","modified_gmt":"2021-01-20T13:34:44","slug":"ue-le-taux-dinflation-annuel-sest-etabli-a-03-decembre-2020","status":"publish","type":"post","link":"https:\/\/linitiative.ca\/International\/ue-le-taux-dinflation-annuel-sest-etabli-a-03-decembre-2020\/","title":{"rendered":"UE : le taux d\u2019inflation annuel s\u2019est \u00e9tabli \u00e0 0,3% (d\u00e9cembre 2020)"},"content":{"rendered":"<div class=\"td-post-content\">\n<h2>Selon les chiffres publi\u00e9s par\u00a0<a href=\"https:\/\/ec.europa.eu\/eurostat\" target=\"_blank\" rel=\"noopener noreferrer\">Eurostat<\/a>, le taux d\u2019inflation annuel de la zone euro en d\u00e9cembre 2020 s\u2019est \u00e9tabli \u00e0 -0,3%; et ce, pour le quatri\u00e8me mois cons\u00e9cutif.<\/h2>\n<p>Un an auparavant, il \u00e9tait de 1,3%. En effet, le taux d\u2019inflation annuel de l\u2019Union europ\u00e9enne s\u2019\u00e9tablit \u00e0 0,3% en d\u00e9cembre 2020; contre 0,2% en novembre. Un an auparavant, il \u00e9tait de 1,6%.<\/p>\n<p>Ainsi, les taux annuels les plus faibles s\u2019observent en Gr\u00e8ce (-2,4%), en Slov\u00e9nie (-1,2%) et en Irlande (-1,0%).<\/p>\n<p>Les taux annuels les plus \u00e9lev\u00e9s ont quant \u00e0 eux \u00e9t\u00e9 enregistr\u00e9s en Pologne (3,4%), en Hongrie (2,8%) et en Tch\u00e9quie (2,4%).<\/p>\n<p>Par rapport \u00e0 novembre 2020, l\u2019inflation annuelle a baiss\u00e9 dans neuf \u00c9tats membres. Elle est rest\u00e9e stable dans huit et a augment\u00e9 dans dix autres.<\/p>\n<p>En d\u00e9cembre 2020, les plus fortes contributions au taux d\u2019inflation annuel de la zone euro proviennent des services (+0,30 points de pourcentage, pp). Suivent l\u2019alimentation, l\u2019alcool et le tabac (+0,25 pp), les biens industriels hors \u00e9nergie (-0,14 pp) et l\u2019\u00e9nergie (-0,68 pp).<\/p>\n<p><em>M.T<\/em><\/p>\n<\/div>\n<footer>\n<\/footer>\n<div class=\"wp-post-author-wrap wp-post-author-shortcode left\">\n<h3 class=\"awpa-title\"\/>\n<div class=\"wp-post-author\">\n<div class=\"awpa-img awpa-author-block square\"><a href=\"http:\/\/lexpertjournal.net\/fr\/?author=5\"><img loading=\"lazy\" decoding=\"async\" alt=\"\" src=\"http:\/\/0.gravatar.com\/avatar\/97f8e10a1c1125ba104a76514ee07b16?s=150&amp;d=mm&amp;r=g\" srcset=\"http:\/\/0.gravatar.com\/avatar\/97f8e10a1c1125ba104a76514ee07b16?s=300&amp;d=mm&amp;r=g 2x\" class=\"avatar avatar-150 photo\" height=\"150\" width=\"150\"\/><\/a><\/div>\n<\/div>\n<\/div>\n<aside class=\"mashsb-container mashsb-main mashsb-stretched\">\n<\/aside>\n<p>Auteur: L&rsquo;expert<br \/>\n<a href=\"http:\/\/lexpertjournal.net\/fr\/?p=18212\">Cliquez ici pour lire l&rsquo;article depuis sa source.<\/a><\/p>\n","protected":false},"excerpt":{"rendered":"<p>Selon les chiffres publi\u00e9s par\u00a0Eurostat, le taux d\u2019inflation annuel de la zone euro en d\u00e9cembre 2020 s\u2019est \u00e9tabli \u00e0 -0,3%; et ce, pour le quatri\u00e8me mois cons\u00e9cutif. Un an auparavant, il \u00e9tait de 1,3%. En effet, le taux d\u2019inflation annuel de l\u2019Union europ\u00e9enne s\u2019\u00e9tablit \u00e0 0,3% en d\u00e9cembre 2020; contre 0,2% en novembre. Un an [&hellip;]<\/p>\n","protected":false},"author":1775,"featured_media":0,"comment_status":"closed","ping_status":"closed","sticky":false,"template":"","format":"standard","meta":{"fifu_image_url":"http:\/\/0.gravatar.com\/avatar\/97f8e10a1c1125ba104a76514ee07b16?s=150&d=mm&r=g","fifu_image_alt":"UE : le taux d\u2019inflation annuel s\u2019est \u00e9tabli \u00e0 0,3% (d\u00e9cembre 2020)","footnotes":""},"categories":[78,55],"tags":[],"class_list":["post-109636","post","type-post","status-publish","format-standard","hentry","category-economie","category-tunisie"],"_links":{"self":[{"href":"https:\/\/linitiative.ca\/International\/wp-json\/wp\/v2\/posts\/109636","targetHints":{"allow":["GET"]}}],"collection":[{"href":"https:\/\/linitiative.ca\/International\/wp-json\/wp\/v2\/posts"}],"about":[{"href":"https:\/\/linitiative.ca\/International\/wp-json\/wp\/v2\/types\/post"}],"author":[{"embeddable":true,"href":"https:\/\/linitiative.ca\/International\/wp-json\/wp\/v2\/users\/1775"}],"replies":[{"embeddable":true,"href":"https:\/\/linitiative.ca\/International\/wp-json\/wp\/v2\/comments?post=109636"}],"version-history":[{"count":0,"href":"https:\/\/linitiative.ca\/International\/wp-json\/wp\/v2\/posts\/109636\/revisions"}],"wp:attachment":[{"href":"https:\/\/linitiative.ca\/International\/wp-json\/wp\/v2\/media?parent=109636"}],"wp:term":[{"taxonomy":"category","embeddable":true,"href":"https:\/\/linitiative.ca\/International\/wp-json\/wp\/v2\/categories?post=109636"},{"taxonomy":"post_tag","embeddable":true,"href":"https:\/\/linitiative.ca\/International\/wp-json\/wp\/v2\/tags?post=109636"}],"curies":[{"name":"wp","href":"https:\/\/api.w.org\/{rel}","templated":true}]}}