{"id":109641,"date":"2021-01-20T06:00:00","date_gmt":"2021-01-20T11:00:00","guid":{"rendered":"https:\/\/linitiative.ca\/International\/la-france-exclut-des-excuses-mais-envisage-des-actes-symboliques\/"},"modified":"2021-01-20T06:00:00","modified_gmt":"2021-01-20T11:00:00","slug":"la-france-exclut-des-excuses-mais-envisage-des-actes-symboliques","status":"publish","type":"post","link":"https:\/\/linitiative.ca\/International\/la-france-exclut-des-excuses-mais-envisage-des-actes-symboliques\/","title":{"rendered":"La France exclut des \u00ab\u00a0excuses\u00a0\u00bb mais envisage des \u00ab\u00a0actes symboliques\u00a0\u00bb"},"content":{"rendered":"<div id=\"originalText\" readability=\"43\">\n<p class=\"c6\">Des \u00ab\u00a0actes symboliques\u00a0\u00bb sont envisag\u00e9s mais il n&rsquo;y aura \u00ab\u00a0ni repentance ni excuses\u00a0\u00bb, a indiqu\u00e9 mercredi l&rsquo;Elys\u00e9e, \u00e0 la suite de la remise mercredi d&rsquo;un rapport sur la colonisation et la guerre d&rsquo;Alg\u00e9rie par l&rsquo;historien fran\u00e7ais Benjamin Stora au pr\u00e9sident Emmanuel Macron.<\/p>\n<p class=\"c6\">Le chef de l&rsquo;Etat participera \u00e0 trois journ\u00e9es de comm\u00e9moration dans le cadre du 60e anniversaire de la fin de la guerre d&rsquo;Alg\u00e9rie en 1962 : la journ\u00e9e nationale des harkis le 25 septembre, la r\u00e9pression d&rsquo;une manifestation d&rsquo;Alg\u00e9riens le 17 octobre 1961 et les Accords d&rsquo;Evian du 19 mars 1962, a pr\u00e9cis\u00e9 la pr\u00e9sidence.<\/p>\n<p class=\"c6\">\u00a0<\/p>\n<p class=\"c7\"><strong>AFP<\/strong><\/p>\n<\/div>\n<div id=\"text_core\" readability=\"43\">\n<p class=\"c6\">Des \u00ab\u00a0actes symboliques\u00a0\u00bb sont envisag\u00e9s mais il n&rsquo;y aura \u00ab\u00a0ni repentance ni excuses\u00a0\u00bb, a indiqu\u00e9 mercredi l&rsquo;Elys\u00e9e, \u00e0 la suite de la remise mercredi d&rsquo;un rapport sur la colonisation et la guerre d&rsquo;Alg\u00e9rie par l&rsquo;historien fran\u00e7ais Benjamin Stora au pr\u00e9sident Emmanuel Macron.<\/p>\n<p class=\"c6\">Le chef de l&rsquo;Etat participera \u00e0 trois journ\u00e9es de comm\u00e9moration dans le cadre du 60e anniversaire de la fin de la guerre d&rsquo;Alg\u00e9rie en 1962 : la journ\u00e9e nationale des harkis le 25 septembre, la r\u00e9pression d&rsquo;une manifestation d&rsquo;Alg\u00e9riens le 17 octobre 1961 et les Accords d&rsquo;Evian du 19 mars 1962, a pr\u00e9cis\u00e9 la pr\u00e9sidence.<\/p>\n<p class=\"c6\">\u00a0<\/p>\n<p class=\"c7\"><strong>AFP<\/strong><\/p>\n<\/div>\n<p>Auteur:<br \/>\n<a href=\"https:\/\/www.liberte-algerie.com\/actualite\/la-france-exclut-des-excuses-mais-envisage-des-actes-symboliques-352763\">Cliquez ici pour lire l&rsquo;article depuis sa source.<\/a><\/p>\n","protected":false},"excerpt":{"rendered":"<p>Des \u00ab\u00a0actes symboliques\u00a0\u00bb sont envisag\u00e9s mais il n&rsquo;y aura \u00ab\u00a0ni repentance ni excuses\u00a0\u00bb, a indiqu\u00e9 mercredi l&rsquo;Elys\u00e9e, \u00e0 la suite de la remise mercredi d&rsquo;un rapport sur la colonisation et la guerre d&rsquo;Alg\u00e9rie par l&rsquo;historien fran\u00e7ais Benjamin Stora au pr\u00e9sident Emmanuel Macron. Le chef de l&rsquo;Etat participera \u00e0 trois journ\u00e9es de comm\u00e9moration dans le cadre [&hellip;]<\/p>\n","protected":false},"author":1742,"featured_media":0,"comment_status":"closed","ping_status":"closed","sticky":false,"template":"","format":"standard","meta":{"fifu_image_url":"","fifu_image_alt":"","footnotes":""},"categories":[73,53],"tags":[],"class_list":["post-109641","post","type-post","status-publish","format-standard","hentry","category-actualite","category-algerie"],"_links":{"self":[{"href":"https:\/\/linitiative.ca\/International\/wp-json\/wp\/v2\/posts\/109641","targetHints":{"allow":["GET"]}}],"collection":[{"href":"https:\/\/linitiative.ca\/International\/wp-json\/wp\/v2\/posts"}],"about":[{"href":"https:\/\/linitiative.ca\/International\/wp-json\/wp\/v2\/types\/post"}],"author":[{"embeddable":true,"href":"https:\/\/linitiative.ca\/International\/wp-json\/wp\/v2\/users\/1742"}],"replies":[{"embeddable":true,"href":"https:\/\/linitiative.ca\/International\/wp-json\/wp\/v2\/comments?post=109641"}],"version-history":[{"count":0,"href":"https:\/\/linitiative.ca\/International\/wp-json\/wp\/v2\/posts\/109641\/revisions"}],"wp:attachment":[{"href":"https:\/\/linitiative.ca\/International\/wp-json\/wp\/v2\/media?parent=109641"}],"wp:term":[{"taxonomy":"category","embeddable":true,"href":"https:\/\/linitiative.ca\/International\/wp-json\/wp\/v2\/categories?post=109641"},{"taxonomy":"post_tag","embeddable":true,"href":"https:\/\/linitiative.ca\/International\/wp-json\/wp\/v2\/tags?post=109641"}],"curies":[{"name":"wp","href":"https:\/\/api.w.org\/{rel}","templated":true}]}}