{"id":109642,"date":"2021-01-20T10:00:00","date_gmt":"2021-01-20T15:00:00","guid":{"rendered":"https:\/\/linitiative.ca\/International\/tebboune-opere-avec-succes-en-allemagne\/"},"modified":"2021-01-20T10:00:00","modified_gmt":"2021-01-20T15:00:00","slug":"tebboune-opere-avec-succes-en-allemagne","status":"publish","type":"post","link":"https:\/\/linitiative.ca\/International\/tebboune-opere-avec-succes-en-allemagne\/","title":{"rendered":"Tebboune op\u00e9r\u00e9 \u00ab avec succ\u00e8s\u00bb en Allemagne"},"content":{"rendered":"<div id=\"originalText\" readability=\"52\">\n<p class=\"c6\">Le Pr\u00e9sident Abdelmadjid Tebboune\u00a0 a \u00e9t\u00e9 \u00ab\u00a0op\u00e9r\u00e9 avec succ\u00e8s\u00a0\u00bb au niveau de son pied droit, ce mercredi, en Allemagne, a annonc\u00e9 la Pr\u00e9sidence de la r\u00e9publique sur sa page Facebook, qui a pr\u00e9cis\u00e9 que le Chef de l\u2019Etat sera de retour au pays \u00ab\u00a0dans les prochains jours\u00a0\u00bb, aussit\u00f4t autoris\u00e9 par ses m\u00e9decins.<\/p>\n<p class=\"c6\">Le Pr\u00e9sident\u00a0 avait d\u00e9clar\u00e9, le 10 janvier, au salon d\u2019honneur de l\u2019a\u00e9roport militaire de Boufarik, peu avant son voyage en Allemagne, que cette intervention chirurgicale \u00e9tait d\u00e9j\u00e0 programm\u00e9e,\u00a0 avant son retour au pays, apr\u00e8s deux mois d\u2019hospitalisation et de convalescence, suite \u00e0 sa contamination au\u00a0 Covid-19.<\/p>\n<p class=\"c7\"><strong>R\u00e9daction Web<\/strong><\/p>\n<\/div>\n<div id=\"text_core\" readability=\"52\">\n<p class=\"c6\">Le Pr\u00e9sident Abdelmadjid Tebboune\u00a0 a \u00e9t\u00e9 \u00ab\u00a0op\u00e9r\u00e9 avec succ\u00e8s\u00a0\u00bb au niveau de son pied droit, ce mercredi, en Allemagne, a annonc\u00e9 la Pr\u00e9sidence de la r\u00e9publique sur sa page Facebook, qui a pr\u00e9cis\u00e9 que le Chef de l\u2019Etat sera de retour au pays \u00ab\u00a0dans les prochains jours\u00a0\u00bb, aussit\u00f4t autoris\u00e9 par ses m\u00e9decins.<\/p>\n<p class=\"c6\">Le Pr\u00e9sident\u00a0 avait d\u00e9clar\u00e9, le 10 janvier, au salon d\u2019honneur de l\u2019a\u00e9roport militaire de Boufarik, peu avant son voyage en Allemagne, que cette intervention chirurgicale \u00e9tait d\u00e9j\u00e0 programm\u00e9e,\u00a0 avant son retour au pays, apr\u00e8s deux mois d\u2019hospitalisation et de convalescence, suite \u00e0 sa contamination au\u00a0 Covid-19.<\/p>\n<p class=\"c7\"><strong>R\u00e9daction Web<\/strong><\/p>\n<\/div>\n<p>Auteur:<br \/>\n<a href=\"https:\/\/www.liberte-algerie.com\/a-la-une\/tebboune-opere-avec-succes-en-allemagne-352764\">Cliquez ici pour lire l&rsquo;article depuis sa source.<\/a><\/p>\n","protected":false},"excerpt":{"rendered":"<p>Le Pr\u00e9sident Abdelmadjid Tebboune\u00a0 a \u00e9t\u00e9 \u00ab\u00a0op\u00e9r\u00e9 avec succ\u00e8s\u00a0\u00bb au niveau de son pied droit, ce mercredi, en Allemagne, a annonc\u00e9 la Pr\u00e9sidence de la r\u00e9publique sur sa page Facebook, qui a pr\u00e9cis\u00e9 que le Chef de l\u2019Etat sera de retour au pays \u00ab\u00a0dans les prochains jours\u00a0\u00bb, aussit\u00f4t autoris\u00e9 par ses m\u00e9decins. Le Pr\u00e9sident\u00a0 avait [&hellip;]<\/p>\n","protected":false},"author":1742,"featured_media":0,"comment_status":"closed","ping_status":"closed","sticky":false,"template":"","format":"standard","meta":{"fifu_image_url":"","fifu_image_alt":"","footnotes":""},"categories":[73,53],"tags":[],"class_list":["post-109642","post","type-post","status-publish","format-standard","hentry","category-actualite","category-algerie"],"_links":{"self":[{"href":"https:\/\/linitiative.ca\/International\/wp-json\/wp\/v2\/posts\/109642","targetHints":{"allow":["GET"]}}],"collection":[{"href":"https:\/\/linitiative.ca\/International\/wp-json\/wp\/v2\/posts"}],"about":[{"href":"https:\/\/linitiative.ca\/International\/wp-json\/wp\/v2\/types\/post"}],"author":[{"embeddable":true,"href":"https:\/\/linitiative.ca\/International\/wp-json\/wp\/v2\/users\/1742"}],"replies":[{"embeddable":true,"href":"https:\/\/linitiative.ca\/International\/wp-json\/wp\/v2\/comments?post=109642"}],"version-history":[{"count":0,"href":"https:\/\/linitiative.ca\/International\/wp-json\/wp\/v2\/posts\/109642\/revisions"}],"wp:attachment":[{"href":"https:\/\/linitiative.ca\/International\/wp-json\/wp\/v2\/media?parent=109642"}],"wp:term":[{"taxonomy":"category","embeddable":true,"href":"https:\/\/linitiative.ca\/International\/wp-json\/wp\/v2\/categories?post=109642"},{"taxonomy":"post_tag","embeddable":true,"href":"https:\/\/linitiative.ca\/International\/wp-json\/wp\/v2\/tags?post=109642"}],"curies":[{"name":"wp","href":"https:\/\/api.w.org\/{rel}","templated":true}]}}