{"id":109644,"date":"2021-01-20T11:00:00","date_gmt":"2021-01-20T16:00:00","guid":{"rendered":"https:\/\/linitiative.ca\/International\/stora-emet-22-recommandations-dont-le-retour-des-harkis\/"},"modified":"2021-01-20T11:00:00","modified_gmt":"2021-01-20T16:00:00","slug":"stora-emet-22-recommandations-dont-le-retour-des-harkis","status":"publish","type":"post","link":"https:\/\/linitiative.ca\/International\/stora-emet-22-recommandations-dont-le-retour-des-harkis\/","title":{"rendered":"Stora \u00e9met 22 recommandations dont le retour des harkis"},"content":{"rendered":"<div id=\"originalText\" readability=\"171\">\n<p>Le rapport \u00a0sur la colonisation et la guerre d&rsquo;Alg\u00e9rie, remis ce mercredi 20 janvier par l\u2019historien Benjamin au pr\u00e9sident fran\u00e7ais Emmanuel Macron, recommande la mise en place d\u2019une commission \u00ab M\u00e9moire et V\u00e9rit\u00e9 \u00bb charg\u00e9e d\u2019impulser des initiatives m\u00e9morielles communes entre la France et l\u2019Alg\u00e9rie, selon le quotidien Le Monde, qui\u00a0 a r\u00e9v\u00e9l\u00e9 les 22 points sur lesquels cette commission est appel\u00e9e \u00e0 formuler des recommandations. Une commission que l\u2019historien souhaite compos\u00e9e de \u00ab diff\u00e9rentes personnalit\u00e9s engag\u00e9es dans le dialogue franco-alg\u00e9rien \u00bb, comme Fadila Khattabi, pr\u00e9sidente du groupe d\u2019amiti\u00e9 France-Alg\u00e9rie de l\u2019Assembl\u00e9e nationale, Karim Amellal, ambassadeur, d\u00e9l\u00e9gu\u00e9 interminist\u00e9riel \u00e0 la M\u00e9diterran\u00e9e, des intellectuels, m\u00e9decins, chercheurs, chefs d\u2019entreprise, animateurs d\u2019associations\u2026 selon la m\u00eame source.<\/p>\n<p>Au premier chapitre, le rapport Stora recommande de \u00abpoursuivre les comm\u00e9morations, comme celle du 19 mars 1962 demand\u00e9e par plusieurs associations d\u2019anciens combattants \u00e0 propos des accords d\u2019Evian, premier pas vers la fin de la guerre d\u2019Alg\u00e9rie\u00a0\u00bb.<\/p>\n<p>Il s\u2019agit \u00e9galement d\u2019autres \u00ab\u00a0initiatives de comm\u00e9morations importantes (qui) pourraient \u00eatre organis\u00e9es autour de la participation des Europ\u00e9ens d\u2019Alg\u00e9rie \u00e0 la seconde guerre mondiale ; du 25 septembre, journ\u00e9e d\u2019hommage aux harkis et autres membres de formations suppl\u00e9tives dans la guerre d\u2019Alg\u00e9rie ; du 17 octobre 1961, \u00e0 propos de la r\u00e9pression des travailleurs alg\u00e9riens en France\u00bb. A tous ces moments de comm\u00e9moration, sugg\u00e8re l\u2019historien, \u00a0pourraient \u00ab\u00a0\u00eatre invit\u00e9s les repr\u00e9sentants des groupes de m\u00e9moires concern\u00e9s par cette histoire\u00bb.<\/p>\n<p>Parall\u00e8lement, l\u2019historien propose d\u2019organiser le recueil par la commission \u00ab\u00a0M\u00e9moire et V\u00e9rit\u00e9\u00a0\u00bb de la parole des t\u00e9moins \u00ab\u00a0frapp\u00e9s douloureusement par cette guerre pour \u00e9tablir plus de v\u00e9rit\u00e9s et parvenir \u00e0 la r\u00e9conciliation des m\u00e9moires\u00a0\u00bb.<\/p>\n<p>Sur d\u2019autres chapitres, le rapport Stora propose de \u00ab\u00a0construire une st\u00e8le \u00e0 l\u2019effigie de l\u2019\u00e9mir Abdelkader\u00a0\u00bb, la \u00ab\u00a0reconnaissance par la France de l\u2019assassinat de l\u2019avocat Ali Boumendjel\u00a0\u00bb, un geste \u00a0qui \u00abferait suite \u00e0 la d\u00e9claration du pr\u00e9sident Emmanuel Macron concernant Maurice Audin en septembre 2018\u00a0\u00bb, selon toujours Le\u00a0Monde. A cela s\u2019ajoute \u00e9galement la perspective d\u00a0\u00ab\u0153uvrer \u00e0 la publication d\u2019un \u2018\u2019guide des disparus\u2019\u2019 (alg\u00e9riens et europ\u00e9ens) de la guerre d\u2019Alg\u00e9rie, sur la base des recherches du \u2018\u2019groupe de travail\u2019\u2019 cr\u00e9\u00e9 \u00e0 la suite de la d\u00e9claration d\u2019amiti\u00e9 sign\u00e9e lors de la visite du pr\u00e9sident Fran\u00e7ois Hollande \u00e0 Alger en 2012\u00a0\u00bb. Ce groupe avait \u00e9t\u00e9 mis en place, rappelle le Monde, pour permettre la localisation des s\u00e9pultures des disparus alg\u00e9riens et fran\u00e7ais de la guerre d\u2019ind\u00e9pendance, et qu\u2019il devra donc poursuivre son travail. Aussi, il s\u2019agit de poursuivre le travail conjoint concernant \u00ab\u00a0les lieux des essais nucl\u00e9aires fran\u00e7ais en Alg\u00e9rie, r\u00e9alis\u00e9s entre 1960 et 1966, et leurs cons\u00e9quences, ainsi que la pose des mines aux fronti\u00e8res\u00a0\u00bb, mais \u00e9galement \u00ab\u00a0l\u2019activit\u00e9 du comit\u00e9 mixte d\u2019experts scientifiques alg\u00e9riens et fran\u00e7ais charg\u00e9s d\u2019\u00e9tudier les restes humains de combattants alg\u00e9riens du XIXe si\u00e8cle conserv\u00e9s au Mus\u00e9um national d\u2019histoire naturelle\u00a0\u00bb.<\/p>\n<p>Autre chapitre, cependant tr\u00e8s sensible c\u00f4t\u00e9 alg\u00e9rien, est celui des harkis. Le rapport Stora envisage ainsi de \u00abvoir avec les autorit\u00e9s alg\u00e9riennes la possibilit\u00e9 de faciliter les d\u00e9placements des harkis et de leurs enfants entre la France et l\u2019Alg\u00e9rie\u00bb, mettre en place \u00ab\u00a0une commission mixte d\u2019historiens fran\u00e7ais et alg\u00e9riens pour faire la lumi\u00e8re sur les enl\u00e8vements et assassinats d\u2019Europ\u00e9ens \u00e0 Oran en juillet 1962 ; entendre la parole des t\u00e9moins de cette trag\u00e9die\u00a0\u00bb, et \u00abencourager la pr\u00e9servation des cimeti\u00e8res europ\u00e9ens en Alg\u00e9rie (travaux, entretiens, r\u00e9habilitations des tombes), ainsi que des cimeti\u00e8res juifs (comme ceux de Constantine et de Tlemcen)\u00a0\u00bb.<\/p>\n<p>Toujours c\u00f4t\u00e9 m\u00e9moire, \u00a0et \u00e0 l\u2019instar de \u00ab\u00a0la mesure instaur\u00e9e par le pr\u00e9sident de la R\u00e9publique visant \u00e0 donner \u00e0 des rues de communes fran\u00e7aises des noms de personnes issues de l\u2019immigration et de l\u2019outre-mer\u00a0\u00bb, le rapport envisage d\u2019 \u00abinscrire des noms de Fran\u00e7ais d\u2019origine europ\u00e9enne particuli\u00e8rement m\u00e9ritants, en particulier m\u00e9decins, artistes, enseignants, issus de territoires ant\u00e9rieurement plac\u00e9s sous la souverainet\u00e9 de la France\u00a0\u00bb, et \u00ab\u00a0activer le groupe de travail conjoint sur les archives, constitu\u00e9 en 2013 \u00e0 la suite de la visite du pr\u00e9sident Hollande en 2012\u00a0\u00bb, et qui \u00abdevra faire le point sur l\u2019inventaire des archives emmen\u00e9es par la France et laiss\u00e9es par la France en Alg\u00e9rie\u00a0\u00bb.<\/p>\n<p>\u00a0C\u00f4t\u00e9 coop\u00e9ration universitaire, et en attendant \u00ab\u00a0le r\u00e8glement de la domiciliation des archives\u00a0\u00bb, la France pourrait \u00ab\u00a0donner chaque ann\u00e9e \u00e0 dix chercheurs, inscrits en th\u00e8se sur l\u2019histoire de l\u2019Alg\u00e9rie coloniale et la guerre d\u2019ind\u00e9pendance dans un \u00e9tablissement universitaire alg\u00e9rien, la possibilit\u00e9 d\u2019effectuer des recherches dans les fonds d\u2019archive en France\u00bb.<\/p>\n<p>En parall\u00e8le, note le rapport, \u00ab\u00a0des \u00e9tudiants fran\u00e7ais, dans un nombre qui reste \u00e0 discuter avec les autorit\u00e9s alg\u00e9riennes, devraient pouvoir b\u00e9n\u00e9ficier d\u2019un visa \u00e0 entr\u00e9es multiples et d\u2019un acc\u00e8s facilit\u00e9 aux archives alg\u00e9riennes concernant la m\u00eame p\u00e9riode\u00bb.<\/p>\n<p>L\u2019historien recommande, dans le m\u00eame sens, de \u00abfavoriser la diffusion des travaux des historiens par la cr\u00e9ation d\u2019une collection \u2018\u2019franco-alg\u00e9rienne\u2019\u2019 dans une grande maison d\u2019\u00e9dition\u00a0\u00bb, cr\u00e9er \u00ab\u00a0un fonds permettant la traduction du fran\u00e7ais vers l\u2019arabe et de l\u2019arabe vers le fran\u00e7ais d\u2019\u0153uvres litt\u00e9raires et \u00e0 caract\u00e8re historique (ce fonds pourra \u00e9galement prendre en charge les \u00e9crits de langue berb\u00e8re)\u00a0\u00bb, et \u00abaccorder dans les programmes scolaires plus de place \u00e0 l\u2019histoire de la France en Alg\u00e9rie.<\/p>\n<p>\u00ab\u00a0A c\u00f4t\u00e9 d\u2019une avanc\u00e9e r\u00e9cente \u2013 ne plus traiter de la guerre sans parler de la colonisation \u2013, il convient de g\u00e9n\u00e9raliser cet enseignement \u00e0 l\u2019ensemble des \u00e9l\u00e8ves (y compris dans les lyc\u00e9es professionnels)\u00a0\u00bb, souligne le rapport.\u00a0<\/p>\n<p>Par ailleurs, Stora sugg\u00e8re d\u2019 \u00aballer vers la mise en place d\u2019un office franco-alg\u00e9rien de la jeunesse, charg\u00e9 principalement d\u2019impulser les \u0153uvres de jeunes cr\u00e9ateurs (\u0153uvres d\u2019animation, courts-m\u00e9trages de fiction, cr\u00e9ation de plate-forme num\u00e9rique pour le son et l\u2019image)\u00a0\u00bb, r\u00e9activer \u00ab\u00a0le projet de mus\u00e9e de l\u2019histoire de la France et de l\u2019Alg\u00e9rie, pr\u00e9vu \u00e0 Montpellier et abandonn\u00e9 en 2014\u00a0\u00bb, organise en 2021 \u00ab\u00a0un colloque international d\u00e9di\u00e9 au refus de la guerre d\u2019Alg\u00e9rie par certaines grandes personnalit\u00e9s comme Fran\u00e7ois Mauriac, Raymond Aron, Jean-Paul Sartre, Andr\u00e9 Mandouze et Paul Ric\u0153ur\u00a0\u00bb, et une exposition ou un colloque sur les ind\u00e9pendances africaines au Mus\u00e9e national de l\u2019histoire de l\u2019immigration.<\/p>\n<p>Enfin, le rapport pr\u00e9voit \u00ab\u00a0l\u2019entr\u00e9e au Panth\u00e9on de Gis\u00e8le Halimi, grande figure de l\u2019opposition \u00e0 la guerre d\u2019Alg\u00e9rie\u00a0\u00bb, et la cr\u00e9ation d\u2019 \u00ab une commission franco-alg\u00e9rienne d\u2019historiens charg\u00e9e d\u2019\u00e9tablir l\u2019historique du canon \u2018\u2019Baba Merzoug\u2019\u2019 \u00bb et de \u00ab\u00a0formuler des propositions partag\u00e9es quant \u00e0 son avenir, respectueuses de la charge m\u00e9morielle qu\u2019il porte des deux c\u00f4t\u00e9s de la M\u00e9diterran\u00e9e\u00a0\u00bb.<\/p>\n<p class=\"c6\"><strong>R\u00e9daction Web<\/strong><\/p>\n<\/div>\n<div id=\"text_core\" readability=\"171\">\n<p>Le rapport \u00a0sur la colonisation et la guerre d&rsquo;Alg\u00e9rie, remis ce mercredi 20 janvier par l\u2019historien Benjamin au pr\u00e9sident fran\u00e7ais Emmanuel Macron, recommande la mise en place d\u2019une commission \u00ab M\u00e9moire et V\u00e9rit\u00e9 \u00bb charg\u00e9e d\u2019impulser des initiatives m\u00e9morielles communes entre la France et l\u2019Alg\u00e9rie, selon le quotidien Le Monde, qui\u00a0 a r\u00e9v\u00e9l\u00e9 les 22 points sur lesquels cette commission est appel\u00e9e \u00e0 formuler des recommandations. Une commission que l\u2019historien souhaite compos\u00e9e de \u00ab diff\u00e9rentes personnalit\u00e9s engag\u00e9es dans le dialogue franco-alg\u00e9rien \u00bb, comme Fadila Khattabi, pr\u00e9sidente du groupe d\u2019amiti\u00e9 France-Alg\u00e9rie de l\u2019Assembl\u00e9e nationale, Karim Amellal, ambassadeur, d\u00e9l\u00e9gu\u00e9 interminist\u00e9riel \u00e0 la M\u00e9diterran\u00e9e, des intellectuels, m\u00e9decins, chercheurs, chefs d\u2019entreprise, animateurs d\u2019associations\u2026 selon la m\u00eame source.<\/p>\n<p>Au premier chapitre, le rapport Stora recommande de \u00abpoursuivre les comm\u00e9morations, comme celle du 19 mars 1962 demand\u00e9e par plusieurs associations d\u2019anciens combattants \u00e0 propos des accords d\u2019Evian, premier pas vers la fin de la guerre d\u2019Alg\u00e9rie\u00a0\u00bb.<\/p>\n<p>Il s\u2019agit \u00e9galement d\u2019autres \u00ab\u00a0initiatives de comm\u00e9morations importantes (qui) pourraient \u00eatre organis\u00e9es autour de la participation des Europ\u00e9ens d\u2019Alg\u00e9rie \u00e0 la seconde guerre mondiale ; du 25 septembre, journ\u00e9e d\u2019hommage aux harkis et autres membres de formations suppl\u00e9tives dans la guerre d\u2019Alg\u00e9rie ; du 17 octobre 1961, \u00e0 propos de la r\u00e9pression des travailleurs alg\u00e9riens en France\u00bb. A tous ces moments de comm\u00e9moration, sugg\u00e8re l\u2019historien, \u00a0pourraient \u00ab\u00a0\u00eatre invit\u00e9s les repr\u00e9sentants des groupes de m\u00e9moires concern\u00e9s par cette histoire\u00bb.<\/p>\n<p>Parall\u00e8lement, l\u2019historien propose d\u2019organiser le recueil par la commission \u00ab\u00a0M\u00e9moire et V\u00e9rit\u00e9\u00a0\u00bb de la parole des t\u00e9moins \u00ab\u00a0frapp\u00e9s douloureusement par cette guerre pour \u00e9tablir plus de v\u00e9rit\u00e9s et parvenir \u00e0 la r\u00e9conciliation des m\u00e9moires\u00a0\u00bb.<\/p>\n<p>Sur d\u2019autres chapitres, le rapport Stora propose de \u00ab\u00a0construire une st\u00e8le \u00e0 l\u2019effigie de l\u2019\u00e9mir Abdelkader\u00a0\u00bb, la \u00ab\u00a0reconnaissance par la France de l\u2019assassinat de l\u2019avocat Ali Boumendjel\u00a0\u00bb, un geste \u00a0qui \u00abferait suite \u00e0 la d\u00e9claration du pr\u00e9sident Emmanuel Macron concernant Maurice Audin en septembre 2018\u00a0\u00bb, selon toujours Le\u00a0Monde. A cela s\u2019ajoute \u00e9galement la perspective d\u00a0\u00ab\u0153uvrer \u00e0 la publication d\u2019un \u2018\u2019guide des disparus\u2019\u2019 (alg\u00e9riens et europ\u00e9ens) de la guerre d\u2019Alg\u00e9rie, sur la base des recherches du \u2018\u2019groupe de travail\u2019\u2019 cr\u00e9\u00e9 \u00e0 la suite de la d\u00e9claration d\u2019amiti\u00e9 sign\u00e9e lors de la visite du pr\u00e9sident Fran\u00e7ois Hollande \u00e0 Alger en 2012\u00a0\u00bb. Ce groupe avait \u00e9t\u00e9 mis en place, rappelle le Monde, pour permettre la localisation des s\u00e9pultures des disparus alg\u00e9riens et fran\u00e7ais de la guerre d\u2019ind\u00e9pendance, et qu\u2019il devra donc poursuivre son travail. Aussi, il s\u2019agit de poursuivre le travail conjoint concernant \u00ab\u00a0les lieux des essais nucl\u00e9aires fran\u00e7ais en Alg\u00e9rie, r\u00e9alis\u00e9s entre 1960 et 1966, et leurs cons\u00e9quences, ainsi que la pose des mines aux fronti\u00e8res\u00a0\u00bb, mais \u00e9galement \u00ab\u00a0l\u2019activit\u00e9 du comit\u00e9 mixte d\u2019experts scientifiques alg\u00e9riens et fran\u00e7ais charg\u00e9s d\u2019\u00e9tudier les restes humains de combattants alg\u00e9riens du XIXe si\u00e8cle conserv\u00e9s au Mus\u00e9um national d\u2019histoire naturelle\u00a0\u00bb.<\/p>\n<p>Autre chapitre, cependant tr\u00e8s sensible c\u00f4t\u00e9 alg\u00e9rien, est celui des harkis. Le rapport Stora envisage ainsi de \u00abvoir avec les autorit\u00e9s alg\u00e9riennes la possibilit\u00e9 de faciliter les d\u00e9placements des harkis et de leurs enfants entre la France et l\u2019Alg\u00e9rie\u00bb, mettre en place \u00ab\u00a0une commission mixte d\u2019historiens fran\u00e7ais et alg\u00e9riens pour faire la lumi\u00e8re sur les enl\u00e8vements et assassinats d\u2019Europ\u00e9ens \u00e0 Oran en juillet 1962 ; entendre la parole des t\u00e9moins de cette trag\u00e9die\u00a0\u00bb, et \u00abencourager la pr\u00e9servation des cimeti\u00e8res europ\u00e9ens en Alg\u00e9rie (travaux, entretiens, r\u00e9habilitations des tombes), ainsi que des cimeti\u00e8res juifs (comme ceux de Constantine et de Tlemcen)\u00a0\u00bb.<\/p>\n<p>Toujours c\u00f4t\u00e9 m\u00e9moire, \u00a0et \u00e0 l\u2019instar de \u00ab\u00a0la mesure instaur\u00e9e par le pr\u00e9sident de la R\u00e9publique visant \u00e0 donner \u00e0 des rues de communes fran\u00e7aises des noms de personnes issues de l\u2019immigration et de l\u2019outre-mer\u00a0\u00bb, le rapport envisage d\u2019 \u00abinscrire des noms de Fran\u00e7ais d\u2019origine europ\u00e9enne particuli\u00e8rement m\u00e9ritants, en particulier m\u00e9decins, artistes, enseignants, issus de territoires ant\u00e9rieurement plac\u00e9s sous la souverainet\u00e9 de la France\u00a0\u00bb, et \u00ab\u00a0activer le groupe de travail conjoint sur les archives, constitu\u00e9 en 2013 \u00e0 la suite de la visite du pr\u00e9sident Hollande en 2012\u00a0\u00bb, et qui \u00abdevra faire le point sur l\u2019inventaire des archives emmen\u00e9es par la France et laiss\u00e9es par la France en Alg\u00e9rie\u00a0\u00bb.<\/p>\n<p>\u00a0C\u00f4t\u00e9 coop\u00e9ration universitaire, et en attendant \u00ab\u00a0le r\u00e8glement de la domiciliation des archives\u00a0\u00bb, la France pourrait \u00ab\u00a0donner chaque ann\u00e9e \u00e0 dix chercheurs, inscrits en th\u00e8se sur l\u2019histoire de l\u2019Alg\u00e9rie coloniale et la guerre d\u2019ind\u00e9pendance dans un \u00e9tablissement universitaire alg\u00e9rien, la possibilit\u00e9 d\u2019effectuer des recherches dans les fonds d\u2019archive en France\u00bb.<\/p>\n<p>En parall\u00e8le, note le rapport, \u00ab\u00a0des \u00e9tudiants fran\u00e7ais, dans un nombre qui reste \u00e0 discuter avec les autorit\u00e9s alg\u00e9riennes, devraient pouvoir b\u00e9n\u00e9ficier d\u2019un visa \u00e0 entr\u00e9es multiples et d\u2019un acc\u00e8s facilit\u00e9 aux archives alg\u00e9riennes concernant la m\u00eame p\u00e9riode\u00bb.<\/p>\n<p>L\u2019historien recommande, dans le m\u00eame sens, de \u00abfavoriser la diffusion des travaux des historiens par la cr\u00e9ation d\u2019une collection \u2018\u2019franco-alg\u00e9rienne\u2019\u2019 dans une grande maison d\u2019\u00e9dition\u00a0\u00bb, cr\u00e9er \u00ab\u00a0un fonds permettant la traduction du fran\u00e7ais vers l\u2019arabe et de l\u2019arabe vers le fran\u00e7ais d\u2019\u0153uvres litt\u00e9raires et \u00e0 caract\u00e8re historique (ce fonds pourra \u00e9galement prendre en charge les \u00e9crits de langue berb\u00e8re)\u00a0\u00bb, et \u00abaccorder dans les programmes scolaires plus de place \u00e0 l\u2019histoire de la France en Alg\u00e9rie.<\/p>\n<p>\u00ab\u00a0A c\u00f4t\u00e9 d\u2019une avanc\u00e9e r\u00e9cente \u2013 ne plus traiter de la guerre sans parler de la colonisation \u2013, il convient de g\u00e9n\u00e9raliser cet enseignement \u00e0 l\u2019ensemble des \u00e9l\u00e8ves (y compris dans les lyc\u00e9es professionnels)\u00a0\u00bb, souligne le rapport.\u00a0<\/p>\n<p>Par ailleurs, Stora sugg\u00e8re d\u2019 \u00aballer vers la mise en place d\u2019un office franco-alg\u00e9rien de la jeunesse, charg\u00e9 principalement d\u2019impulser les \u0153uvres de jeunes cr\u00e9ateurs (\u0153uvres d\u2019animation, courts-m\u00e9trages de fiction, cr\u00e9ation de plate-forme num\u00e9rique pour le son et l\u2019image)\u00a0\u00bb, r\u00e9activer \u00ab\u00a0le projet de mus\u00e9e de l\u2019histoire de la France et de l\u2019Alg\u00e9rie, pr\u00e9vu \u00e0 Montpellier et abandonn\u00e9 en 2014\u00a0\u00bb, organise en 2021 \u00ab\u00a0un colloque international d\u00e9di\u00e9 au refus de la guerre d\u2019Alg\u00e9rie par certaines grandes personnalit\u00e9s comme Fran\u00e7ois Mauriac, Raymond Aron, Jean-Paul Sartre, Andr\u00e9 Mandouze et Paul Ric\u0153ur\u00a0\u00bb, et une exposition ou un colloque sur les ind\u00e9pendances africaines au Mus\u00e9e national de l\u2019histoire de l\u2019immigration.<\/p>\n<p>Enfin, le rapport pr\u00e9voit \u00ab\u00a0l\u2019entr\u00e9e au Panth\u00e9on de Gis\u00e8le Halimi, grande figure de l\u2019opposition \u00e0 la guerre d\u2019Alg\u00e9rie\u00a0\u00bb, et la cr\u00e9ation d\u2019 \u00ab une commission franco-alg\u00e9rienne d\u2019historiens charg\u00e9e d\u2019\u00e9tablir l\u2019historique du canon \u2018\u2019Baba Merzoug\u2019\u2019 \u00bb et de \u00ab\u00a0formuler des propositions partag\u00e9es quant \u00e0 son avenir, respectueuses de la charge m\u00e9morielle qu\u2019il porte des deux c\u00f4t\u00e9s de la M\u00e9diterran\u00e9e\u00a0\u00bb.<\/p>\n<p class=\"c6\"><strong>R\u00e9daction Web<\/strong><\/p>\n<\/div>\n<p>Auteur:<br \/>\n<a href=\"https:\/\/www.liberte-algerie.com\/actualite\/stora-emet-22-recommandations-dont-le-retour-des-harkis-352766\">Cliquez ici pour lire l&rsquo;article depuis sa source.<\/a><\/p>\n","protected":false},"excerpt":{"rendered":"<p>Le rapport \u00a0sur la colonisation et la guerre d&rsquo;Alg\u00e9rie, remis ce mercredi 20 janvier par l\u2019historien Benjamin au pr\u00e9sident fran\u00e7ais Emmanuel Macron, recommande la mise en place d\u2019une commission \u00ab M\u00e9moire et V\u00e9rit\u00e9 \u00bb charg\u00e9e d\u2019impulser des initiatives m\u00e9morielles communes entre la France et l\u2019Alg\u00e9rie, selon le quotidien Le Monde, qui\u00a0 a r\u00e9v\u00e9l\u00e9 les 22 [&hellip;]<\/p>\n","protected":false},"author":1742,"featured_media":0,"comment_status":"closed","ping_status":"closed","sticky":false,"template":"","format":"standard","meta":{"fifu_image_url":"","fifu_image_alt":"","footnotes":""},"categories":[73,53],"tags":[],"class_list":["post-109644","post","type-post","status-publish","format-standard","hentry","category-actualite","category-algerie"],"_links":{"self":[{"href":"https:\/\/linitiative.ca\/International\/wp-json\/wp\/v2\/posts\/109644","targetHints":{"allow":["GET"]}}],"collection":[{"href":"https:\/\/linitiative.ca\/International\/wp-json\/wp\/v2\/posts"}],"about":[{"href":"https:\/\/linitiative.ca\/International\/wp-json\/wp\/v2\/types\/post"}],"author":[{"embeddable":true,"href":"https:\/\/linitiative.ca\/International\/wp-json\/wp\/v2\/users\/1742"}],"replies":[{"embeddable":true,"href":"https:\/\/linitiative.ca\/International\/wp-json\/wp\/v2\/comments?post=109644"}],"version-history":[{"count":0,"href":"https:\/\/linitiative.ca\/International\/wp-json\/wp\/v2\/posts\/109644\/revisions"}],"wp:attachment":[{"href":"https:\/\/linitiative.ca\/International\/wp-json\/wp\/v2\/media?parent=109644"}],"wp:term":[{"taxonomy":"category","embeddable":true,"href":"https:\/\/linitiative.ca\/International\/wp-json\/wp\/v2\/categories?post=109644"},{"taxonomy":"post_tag","embeddable":true,"href":"https:\/\/linitiative.ca\/International\/wp-json\/wp\/v2\/tags?post=109644"}],"curies":[{"name":"wp","href":"https:\/\/api.w.org\/{rel}","templated":true}]}}