{"id":109645,"date":"2021-01-19T18:06:17","date_gmt":"2021-01-19T23:06:17","guid":{"rendered":"https:\/\/linitiative.ca\/International\/aeroport-baisse-de-plus-de-76-du-trafic-aerien-en-2020\/"},"modified":"2021-01-19T18:06:17","modified_gmt":"2021-01-19T23:06:17","slug":"aeroport-baisse-de-plus-de-76-du-trafic-aerien-en-2020","status":"publish","type":"post","link":"https:\/\/linitiative.ca\/International\/aeroport-baisse-de-plus-de-76-du-trafic-aerien-en-2020\/","title":{"rendered":"A\u00e9roport: Baisse de plus de 76 % du trafic a\u00e9rien en 2020"},"content":{"rendered":"<div readability=\"36\">\n<p>Marrakech \u2013 Le nombre de passagers ayant transit\u00e9 via l\u2019a\u00e9roport international Marrakech-Menara, a enregistr\u00e9 durant les douze mois de l\u2019ann\u00e9e 2020 une baisse de 76,42% par rapport \u00e0 la m\u00eame p\u00e9riode de l\u2019ann\u00e9e 2019.<\/p>\n<\/div>\n<div readability=\"79\">\n<p>Ainsi cette infrastructure a\u00e9roportuaire a accueilli \u00e0 fin d\u00e9cembre dernier, quelque 1.508.780 passagers contre 6.399.145 voyageurs durant les douze mois de 2019, selon les derni\u00e8res statistiques fournies par l\u2019Office National des A\u00e9roports (ONDA).<\/p>\n<p>Pour le seul mois de d\u00e9cembre dernier, l\u2019a\u00e9roport international Marrakech Menara a accus\u00e9 une r\u00e9gression de l\u2019ordre de 87,83%, avec 63.891 passagers contre 525.179 pour la m\u00eame p\u00e9riode de l\u2019ann\u00e9e pr\u00e9c\u00e9dente, tient \u00e0 pr\u00e9ciser la m\u00eame source.<\/p>\n<p>Cet a\u00e9roport a occup\u00e9, durant le mois de d\u00e9cembre 2020, la 2\u00e8 place au niveau national en termes de trafic mouvements d\u2019avions, avec une part de 9,62 % derri\u00e8re l\u2019a\u00e9roport international Mohammed V ( 49,67%) et devant l\u2019a\u00e9roport international Agadir Al Massira (6,10%).<\/p>\n<p>Au niveau des Top 5 des routes a\u00e9riennes internationales en d\u00e9cembre dernier, Marrakech\/Paris-Orly a occup\u00e9 la 2\u00e8 place avec une part de 3,73% et 18.843 voyageurs, derri\u00e8re Mohammed V\/Paris-Orly (6,42% et 32.409 passagers) et devant Mohammed V\/Paris-CDG (2,62% et 13.233 passagers), explique-t-on de m\u00eame source.<\/p>\n<p>Le trafic a\u00e9rien enregistr\u00e9 au niveau des a\u00e9roports nationaux durant l\u2019ann\u00e9e 2020, a connu une baisse de l\u2019ordre de 71,48% par rapport \u00e0 la m\u00eame p\u00e9riode de l\u2019ann\u00e9e 2019, en accueillant 7.150.277 passagers contre 25.075.095 passagers enregistr\u00e9s en 2019.<\/p>\n<p>En d\u00e9cembre 2020, les a\u00e9roports du Royaume ont accueilli un total de 622.934 passagers contre 2.038.856 passagers en d\u00e9cembre 2019, en r\u00e9gression de 69,45%, conclut la m\u00eame source.<\/p>\n<\/div>\n<p>Auteur: Meriem IGASS<br \/>\n<a href=\"http:\/\/www.mapmarrakech.ma\/fr\/aeroport-baisse-de-plus-de-76-du-trafic-aerien-en-2020\/\">Cliquez ici pour lire l&rsquo;article depuis sa source.<\/a><\/p>\n","protected":false},"excerpt":{"rendered":"<p>Marrakech \u2013 Le nombre de passagers ayant transit\u00e9 via l\u2019a\u00e9roport international Marrakech-Menara, a enregistr\u00e9 durant les douze mois de l\u2019ann\u00e9e 2020 une baisse de 76,42% par rapport \u00e0 la m\u00eame p\u00e9riode de l\u2019ann\u00e9e 2019. Ainsi cette infrastructure a\u00e9roportuaire a accueilli \u00e0 fin d\u00e9cembre dernier, quelque 1.508.780 passagers contre 6.399.145 voyageurs durant les douze mois de [&hellip;]<\/p>\n","protected":false},"author":1788,"featured_media":0,"comment_status":"closed","ping_status":"closed","sticky":false,"template":"","format":"standard","meta":{"fifu_image_url":"","fifu_image_alt":"","footnotes":""},"categories":[54,76],"tags":[],"class_list":["post-109645","post","type-post","status-publish","format-standard","hentry","category-maroc","category-regions"],"_links":{"self":[{"href":"https:\/\/linitiative.ca\/International\/wp-json\/wp\/v2\/posts\/109645","targetHints":{"allow":["GET"]}}],"collection":[{"href":"https:\/\/linitiative.ca\/International\/wp-json\/wp\/v2\/posts"}],"about":[{"href":"https:\/\/linitiative.ca\/International\/wp-json\/wp\/v2\/types\/post"}],"author":[{"embeddable":true,"href":"https:\/\/linitiative.ca\/International\/wp-json\/wp\/v2\/users\/1788"}],"replies":[{"embeddable":true,"href":"https:\/\/linitiative.ca\/International\/wp-json\/wp\/v2\/comments?post=109645"}],"version-history":[{"count":0,"href":"https:\/\/linitiative.ca\/International\/wp-json\/wp\/v2\/posts\/109645\/revisions"}],"wp:attachment":[{"href":"https:\/\/linitiative.ca\/International\/wp-json\/wp\/v2\/media?parent=109645"}],"wp:term":[{"taxonomy":"category","embeddable":true,"href":"https:\/\/linitiative.ca\/International\/wp-json\/wp\/v2\/categories?post=109645"},{"taxonomy":"post_tag","embeddable":true,"href":"https:\/\/linitiative.ca\/International\/wp-json\/wp\/v2\/tags?post=109645"}],"curies":[{"name":"wp","href":"https:\/\/api.w.org\/{rel}","templated":true}]}}