{"id":109646,"date":"2021-01-19T18:30:53","date_gmt":"2021-01-19T23:30:53","guid":{"rendered":"https:\/\/linitiative.ca\/International\/hausse-de-38-du-trafic-commercial-dans-les-ports-de-safi-en-2020\/"},"modified":"2021-01-19T18:30:53","modified_gmt":"2021-01-19T23:30:53","slug":"hausse-de-38-du-trafic-commercial-dans-les-ports-de-safi-en-2020","status":"publish","type":"post","link":"https:\/\/linitiative.ca\/International\/hausse-de-38-du-trafic-commercial-dans-les-ports-de-safi-en-2020\/","title":{"rendered":"Hausse de 38% du trafic commercial dans les ports de Safi en 2020"},"content":{"rendered":"<div readability=\"37\">\n<p>Safi \u2013 Le trafic commercial dans les ports de Safi a atteint durant les douze mois de 2020, un volume d\u2019environ 8,8 millions de tonnes (MT), soit une hausse de 38% par rapport \u00e0 la m\u00eame p\u00e9riode de l\u2019ann\u00e9e 2019.<\/p>\n<\/div>\n<div readability=\"73\">\n<p>Cette progression est imputable notamment au fort rebond des importations du charbon (+ 370,2%) et des c\u00e9r\u00e9ales (113,3%), ainsi que des exportations des phosphates (+135,3%) et du gypse (+24,1%), selon une note de synth\u00e8se de l\u2019Agence national des ports (ANP).<\/p>\n<p>La r\u00e9partition du trafic par port fait ressortir que les ports de Safi arrivent en 3\u00e8me position avec une part de 9,5% derri\u00e8re le port de Jorf Lasfar (40,1%) et le port de Casablanca (32,8%) et devant le port d\u2019Agadir (6,5%), le port de Mohammedia (4,8%), le port de Nador (3,5%) et le port de La\u00e2youne (2%), indique la m\u00eame source.<\/p>\n<p>En termes d\u2019importations des c\u00e9r\u00e9ales, le port de Safi a enregistr\u00e9 une hausse de 113,3%, derri\u00e8re le port de Nador (+156,1%) et devant le port d\u2019Agadir (+36,8%), Jorf Lasfar (+28,2%) et Casablanca (+25,9%).<\/p>\n<p>Au terme de l\u2019ann\u00e9e 2020, le trafic transitant par les ports g\u00e9r\u00e9s par l\u2019ANP a atteint un volume global de 92,5 millions de tonnes, marquant ainsi une hausse de 5,1%.<\/p>\n<\/div>\n<p>Auteur: Meriem IGASS<br \/>\n<a href=\"http:\/\/www.mapmarrakech.ma\/fr\/hausse-de-38-du-trafic-commercial-dans-les-ports-de-safi-en-2020\/\">Cliquez ici pour lire l&rsquo;article depuis sa source.<\/a><\/p>\n","protected":false},"excerpt":{"rendered":"<p>Safi \u2013 Le trafic commercial dans les ports de Safi a atteint durant les douze mois de 2020, un volume d\u2019environ 8,8 millions de tonnes (MT), soit une hausse de 38% par rapport \u00e0 la m\u00eame p\u00e9riode de l\u2019ann\u00e9e 2019. Cette progression est imputable notamment au fort rebond des importations du charbon (+ 370,2%) et [&hellip;]<\/p>\n","protected":false},"author":1788,"featured_media":0,"comment_status":"closed","ping_status":"closed","sticky":false,"template":"","format":"standard","meta":{"fifu_image_url":"","fifu_image_alt":"","footnotes":""},"categories":[54,76],"tags":[],"class_list":["post-109646","post","type-post","status-publish","format-standard","hentry","category-maroc","category-regions"],"_links":{"self":[{"href":"https:\/\/linitiative.ca\/International\/wp-json\/wp\/v2\/posts\/109646","targetHints":{"allow":["GET"]}}],"collection":[{"href":"https:\/\/linitiative.ca\/International\/wp-json\/wp\/v2\/posts"}],"about":[{"href":"https:\/\/linitiative.ca\/International\/wp-json\/wp\/v2\/types\/post"}],"author":[{"embeddable":true,"href":"https:\/\/linitiative.ca\/International\/wp-json\/wp\/v2\/users\/1788"}],"replies":[{"embeddable":true,"href":"https:\/\/linitiative.ca\/International\/wp-json\/wp\/v2\/comments?post=109646"}],"version-history":[{"count":0,"href":"https:\/\/linitiative.ca\/International\/wp-json\/wp\/v2\/posts\/109646\/revisions"}],"wp:attachment":[{"href":"https:\/\/linitiative.ca\/International\/wp-json\/wp\/v2\/media?parent=109646"}],"wp:term":[{"taxonomy":"category","embeddable":true,"href":"https:\/\/linitiative.ca\/International\/wp-json\/wp\/v2\/categories?post=109646"},{"taxonomy":"post_tag","embeddable":true,"href":"https:\/\/linitiative.ca\/International\/wp-json\/wp\/v2\/tags?post=109646"}],"curies":[{"name":"wp","href":"https:\/\/api.w.org\/{rel}","templated":true}]}}