{"id":109647,"date":"2021-01-20T05:42:57","date_gmt":"2021-01-20T10:42:57","guid":{"rendered":"https:\/\/linitiative.ca\/International\/installation-du-nouveau-directeur-provincial-a-youssoufia\/"},"modified":"2021-01-20T05:42:57","modified_gmt":"2021-01-20T10:42:57","slug":"installation-du-nouveau-directeur-provincial-a-youssoufia","status":"publish","type":"post","link":"https:\/\/linitiative.ca\/International\/installation-du-nouveau-directeur-provincial-a-youssoufia\/","title":{"rendered":"Installation du nouveau directeur provincial \u00e0 Youssoufia"},"content":{"rendered":"<div readability=\"36\">\n<p>Youssoufia \u2013 La c\u00e9r\u00e9monie d\u2019installation du nouveau directeur provincial de l\u2019Education nationale \u00e0 Youssoufia a eu lieu mardi et ce, en vue de donner une nouvelle impulsion \u00e0 la gestion de la chose \u00e9ducative \u00e0 l\u2019\u00e9chelle provinciale, dans la r\u00e9gion Marrakech-Safi.<\/p>\n<\/div>\n<div readability=\"85\">\n<p>Ainsi, le directeur de l\u2019Acad\u00e9mie R\u00e9gionale de l\u2019Education et de la Formation (AREF) de Marrakech-Safi, Moulay Ahmed Karimi, a proc\u00e9d\u00e9, au si\u00e8ge de la direction provinciale de l\u2019\u00e9ducation nationale \u00e0 Youssoufia, \u00e0 l\u2019installation de M. Youssef Ait Haddouche en tant que nouveau directeur provincial, succ\u00e9dant ainsi \u00e0 M. Mohamed Zaki, parti \u00e0 la retraite.<\/p>\n<p>A cette occasion, le directeur de l\u2019AREF a lou\u00e9 les efforts consentis par l\u2019ancien directeur en vue de promouvoir la situation de l\u2019\u00e9ducation et de la formation ainsi que le sens de responsabilit\u00e9 et l\u2019esprit d\u2019initiative qui ont jalonn\u00e9 sa carri\u00e8re professionnelle, tout en lui souhaitant pleins succ\u00e8s dans sa vie apr\u00e8s le d\u00e9part la retraite.<\/p>\n<p>M. Karimi, qui a mis en avant le parcours professionnel de M. Ait Haddouche, a f\u00e9licit\u00e9 le nouveau directeur pour la confiance plac\u00e9e en lui, apr\u00e8s avoir assur\u00e9 les m\u00eames fonctions \u00e0 Chichaoua et \u00e0 Al Haouz, tout en lui souhaitant pleine r\u00e9ussite dans sa nouvelle mission, pour mieux servir la promotion du syst\u00e8me \u00e9ducatif et de formation \u00e0 la faveur de ses expertises engrang\u00e9es et de ses comp\u00e9tences av\u00e9r\u00e9es.<\/p>\n<p>A l\u2019issue de ces c\u00e9r\u00e9monies, qui se sont d\u00e9roul\u00e9es dans le strict respect des mesures pr\u00e9ventives pour endiguer la propagation de la Covid-19, le directeur de l\u2019AREF de Marrakech-Safi a appel\u00e9 les chefs des services ainsi que tous les cadres et employ\u00e9s des directions provinciales de l\u2019\u00e9ducation nationale \u00e0 Marrakech et \u00e0 Youssoufia, \u00e0 davantage d\u2019engagement et de pers\u00e9v\u00e9rance afin de r\u00e9ussir la d\u00e9clinaison de la loi-cadre 51.17 et de contribuer au d\u00e9veloppement du syst\u00e8me d\u2019\u00e9ducation et de formation.<\/p>\n<p>Ce mouvement, men\u00e9 par le minist\u00e8re de l\u2019Education nationale, de la Formation professionnelle, de l\u2019Enseignement sup\u00e9rieur et de la Recherche scientifique, s\u2019inscrit dans le cadre des efforts visant \u00e0 mettre les structures de ce d\u00e9partement au diapason du d\u00e9coupage administratif et intervient dans le sillage de la mise en \u0153uvre des proc\u00e9dures juridiques et r\u00e9glementaires en mati\u00e8re de nomination aux postes de responsabilit\u00e9.<\/p>\n<p>Le minist\u00e8re envisage \u00e0 travers ce mouvement d\u2019insuffler une nouvelle dynamique au syst\u00e8me de pilotage et de gestion des questions d\u2019ordre p\u00e9dagogique au niveau r\u00e9gional, afin de faire face aux enjeux et d\u00e9fis auxquels est confront\u00e9 le syst\u00e8me \u00e9ducatif, dans le contexte de mise en \u0153uvre des projets strat\u00e9giques pour l\u2019application des dispositions de la loi-cadre 51.17, relative au syst\u00e8me d\u2019\u00e9ducation, de formation et de recherche scientifique.<\/p>\n<\/div>\n<p>Auteur: Meriem IGASS<br \/>\n<a href=\"http:\/\/www.mapmarrakech.ma\/fr\/installation-du-nouveau-directeur-provincial-a-youssoufia\/\">Cliquez ici pour lire l&rsquo;article depuis sa source.<\/a><\/p>\n","protected":false},"excerpt":{"rendered":"<p>Youssoufia \u2013 La c\u00e9r\u00e9monie d\u2019installation du nouveau directeur provincial de l\u2019Education nationale \u00e0 Youssoufia a eu lieu mardi et ce, en vue de donner une nouvelle impulsion \u00e0 la gestion de la chose \u00e9ducative \u00e0 l\u2019\u00e9chelle provinciale, dans la r\u00e9gion Marrakech-Safi. Ainsi, le directeur de l\u2019Acad\u00e9mie R\u00e9gionale de l\u2019Education et de la Formation (AREF) de [&hellip;]<\/p>\n","protected":false},"author":1788,"featured_media":0,"comment_status":"closed","ping_status":"closed","sticky":false,"template":"","format":"standard","meta":{"fifu_image_url":"","fifu_image_alt":"","footnotes":""},"categories":[54,76],"tags":[],"class_list":["post-109647","post","type-post","status-publish","format-standard","hentry","category-maroc","category-regions"],"_links":{"self":[{"href":"https:\/\/linitiative.ca\/International\/wp-json\/wp\/v2\/posts\/109647","targetHints":{"allow":["GET"]}}],"collection":[{"href":"https:\/\/linitiative.ca\/International\/wp-json\/wp\/v2\/posts"}],"about":[{"href":"https:\/\/linitiative.ca\/International\/wp-json\/wp\/v2\/types\/post"}],"author":[{"embeddable":true,"href":"https:\/\/linitiative.ca\/International\/wp-json\/wp\/v2\/users\/1788"}],"replies":[{"embeddable":true,"href":"https:\/\/linitiative.ca\/International\/wp-json\/wp\/v2\/comments?post=109647"}],"version-history":[{"count":0,"href":"https:\/\/linitiative.ca\/International\/wp-json\/wp\/v2\/posts\/109647\/revisions"}],"wp:attachment":[{"href":"https:\/\/linitiative.ca\/International\/wp-json\/wp\/v2\/media?parent=109647"}],"wp:term":[{"taxonomy":"category","embeddable":true,"href":"https:\/\/linitiative.ca\/International\/wp-json\/wp\/v2\/categories?post=109647"},{"taxonomy":"post_tag","embeddable":true,"href":"https:\/\/linitiative.ca\/International\/wp-json\/wp\/v2\/tags?post=109647"}],"curies":[{"name":"wp","href":"https:\/\/api.w.org\/{rel}","templated":true}]}}