{"id":109648,"date":"2021-01-20T06:01:39","date_gmt":"2021-01-20T11:01:39","guid":{"rendered":"https:\/\/linitiative.ca\/International\/installation-du-nouveau-directeur-provincial-a-marrakech\/"},"modified":"2021-01-20T06:01:39","modified_gmt":"2021-01-20T11:01:39","slug":"installation-du-nouveau-directeur-provincial-a-marrakech","status":"publish","type":"post","link":"https:\/\/linitiative.ca\/International\/installation-du-nouveau-directeur-provincial-a-marrakech\/","title":{"rendered":"Installation du nouveau directeur provincial \u00e0 Marrakech"},"content":{"rendered":"<div readability=\"36\">\n<p>Marrakech \u2013 La c\u00e9r\u00e9monie d\u2019installation du nouveau directeur provincial de l\u2019Education nationale \u00e0 Marrakech a eu lieu mardi et ce, en vue de donner une nouvelle impulsion \u00e0 la gestion de la chose \u00e9ducative \u00e0 l\u2019\u00e9chelle provinciale, dans la r\u00e9gion Marrakech-Safi.<\/p>\n<\/div>\n<div readability=\"69\">\n<p>Le directeur de l\u2019Acad\u00e9mie R\u00e9gionale de l\u2019Education et de la Formation (AREF) de Marrakech-Safi, Moulay Ahmed Karimi, a ainsi proc\u00e9d\u00e9, au si\u00e8ge de la direction provinciale de l\u2019\u00e9ducation nationale \u00e0 Marrakech, \u00e0 l\u2019installation de M. Mohamed Zarrouki en tant que nouveau directeur provincial, en remplacement de M. Mohamed Belkorchi, pr\u00e9cise un communiqu\u00e9 de l\u2019AREF.<\/p>\n<p>Dans un mot de circonstance, M. Karimi a salu\u00e9 les efforts de M. Belkorchi, rappelant les r\u00e9alisations qu\u2019il a accomplies dans divers domaines \u00e0 la t\u00eate de la direction provinciale de l\u2019\u00e9ducation nationale dans la cit\u00e9 ocre.<\/p>\n<p>Il a aussi indiqu\u00e9 que la nouvelle mission de M. Belkorchi en tant que chef de la division des affaires p\u00e9dagogiques \u00e0 l\u2019AREF de Marrakech-Safi exige de lui davantage d\u2019efforts au service du syst\u00e8me \u00e9ducatif.<\/p>\n<p>Apr\u00e8s avoir donn\u00e9 un aper\u00e7u sur la carri\u00e8re professionnelle de M. Zarrouki, nomm\u00e9 \u00e0 la t\u00eate de la direction provinciale de l\u2019\u00e9ducation nationale de Marrakech, M. Karimi a f\u00e9licit\u00e9 le nouveau responsable pour le renouvellement de la confiance plac\u00e9e en lui par le minist\u00e8re, apr\u00e8s avoir assum\u00e9 le m\u00eame poste \u00e0 Jerada, Oujda-Angad et \u00e0 Settat.<\/p>\n<p>Il a, \u00e0 ce propos, exprim\u00e9 ses v\u0153ux de plein succ\u00e8s pour le nouveau directeur provincial dans ses nouvelles fonctions qui lui permettront de mettre \u00e0 contribution, sans nul doute, toutes les expertises qu\u2019il a accumul\u00e9es et les comp\u00e9tences dont il dispose afin de contribuer \u00e0 l\u2019am\u00e9lioration du syst\u00e8me de l\u2019\u00e9ducation et de la formation.<\/p>\n<\/div>\n<p>Auteur: Meriem IGASS<br \/>\n<a href=\"http:\/\/www.mapmarrakech.ma\/fr\/installation-du-nouveau-directeur-provincial-a-marrakech\/\">Cliquez ici pour lire l&rsquo;article depuis sa source.<\/a><\/p>\n","protected":false},"excerpt":{"rendered":"<p>Marrakech \u2013 La c\u00e9r\u00e9monie d\u2019installation du nouveau directeur provincial de l\u2019Education nationale \u00e0 Marrakech a eu lieu mardi et ce, en vue de donner une nouvelle impulsion \u00e0 la gestion de la chose \u00e9ducative \u00e0 l\u2019\u00e9chelle provinciale, dans la r\u00e9gion Marrakech-Safi. Le directeur de l\u2019Acad\u00e9mie R\u00e9gionale de l\u2019Education et de la Formation (AREF) de Marrakech-Safi, [&hellip;]<\/p>\n","protected":false},"author":1788,"featured_media":0,"comment_status":"closed","ping_status":"closed","sticky":false,"template":"","format":"standard","meta":{"fifu_image_url":"","fifu_image_alt":"","footnotes":""},"categories":[54,76],"tags":[],"class_list":["post-109648","post","type-post","status-publish","format-standard","hentry","category-maroc","category-regions"],"_links":{"self":[{"href":"https:\/\/linitiative.ca\/International\/wp-json\/wp\/v2\/posts\/109648","targetHints":{"allow":["GET"]}}],"collection":[{"href":"https:\/\/linitiative.ca\/International\/wp-json\/wp\/v2\/posts"}],"about":[{"href":"https:\/\/linitiative.ca\/International\/wp-json\/wp\/v2\/types\/post"}],"author":[{"embeddable":true,"href":"https:\/\/linitiative.ca\/International\/wp-json\/wp\/v2\/users\/1788"}],"replies":[{"embeddable":true,"href":"https:\/\/linitiative.ca\/International\/wp-json\/wp\/v2\/comments?post=109648"}],"version-history":[{"count":0,"href":"https:\/\/linitiative.ca\/International\/wp-json\/wp\/v2\/posts\/109648\/revisions"}],"wp:attachment":[{"href":"https:\/\/linitiative.ca\/International\/wp-json\/wp\/v2\/media?parent=109648"}],"wp:term":[{"taxonomy":"category","embeddable":true,"href":"https:\/\/linitiative.ca\/International\/wp-json\/wp\/v2\/categories?post=109648"},{"taxonomy":"post_tag","embeddable":true,"href":"https:\/\/linitiative.ca\/International\/wp-json\/wp\/v2\/tags?post=109648"}],"curies":[{"name":"wp","href":"https:\/\/api.w.org\/{rel}","templated":true}]}}