{"id":109649,"date":"2021-01-20T07:16:57","date_gmt":"2021-01-20T12:16:57","guid":{"rendered":"https:\/\/linitiative.ca\/International\/le-cpdh-tient-sa-premiere-reunion-au-titre-de-lannee-2021\/"},"modified":"2021-01-20T07:16:57","modified_gmt":"2021-01-20T12:16:57","slug":"le-cpdh-tient-sa-premiere-reunion-au-titre-de-lannee-2021","status":"publish","type":"post","link":"https:\/\/linitiative.ca\/International\/le-cpdh-tient-sa-premiere-reunion-au-titre-de-lannee-2021\/","title":{"rendered":"Le CPDH tient sa premi\u00e8re r\u00e9union au titre de l\u2019ann\u00e9e 2021"},"content":{"rendered":"<div readability=\"38\">\n<p>Essaouira \u2013 Le Comit\u00e9 Provincial du D\u00e9veloppement Humain (CPDH) d\u2019Essaouira a tenu, mardi au si\u00e8ge de la pr\u00e9fecture, sa premi\u00e8re r\u00e9union au titre de l\u2019ann\u00e9e 2021, sous la pr\u00e9sidence du gouverneur de la province, Adil El Maliki.<\/p>\n<\/div>\n<div readability=\"130\">\n<p>Intervenant \u00e0 l\u2019ouverture de cette r\u00e9union, qui s\u2019est d\u00e9roul\u00e9e en pr\u00e9sence des membres dudit Comit\u00e9 et des agents d\u2019autorit\u00e9, M. El Maliki, a mis en exergue la grande port\u00e9e des programmes de la phase III de l\u2019Initiative Nationale pour le D\u00e9veloppement Humain (INDH), soulignant que ce projet soci\u00e9tal Royal a contribu\u00e9 \u00e0 l\u2019am\u00e9lioration de l\u2019Indice du D\u00e9veloppement Humain (IDH) dans le Royaume durant les derni\u00e8res ann\u00e9es, \u00e0 m\u00eame de permettre au Maroc de figurer parmi les Etats ayant enregistr\u00e9 des progr\u00e8s au niveau de cet Indice.<\/p>\n<p>Il a, dans ce sens, insist\u00e9 sur l\u2019importance, au cours de cette troisi\u00e8me phase, de f\u00e9d\u00e9rer davantage les \u00e9nergies en vue de la r\u00e9duction des disparit\u00e9s territoriales et spatiales entre les diff\u00e9rentes communes relevant de la province, ajoutant que des efforts consid\u00e9rables ont \u00e9t\u00e9 consentis en mati\u00e8re de lutte contre les disparit\u00e9s et la pr\u00e9carit\u00e9 dans le cadre de ce chantier Royal, mais qui doivent \u00eatre renforc\u00e9s et intensifi\u00e9s pour atteindre les objectifs escompt\u00e9s et am\u00e9liorer encore davantage le rang du Maroc au niveau de l\u2019IDH.<\/p>\n<p>Le gouverneur a \u00e9galement mis en avant l\u2019importance du principe de la s\u00e9lectivit\u00e9 dans le choix des projets \u00e0 r\u00e9aliser, affirmant que ce choix doit \u00eatre fond\u00e9 sur des crit\u00e8res objectifs et une m\u00e9thodologie bien pr\u00e9cise, tout en prenant en consid\u00e9ration la satisfaction des besoins pressants des populations (eau potable, sant\u00e9, \u00e9ducation\u2026).<\/p>\n<p>Il a aussi mis l\u2019accent sur l\u2019efficacit\u00e9 des projets retenus pour la lutte contre la pr\u00e9carit\u00e9 et la r\u00e9duction des disparit\u00e9s territoriales et spatiales et ce, \u00e0 travers la s\u00e9lection et la r\u00e9alisation de projets efficaces et efficients qui auront des retomb\u00e9es significatives sur les conditions de vie des populations et des cat\u00e9gories cibl\u00e9es, tout en appelant l\u2019ensemble des intervenants et acteurs concern\u00e9s \u00e0 \u0153uvrer sans rel\u00e2che pour atteindre les r\u00e9sultats souhait\u00e9s dans le cadre des programmes de la 3\u00e8me phase de l\u2019INDH.<\/p>\n<p>Par la suite, le chef de la Division de l\u2019Action Sociale (DAS), M. Abdessamad Khairi, a pr\u00e9sent\u00e9 un expos\u00e9 exhaustif qui comprend notamment l\u2019examen et l\u2019adoption des propositions du Comit\u00e9 Provincial du D\u00e9veloppement Economique (CPDE), du Programme d\u2019Action 2021 relatif au programme de rattrapage des d\u00e9ficits en infrastructures et services sociaux de base, ainsi que des suggestions des Comit\u00e9s locaux portant sur les programmes d\u2019accompagnement des personnes en situation de pr\u00e9carit\u00e9, d\u2019am\u00e9lioration du revenu et d\u2019inclusion \u00e9conomique des jeunes et d\u2019impulsion du capital humain des g\u00e9n\u00e9rations montantes.<\/p>\n<p>A cette occasion, il a expliqu\u00e9 que le plan d\u2019action 2021 concerne le programme de r\u00e9duction des disparit\u00e9s territoriales et sociales en milieu rural dans la province d\u2019Essaouira, avec un total de 26 projets d\u2019un investissement de 67.500.000 DH, qui vont b\u00e9n\u00e9ficier \u00e0 39.252 personnes.<\/p>\n<p>Il porte aussi sur le programme d\u2019accompagnement des personnes en situation de pr\u00e9carit\u00e9 avec 12 projets, d\u2019un co\u00fbt global de 3.256.000 DH, r\u00e9partis sur 7 communes (7.484 b\u00e9n\u00e9ficiaires), le programme d\u2019am\u00e9lioration du revenu et d\u2019inclusion \u00e9conomique des jeunes, avec 31 projets (26 projets de jeunes et 5 autres d\u00e9di\u00e9s \u00e0 la valorisation des fili\u00e8res de production), qui n\u00e9cessiteront une enveloppe budg\u00e9taire de l\u2019ordre de 6.605.668 DH (44 b\u00e9n\u00e9ficiaires), ainsi que sur le programme d\u2019impulsion du capital humain des g\u00e9n\u00e9rations montantes, avec un total de 35 projets d\u2019une valeur de 12.409.298 DH (4.207 b\u00e9n\u00e9ficiaires).<\/p>\n<p>Cette r\u00e9union, qui s\u2019est d\u00e9roul\u00e9e dans le strict respect des mesures pr\u00e9ventives pour enrayer la propagation de la pand\u00e9mie de la Covid-19, a \u00e9t\u00e9 ponctu\u00e9e de t\u00e9moignages de jeunes porteurs de projets b\u00e9n\u00e9ficiaires du programme d\u2019am\u00e9lioration du revenu et d\u2019inclusion \u00e9conomique des jeunes.<\/p>\n<p>Elle a \u00e9t\u00e9 marqu\u00e9e, en outre, par la pr\u00e9sentation des r\u00e9alisations du programme de r\u00e9duction des disparit\u00e9s territoriales et sociales en milieu rural au niveau de la province d\u2019Essaouira pour la p\u00e9riode \u00ab\u00a02017-2020\u00a0\u00bb, qui a couvert l\u2019ensemble des communes relevant du ressort territorial de la province, \u00e0 travers 151 projets, d\u2019une valeur globale estim\u00e9e \u00e0 572.862.224 DH, qui ont b\u00e9n\u00e9fici\u00e9 \u00e0 525.429 personnes.<\/p>\n<p>S\u2019agissant de l\u2019enseignement pr\u00e9scolaire, il a \u00e9t\u00e9 soulign\u00e9, lors de cette r\u00e9union du CPDH, que 40 unit\u00e9s ont \u00e9t\u00e9 r\u00e9alis\u00e9es en 2019 et 82 autres en 2020, soit un total de 122 unit\u00e9s dont ont b\u00e9n\u00e9fici\u00e9 1.700 enfants et ayant g\u00e9n\u00e9r\u00e9 122 postes d\u2019emploi au profit des dipl\u00f4m\u00e9s.<\/p>\n<p>Il a \u00e9t\u00e9, par ailleurs, proc\u00e9d\u00e9 \u00e0 la programmation de 135 unit\u00e9s d\u00e9di\u00e9es \u00e0 l\u2019enseignement pr\u00e9scolaire au titre de l\u2019ann\u00e9e 2021, qui b\u00e9n\u00e9ficieront \u00e0 3.020 enfants et permettront la cr\u00e9ation de 135 postes d\u2019emploi.<\/p>\n<\/div>\n<p>Auteur: Meriem IGASS<br \/>\n<a href=\"http:\/\/www.mapmarrakech.ma\/fr\/le-cpdh-tient-sa-premiere-reunion-au-titre-de-lannee-2021\/\">Cliquez ici pour lire l&rsquo;article depuis sa source.<\/a><\/p>\n","protected":false},"excerpt":{"rendered":"<p>Essaouira \u2013 Le Comit\u00e9 Provincial du D\u00e9veloppement Humain (CPDH) d\u2019Essaouira a tenu, mardi au si\u00e8ge de la pr\u00e9fecture, sa premi\u00e8re r\u00e9union au titre de l\u2019ann\u00e9e 2021, sous la pr\u00e9sidence du gouverneur de la province, Adil El Maliki. Intervenant \u00e0 l\u2019ouverture de cette r\u00e9union, qui s\u2019est d\u00e9roul\u00e9e en pr\u00e9sence des membres dudit Comit\u00e9 et des agents [&hellip;]<\/p>\n","protected":false},"author":1788,"featured_media":0,"comment_status":"closed","ping_status":"closed","sticky":false,"template":"","format":"standard","meta":{"fifu_image_url":"","fifu_image_alt":"","footnotes":""},"categories":[54,76],"tags":[],"class_list":["post-109649","post","type-post","status-publish","format-standard","hentry","category-maroc","category-regions"],"_links":{"self":[{"href":"https:\/\/linitiative.ca\/International\/wp-json\/wp\/v2\/posts\/109649","targetHints":{"allow":["GET"]}}],"collection":[{"href":"https:\/\/linitiative.ca\/International\/wp-json\/wp\/v2\/posts"}],"about":[{"href":"https:\/\/linitiative.ca\/International\/wp-json\/wp\/v2\/types\/post"}],"author":[{"embeddable":true,"href":"https:\/\/linitiative.ca\/International\/wp-json\/wp\/v2\/users\/1788"}],"replies":[{"embeddable":true,"href":"https:\/\/linitiative.ca\/International\/wp-json\/wp\/v2\/comments?post=109649"}],"version-history":[{"count":0,"href":"https:\/\/linitiative.ca\/International\/wp-json\/wp\/v2\/posts\/109649\/revisions"}],"wp:attachment":[{"href":"https:\/\/linitiative.ca\/International\/wp-json\/wp\/v2\/media?parent=109649"}],"wp:term":[{"taxonomy":"category","embeddable":true,"href":"https:\/\/linitiative.ca\/International\/wp-json\/wp\/v2\/categories?post=109649"},{"taxonomy":"post_tag","embeddable":true,"href":"https:\/\/linitiative.ca\/International\/wp-json\/wp\/v2\/tags?post=109649"}],"curies":[{"name":"wp","href":"https:\/\/api.w.org\/{rel}","templated":true}]}}