{"id":109651,"date":"2021-01-20T15:14:14","date_gmt":"2021-01-20T20:14:14","guid":{"rendered":"https:\/\/linitiative.ca\/International\/pros-mandi-dans-le-viseur-de-la-real-sociedad\/"},"modified":"2021-01-20T15:14:14","modified_gmt":"2021-01-20T20:14:14","slug":"pros-mandi-dans-le-viseur-de-la-real-sociedad","status":"publish","type":"post","link":"https:\/\/linitiative.ca\/International\/pros-mandi-dans-le-viseur-de-la-real-sociedad\/","title":{"rendered":"Pros : Mandi dans le viseur de la Real Sociedad"},"content":{"rendered":"<div readability=\"32\">\n<p>Auteur : <span>Riad O.<\/span> <span class=\"time\">mercredi 20 janvier 2021 18:32<\/span><\/p>\n<\/div>\n<div id=\"post_core\" readability=\"40\">\n<p>A en croire le m\u00e9dia espagnol, El Gol Digital, la direction de la Real Sociedad souhaite renforcer les rangs de son \u00e9quipe de nouveaux joueurs l\u2019\u00e9t\u00e9 prochain. Parmi les joueurs qui suscitent l\u2019int\u00e9r\u00eat de la direction du club, on retrouve le d\u00e9fenseur, Aissa Mandi.<\/p>\n<p><u><strong>Riad O.<\/strong><\/u><\/p>\n<p><strong>Publi\u00e9 dans :<\/strong> <span>Mandi<\/span> <span>Real Sociedad<\/span><\/p>\n<\/div>\n<p>Auteur:<br \/>\n<a href=\"http:\/\/www.lebuteur.com\/article\/detail?titre=mandi-dans-le-viseur-de-la-real-sociedad&#038;id=98788&#038;utm_source=feedburner&#038;utm_medium=feed&#038;utm_campaign=Feed%3A+GalerieFArtciles+%28Les+derniers+articles++-+lebuteur.com%29\">Cliquez ici pour lire l&rsquo;article depuis sa source.<\/a><\/p>\n","protected":false},"excerpt":{"rendered":"<p>Auteur : Riad O. mercredi 20 janvier 2021 18:32 A en croire le m\u00e9dia espagnol, El Gol Digital, la direction de la Real Sociedad souhaite renforcer les rangs de son \u00e9quipe de nouveaux joueurs l\u2019\u00e9t\u00e9 prochain. Parmi les joueurs qui suscitent l\u2019int\u00e9r\u00eat de la direction du club, on retrouve le d\u00e9fenseur, Aissa Mandi. Riad O. [&hellip;]<\/p>\n","protected":false},"author":1738,"featured_media":0,"comment_status":"closed","ping_status":"closed","sticky":false,"template":"","format":"standard","meta":{"fifu_image_url":"\/\/cdn.lebuteur.com\/data\/images\/article\/thumbs\/large-mandi-dans-le-viseur-de-la-real-sociedad-8c78d.jpg","fifu_image_alt":"Pros : Mandi dans le viseur de la Real Sociedad","footnotes":""},"categories":[53,75],"tags":[],"class_list":["post-109651","post","type-post","status-publish","format-standard","hentry","category-algerie","category-sport"],"_links":{"self":[{"href":"https:\/\/linitiative.ca\/International\/wp-json\/wp\/v2\/posts\/109651","targetHints":{"allow":["GET"]}}],"collection":[{"href":"https:\/\/linitiative.ca\/International\/wp-json\/wp\/v2\/posts"}],"about":[{"href":"https:\/\/linitiative.ca\/International\/wp-json\/wp\/v2\/types\/post"}],"author":[{"embeddable":true,"href":"https:\/\/linitiative.ca\/International\/wp-json\/wp\/v2\/users\/1738"}],"replies":[{"embeddable":true,"href":"https:\/\/linitiative.ca\/International\/wp-json\/wp\/v2\/comments?post=109651"}],"version-history":[{"count":0,"href":"https:\/\/linitiative.ca\/International\/wp-json\/wp\/v2\/posts\/109651\/revisions"}],"wp:attachment":[{"href":"https:\/\/linitiative.ca\/International\/wp-json\/wp\/v2\/media?parent=109651"}],"wp:term":[{"taxonomy":"category","embeddable":true,"href":"https:\/\/linitiative.ca\/International\/wp-json\/wp\/v2\/categories?post=109651"},{"taxonomy":"post_tag","embeddable":true,"href":"https:\/\/linitiative.ca\/International\/wp-json\/wp\/v2\/tags?post=109651"}],"curies":[{"name":"wp","href":"https:\/\/api.w.org\/{rel}","templated":true}]}}