{"id":109652,"date":"2021-01-20T15:14:16","date_gmt":"2021-01-20T20:14:16","guid":{"rendered":"https:\/\/linitiative.ca\/International\/pros-man-city-mahrez-une-nouvelle-fois-remplacant-face-a-aston-villa\/"},"modified":"2021-01-20T15:14:16","modified_gmt":"2021-01-20T20:14:16","slug":"pros-man-city-mahrez-une-nouvelle-fois-remplacant-face-a-aston-villa","status":"publish","type":"post","link":"https:\/\/linitiative.ca\/International\/pros-man-city-mahrez-une-nouvelle-fois-remplacant-face-a-aston-villa\/","title":{"rendered":"Pros : Man City : Mahrez une nouvelle fois rempla\u00e7ant face \u00e0 Aston Villa"},"content":{"rendered":"<div readability=\"32\">\n<p>Auteur : <span class=\"time\">mercredi 20 janvier 2021 19:20<\/span><\/p>\n<\/div>\n<div id=\"post_core\" readability=\"48\">\n<p>A l&rsquo;occasion du match de championnat face \u00e0 Aston Villa, Benjamin Mendy est sur le banc. Idem pour l&rsquo;international alg\u00e9rien Riyad Mahrez. Bernardo Silva est quant \u00e0 lui titulaire. City peut revenir \u00e0 hauteur de United au classement en cas de succ\u00e8s.<\/p>\n<p><strong>Manchester City :<\/strong> Ederson, Walker, Dias, Stones, Cancelo, Rodrigo, Gundogan, De Bruyne (C), Bernardo, Foden, Sterling<\/p>\n<p><strong>Publi\u00e9 dans :<\/strong> <span>Mahrez<\/span><\/p>\n<\/div>\n<p>Auteur:<br \/>\n<a href=\"http:\/\/www.lebuteur.com\/article\/detail?titre=man-city-mahrez-une-nouvelle-fois-remplacant-face-a-aston-villa&#038;id=98789&#038;utm_source=feedburner&#038;utm_medium=feed&#038;utm_campaign=Feed%3A+GalerieFArtciles+%28Les+derniers+articles++-+lebuteur.com%29\">Cliquez ici pour lire l&rsquo;article depuis sa source.<\/a><\/p>\n","protected":false},"excerpt":{"rendered":"<p>Auteur : mercredi 20 janvier 2021 19:20 A l&rsquo;occasion du match de championnat face \u00e0 Aston Villa, Benjamin Mendy est sur le banc. Idem pour l&rsquo;international alg\u00e9rien Riyad Mahrez. Bernardo Silva est quant \u00e0 lui titulaire. City peut revenir \u00e0 hauteur de United au classement en cas de succ\u00e8s. Manchester City : Ederson, Walker, Dias, [&hellip;]<\/p>\n","protected":false},"author":1738,"featured_media":0,"comment_status":"closed","ping_status":"closed","sticky":false,"template":"","format":"standard","meta":{"fifu_image_url":"\/\/cdn.lebuteur.com\/data\/images\/article\/thumbs\/large-man-city-mahrez-une-nouvelle-fois-remplacant-face-a-aston-villa-5c5f3.jpg","fifu_image_alt":"Pros : Man City : Mahrez une nouvelle fois rempla\u00e7ant face \u00e0 Aston Villa","footnotes":""},"categories":[53,75],"tags":[],"class_list":["post-109652","post","type-post","status-publish","format-standard","hentry","category-algerie","category-sport"],"_links":{"self":[{"href":"https:\/\/linitiative.ca\/International\/wp-json\/wp\/v2\/posts\/109652","targetHints":{"allow":["GET"]}}],"collection":[{"href":"https:\/\/linitiative.ca\/International\/wp-json\/wp\/v2\/posts"}],"about":[{"href":"https:\/\/linitiative.ca\/International\/wp-json\/wp\/v2\/types\/post"}],"author":[{"embeddable":true,"href":"https:\/\/linitiative.ca\/International\/wp-json\/wp\/v2\/users\/1738"}],"replies":[{"embeddable":true,"href":"https:\/\/linitiative.ca\/International\/wp-json\/wp\/v2\/comments?post=109652"}],"version-history":[{"count":0,"href":"https:\/\/linitiative.ca\/International\/wp-json\/wp\/v2\/posts\/109652\/revisions"}],"wp:attachment":[{"href":"https:\/\/linitiative.ca\/International\/wp-json\/wp\/v2\/media?parent=109652"}],"wp:term":[{"taxonomy":"category","embeddable":true,"href":"https:\/\/linitiative.ca\/International\/wp-json\/wp\/v2\/categories?post=109652"},{"taxonomy":"post_tag","embeddable":true,"href":"https:\/\/linitiative.ca\/International\/wp-json\/wp\/v2\/tags?post=109652"}],"curies":[{"name":"wp","href":"https:\/\/api.w.org\/{rel}","templated":true}]}}