{"id":109654,"date":"2021-01-20T15:14:22","date_gmt":"2021-01-20T20:14:22","guid":{"rendered":"https:\/\/linitiative.ca\/International\/pros-man-city-sempare-de-la-tete-du-championnat-mahrez-entre-en-jeu-en-deuxieme-periode\/"},"modified":"2021-01-20T15:14:22","modified_gmt":"2021-01-20T20:14:22","slug":"pros-man-city-sempare-de-la-tete-du-championnat-mahrez-entre-en-jeu-en-deuxieme-periode","status":"publish","type":"post","link":"https:\/\/linitiative.ca\/International\/pros-man-city-sempare-de-la-tete-du-championnat-mahrez-entre-en-jeu-en-deuxieme-periode\/","title":{"rendered":"Pros : Man City s&#8217;empare de la t\u00eate du championnat. Mahrez entr\u00e9 en jeu en deuxi\u00e8me p\u00e9riode"},"content":{"rendered":"<div readability=\"32\">\n<p>Auteur : <span class=\"time\">mercredi 20 janvier 2021 20:57<\/span><\/p>\n<\/div>\n<div id=\"post_core\" readability=\"47\">\n<p>Dans un match en retard de la 1\u00e8re journ\u00e9e de Premier League, Manchester City s&rsquo;est impos\u00e9 sur sa pelouse face \u00e0 Aston Villa (2-0) ce mercredi soir. C&rsquo;est Bernardo Silva (79e) qui a ouvert le score pour des Citizens nettement sup\u00e9rieurs, et qui ont touch\u00e9 la barre sur un tir de Cancelo avant l&rsquo;heure de jeu, puis G\u00fcndogan a fait le break sur penalty (89e) comme l&rsquo;indique Maxifoot. Rempla\u00e7ant en d\u00e9but de rencontre, Riyad Mahrez a \u00e9t\u00e9 incorpor\u00e9 en deuxi\u00e8me p\u00e9riode alors que le score \u00e9tait de 0-0 entre les deux \u00e9quipes. Son entr\u00e9e en jeu a co\u00efncid\u00e9 avec le regain de forme des Citizens qui ont r\u00e9ussi \u00e0 inscrire deux buts par la suite.<\/p>\n<p>Avec ce succ\u00e8s, Manchester City s&#8217;empare de la t\u00eate du classement, \u00e0 \u00e9galit\u00e9 de points avec Leicester et une longueur devant Manchester United, 3e.<\/p>\n<p><strong>Publi\u00e9 dans :<\/strong> <span>Manchester City<\/span><\/p>\n<\/div>\n<p>Auteur:<br \/>\n<a href=\"http:\/\/www.lebuteur.com\/article\/detail?titre=man-city-sempare-de-la-tete-du-championnat-mahrez-entre-en-jeu-en-deuxieme-periode&#038;id=98791&#038;utm_source=feedburner&#038;utm_medium=feed&#038;utm_campaign=Feed%3A+GalerieFArtciles+%28Les+derniers+articles++-+lebuteur.com%29\">Cliquez ici pour lire l&rsquo;article depuis sa source.<\/a><\/p>\n","protected":false},"excerpt":{"rendered":"<p>Auteur : mercredi 20 janvier 2021 20:57 Dans un match en retard de la 1\u00e8re journ\u00e9e de Premier League, Manchester City s&rsquo;est impos\u00e9 sur sa pelouse face \u00e0 Aston Villa (2-0) ce mercredi soir. C&rsquo;est Bernardo Silva (79e) qui a ouvert le score pour des Citizens nettement sup\u00e9rieurs, et qui ont touch\u00e9 la barre sur [&hellip;]<\/p>\n","protected":false},"author":1738,"featured_media":0,"comment_status":"closed","ping_status":"closed","sticky":false,"template":"","format":"standard","meta":{"fifu_image_url":"\/\/cdn.lebuteur.com\/data\/images\/article\/thumbs\/large-man-city-sempare-de-la-tete-du-championnat-mahrez-entre-en-jeu-en-deuxieme-periode-7de89.jpg","fifu_image_alt":"Pros : Man City s'empare de la t\u00eate du championnat. Mahrez entr\u00e9 en jeu en deuxi\u00e8me p\u00e9riode","footnotes":""},"categories":[53,75],"tags":[],"class_list":["post-109654","post","type-post","status-publish","format-standard","hentry","category-algerie","category-sport"],"_links":{"self":[{"href":"https:\/\/linitiative.ca\/International\/wp-json\/wp\/v2\/posts\/109654","targetHints":{"allow":["GET"]}}],"collection":[{"href":"https:\/\/linitiative.ca\/International\/wp-json\/wp\/v2\/posts"}],"about":[{"href":"https:\/\/linitiative.ca\/International\/wp-json\/wp\/v2\/types\/post"}],"author":[{"embeddable":true,"href":"https:\/\/linitiative.ca\/International\/wp-json\/wp\/v2\/users\/1738"}],"replies":[{"embeddable":true,"href":"https:\/\/linitiative.ca\/International\/wp-json\/wp\/v2\/comments?post=109654"}],"version-history":[{"count":0,"href":"https:\/\/linitiative.ca\/International\/wp-json\/wp\/v2\/posts\/109654\/revisions"}],"wp:attachment":[{"href":"https:\/\/linitiative.ca\/International\/wp-json\/wp\/v2\/media?parent=109654"}],"wp:term":[{"taxonomy":"category","embeddable":true,"href":"https:\/\/linitiative.ca\/International\/wp-json\/wp\/v2\/categories?post=109654"},{"taxonomy":"post_tag","embeddable":true,"href":"https:\/\/linitiative.ca\/International\/wp-json\/wp\/v2\/tags?post=109654"}],"curies":[{"name":"wp","href":"https:\/\/api.w.org\/{rel}","templated":true}]}}