{"id":109656,"date":"2021-01-20T03:34:00","date_gmt":"2021-01-20T08:34:00","guid":{"rendered":"https:\/\/linitiative.ca\/International\/ahmed-friaa-tunisie-deux-hypotheses-possibles-video\/"},"modified":"2021-01-20T03:34:00","modified_gmt":"2021-01-20T08:34:00","slug":"ahmed-friaa-tunisie-deux-hypotheses-possibles-video","status":"publish","type":"post","link":"https:\/\/linitiative.ca\/International\/ahmed-friaa-tunisie-deux-hypotheses-possibles-video\/","title":{"rendered":"Ahmed Friaa &#8211; Tunisie: Deux hypoth\u00e8ses possibles (Vid\u00e9o)"},"content":{"rendered":"<p><span class=\"c2\"><strong>Par Ahmed Friaa.<\/strong> <em>Professeur universitaire, ancien ministre &#8211;<\/em><\/span> Dix ans, c\u2019est une dur\u00e9e certes n\u00e9gligeable \u00e0 l\u2019\u00e9chelle de l\u2019histoire, mais suffisamment longue \u00e0 l\u2019\u00e9chelle humaine, notamment \u00e0 une \u00e9poque caract\u00e9ris\u00e9e par l\u2019acc\u00e9l\u00e9ration du temps, pour permettre un premier bilan. En effet, il est bien connu que conform\u00e9ment \u00e0 la loi de la relativit\u00e9, le temps se raccourcit au fur et \u00e0 mesure qu\u2019augmente l\u2019activit\u00e9 humaine et que s\u2019acc\u00e9l\u00e8re le flux des informations re\u00e7ues. Il est important de signaler qu\u2019en raison des mutations rapides que conna\u00eet notre monde contemporain, on est pass\u00e9 d\u00e9sormais d\u2019une interpr\u00e9tation newtonienne du temps \u00e0 une interpr\u00e9tation plut\u00f4t relativiste.<\/p>\n<p><span class=\"c2\"><strong><img decoding=\"async\" src=\"\/uploads\/FCK_files\/Couv-Dix-ans__.jpg\" alt=\"\" width=\"40%\" vspace=\"5\" hspace=\"5\" align=\"right\"\/><\/strong><\/span>Le soul\u00e8vement populaire entre le 17 d\u00e9cembre 2010 et le 14 janvier 2011 s\u2019est caract\u00e9ris\u00e9 par l\u2019absence d\u2019un leadership et de projet politique clairement exprim\u00e9. Il a concern\u00e9 l\u2019ensemble des r\u00e9gions et a \u00e9t\u00e9 conduit essentiellement par la jeunesse, surtout par les jeunes ch\u00f4meurs dipl\u00f4m\u00e9s qui y ont jou\u00e9 un r\u00f4le actif. Les revendications les plus scand\u00e9es lors des diff\u00e9rentes manifestations se r\u00e9sument en trois mots : \u00abEmploi, libert\u00e9 et dignit\u00e9 \u00bb.<\/p>\n<p>Comme ce qui importe en politique, ce sont surtout les r\u00e9sultats, on doit se demander quel sort a-t-on r\u00e9serv\u00e9 \u00e0 ces revendications unanimement partag\u00e9es, apr\u00e8s dix longues ann\u00e9es ?\u00a0<\/p>\n<p>Tous les indicateurs en mati\u00e8re de libert\u00e9, hormis la libert\u00e9 d\u2019expression, d\u2019emploi et par suite de dignit\u00e9, se sont consid\u00e9rablement d\u00e9grad\u00e9s. Les chiffres sont connus de tous et il n\u2019est pas n\u00e9cessaire de s\u2019y attarder. Il convient n\u00e9anmoins de souligner que non seulement le nombre de ch\u00f4meurs parmi les jeunes ne cesse d\u2019augmenter, mais qu\u2019en plus, l\u2019avenir de ces jeunes est fortement hypoth\u00e9qu\u00e9 par le creusement des d\u00e9ficits et le doublement environ de la dette publique que les g\u00e9n\u00e9rations futures seront appel\u00e9es \u00e0 honorer. Et ce qui est encore plus grave, c\u2019est que cette dette n\u2019a pas servi, pour l\u2019essentiel, \u00e0 cr\u00e9er de nouvelles richesses, mais a servi surtout \u00e0 rembourser les dettes ant\u00e9rieures pour partie, et payer des salaires, souvent sans v\u00e9ritables services rendus, pour le reste.<\/p>\n<p class=\"c3\"><iframe loading=\"lazy\" src=\"https:\/\/www.youtube.com\/embed\/2FMWM8OkJWI\" allow=\"accelerometer; autoplay; clipboard-write; encrypted-media; gyroscope; picture-in-picture\" allowfullscreen=\"\" width=\"560\" height=\"315\" frameborder=\"0\">[embedded content]<\/iframe><\/p>\n<p>Cela \u00e9tant, on entend souvent des politiciens dire : \u00ab ce n\u2019est pas si grave de vivre un certain temps dans des conditions difficiles car la libert\u00e9 et la d\u00e9mocratie n\u2019ont pas de prix \u00bb. De telles affirmations sont au mieux une mauvaise plaisanterie et au pire un gros mensonge. En effet, la question n\u2019est pas de savoir si l\u2019instauration d\u2019un r\u00e9gime d\u00e9mocratique a un co\u00fbt, la r\u00e9ponse \u00e9tant \u00e9videmment affirmative, mais plut\u00f4t comment faire pour minimiser au plus celui-ci. Ce que du reste les responsables post-2011 ont n\u00e9glig\u00e9, par ignorance pour certains et d\u2019une mani\u00e8re d\u00e9lib\u00e9r\u00e9e pour d\u2019autres.<\/p>\n<p>Si bien que la situation actuelle se caract\u00e9rise malheureusement par une faiblesse criante de l\u2019Etat, une anarchie g\u00e9n\u00e9ralis\u00e9e, une crise socio\u00e9conomique aigu\u00eb et un d\u00e9senchantement g\u00e9n\u00e9ralis\u00e9. Oui la Tunisie va mal et le citoyen moyen a raison d\u2019\u00eatre inquiet.<\/p>\n<p>C\u2019est ce qui a pouss\u00e9 environ cent mille hauts cadres, m\u00e9decins, ing\u00e9nieurs, universitaires et autres, \u00e0 quitter le pays depuis 2011, aggravant l\u2019h\u00e9morragie de la fuite des cerveaux, en plus de plusieurs milliers de jeunes d\u00e9s\u0153uvr\u00e9s qui ont \u00e9migr\u00e9 dans des conditions de pr\u00e9carit\u00e9 extr\u00eame, souvent au p\u00e9ril de leur vie.<\/p>\n<p>Le 17 janvier 2011, je me suis adress\u00e9 \u00e0 mes compatriotes, \u00e0 travers la t\u00e9l\u00e9vision pour les pr\u00e9venir de l\u2019\u00e9troitesse de la fronti\u00e8re entre libert\u00e9 mal encadr\u00e9e et anarchie. Si l\u2019on veut r\u00e9sumer cette intervention en peu de mots, on dirait ceci : \u00abOui \u00e0 la d\u00e9mocratie, oui \u00e0 la libert\u00e9, mais attention \u00e0 l\u2019anarchie. Notre bien commun, c\u2019est notre ch\u00e8re patrie, prot\u00e9geons-la !\u00bb.\u00a0 D\u00e9j\u00e0 \u00e0 cette \u00e9poque, je devinais ce qui allait advenir si la faible membrane qui s\u00e9pare libert\u00e9 et anarchie venait \u00e0 \u00eatre rompue et si l\u2019esprit de haine et de vengeance l\u2019emportait sur la sagesse. Je ne fus pas entendu malheureusement, en raison de l\u2019ivresse \u00ab postr\u00e9volutionnaire \u00bb qui s\u2019est empar\u00e9e de beaucoup de gens \u00e0 ce moment-l\u00e0.\u00a0 Au contraire, cette intervention m\u2019a valu d\u2019\u00eatre trait\u00e9 de tous les noms.<\/p>\n<p>Il est vrai que, depuis le 14 janvier 2011, le Tunisien b\u00e9n\u00e9ficie d\u2019une libert\u00e9 d\u2019expression jamais connue par le pass\u00e9, allant jusqu\u2019\u00e0 ignorer que celle-ci s\u2019arr\u00eate l\u00e0 o\u00f9 commence celle d\u2019autrui. Mais est-ce suffisant pour faire une soci\u00e9t\u00e9 \u00e9quilibr\u00e9e o\u00f9 il fait bon vivre, dans une dignit\u00e9 assur\u00e9e pour tous ? La r\u00e9ponse est \u00e9videmment non !<\/p>\n<p>Pourquoi alors sommes-nous arriv\u00e9s \u00e0 cet \u00e9tat de d\u00e9senchantement g\u00e9n\u00e9ralis\u00e9 ?<\/p>\n<p>Les causes sont nombreuses et vari\u00e9es. J\u2019en citerai celles qui me paraissent les plus pertinentes.<\/p>\n<p>Il y a d\u2019abord l\u2019absence de suffisamment de sages parmi les principaux acteurs de la sc\u00e8ne politique post-14 janvier. Ce qui a conduit \u00e0 des choix erron\u00e9s quant \u00e0 la gouvernance de la p\u00e9riode de transition. Ces mauvais choix font partie de ce qui est commun\u00e9ment appel\u00e9 les grandes erreurs de l\u2019histoire qui co\u00fbtent souvent cher, en termes de temps et de souffrances.<\/p>\n<p>Ce fut une erreur d\u2019avoir opt\u00e9 pour la voie exclusive, tout au moins au d\u00e9but de la phase transitoire, privant ainsi le pays de l\u2019apport de milliers de cadres patriotes, comp\u00e9tents et exp\u00e9riment\u00e9s, aux seuls motifs qu\u2019ils auraient servi sous l\u2019ancien r\u00e9gime, alors que la sagesse et les exp\u00e9riences r\u00e9ussies de par le monde recommandent plut\u00f4t le choix de la voie inclusive, celle de la concorde. Ce fut \u00e9galement une erreur d\u2019avoir opt\u00e9 pour une nouvelle constituante alors qu\u2019il aurait suffi d\u2019actualiser la Constitution de 1959, en y renfor\u00e7ant les dispositions aff\u00e9rentes \u00e0 l\u2019instauration d\u2019un Etat de droit et en garantissant sa p\u00e9rennit\u00e9. Ce fut en outre une erreur d\u2019opter pour un r\u00e9gime hybride, qui s\u2019apparente davantage \u00e0 un r\u00e9gime de partis, qui a prouv\u00e9 son inefficacit\u00e9 dans de nombreux pays \u00e9trangers, sans parler des nombreuses erreurs logiques que cette nouvelle constitution renferme. Ce fut enfin une erreur d\u2019ignorer que la bonne gouvernance d\u2019un pays aux ressources limit\u00e9es, surtout en p\u00e9riode de crise, n\u00e9cessite non seulement une clairvoyante vision, mais des comp\u00e9tences autres que les seules comp\u00e9tences techniques.<\/p>\n<p>L\u2019autre raison du marasme actuel est \u00e0 connotation plut\u00f4t culturelle. Nous souffrons malheureusement de deux d\u00e9fauts qui nous emp\u00eachent d\u2019atteindre les performances dont notre pays est largement digne. D\u2019abord, nous souffrons de la culture de la rupture qui fait que chaque nouveau responsable, sans trop g\u00e9n\u00e9raliser bien entendu, commence par ignorer ce que son pr\u00e9d\u00e9cesseur a r\u00e9alis\u00e9 ou entrepris et s\u2019attelle \u00e0 tout reprendre \u00e0 z\u00e9ro, comme si la division par z\u00e9ro \u00e9tait math\u00e9matiquement licite, ignorant que les grandes avanc\u00e9es ne sont que la r\u00e9sultante d\u2019une accumulation d\u2019apports successifs. Non la Tunisie n\u2019\u00e9tait pas, avant le 14 janvier 2011, un champ de ruines, tout n\u2019\u00e9tait pas noir ou blanc. Ensuite, nous avons tendance \u00e0 faire de la diversit\u00e9 des opinions et des choix politiques des facteurs de division, de d\u00e9nigrement et d\u2019exclusion de l\u2019autre, alors que \u00e7a devrait \u00eatre plut\u00f4t un facteur d\u2019enrichissement mutuel et d\u2019aide au choix de la meilleure d\u00e9cision \u00e0 prendre. La comp\u00e9tition doit porter sur ce qui peut r\u00e9ellement servir l\u2019int\u00e9r\u00eat g\u00e9n\u00e9ral et si clivage il y a, c\u2019est entre ceux qui veulent servir l\u2019int\u00e9r\u00eat national et ceux qui sont au service d\u2019agendas \u00e9trangers. Ceci montre \u00e0 quel point deux secteurs ont des r\u00f4les cl\u00e9s \u00e0 jouer \u00e0 l\u2019avenir, dans le cadre des guerres de l\u2019intelligence qui commence : celui de l\u2019\u00e9ducation et celui de la culture.<\/p>\n<p>En r\u00e9sum\u00e9, la le\u00e7on \u00e0 retenir de ces dix ann\u00e9es fortement chahut\u00e9es est d\u2019abord que chacun parmi nous ait le courage de se remettre en question, de reconna\u00eetre sa part de responsabilit\u00e9 dans l\u2019\u00e9tat d\u00e9solant dans lequel se trouve notre pays. L\u2019autre le\u00e7on \u00e0 retenir est de prendre conscience que dans un monde caract\u00e9ris\u00e9 par des mutations rapides, celui qui n\u2019avance pas rapidement recule. Que dire alors de celui qui passe son temps \u00e0 regarder dans le r\u00e9troviseur. Tournons au plus vite la page du pass\u00e9 et laissons les juridictions ordinaires traiter, dans le cadre d\u2019un Etat de droit, les litiges qui persistent et \u00e9vitons \u00e0 notre pays cette image d\u00e9solante qui fait qu\u2019au nom de la d\u00e9mocratie, on continue \u00e0 faire perdurer des juridictions d\u2019exception, de nombreuses ann\u00e9es apr\u00e8s la promulgation d\u2019une nouvelle constitution qui pr\u00f4ne la pr\u00e9\u00e9minence du droit et l\u2019\u00e9quit\u00e9 de la justice.<\/p>\n<p><span class=\"c5\"><span class=\"c4\"><strong>La d\u00e9mocratie demeure-t-elle la voie d\u2019avenir et \u00e0 quelles conditions?<\/strong><\/span><\/span><\/p>\n<p>En paraphrasant, un peu librement, une citation c\u00e9l\u00e8bre, on dirait: \u00abUn r\u00e9gime d\u00e9mocratique n\u2019est pas l\u2019id\u00e9al, mais c\u2019est sans doute le moins mauvais\u00bb.<\/p>\n<p>Bien s\u00fbr qu\u2019il faut continuer \u00e0 militer en faveur d\u2019une v\u00e9ritable d\u00e9mocratie.\u00a0 N\u00e9anmoins, il ne faut pas consid\u00e9rer la d\u00e9mocratie comme une fin en soi. Une d\u00e9mocratie dans une soci\u00e9t\u00e9 o\u00f9 la mis\u00e8re ne fait que progresser n\u2019a aucun int\u00e9r\u00eat. Je suis de ceux qui pensent que le concept le plus important est celui de l\u2019Etat de droit. C\u2019est en effet ce qui garantit la libert\u00e9 qui a le m\u00e9rite de permettre davantage de cr\u00e9ativit\u00e9 et d\u2019innovation qui se trouvent \u00eatre les principaux facteurs de comp\u00e9titivit\u00e9 par les temps modernes. Ce qui favorise la croissance et la cr\u00e9ation de la valeur ajout\u00e9e. Et comme, dans un Etat de droit, le partage des fruits de cette valeur ajout\u00e9e se fait d\u2019une mani\u00e8re \u00e9quitable entre les citoyens, le b\u00e9n\u00e9fice est acquis pour tous.<\/p>\n<p>En r\u00e9sum\u00e9, oui la meilleure voie d\u2019avenir est celle de la d\u00e9mocratie, mais la priorit\u00e9 devrait revenir \u00e0 l\u2019instauration d\u2019un v\u00e9ritable Etat de droit.<\/p>\n<p><span class=\"c5\"><span class=\"c4\"><strong>Peut-on \u00eatre confiant en l\u2019avenir?<\/strong><\/span><\/span><\/p>\n<p>Pour r\u00e9pondre \u00e0 cette question, j\u2019\u00e9mets deux hypoth\u00e8ses possibles.<\/p>\n<p>Premi\u00e8re hypoth\u00e8se : un sursaut national se r\u00e9alise\u00a0 et nous prenons conscience des enjeux qui nous guettent et du fait que nous sommes tous embarqu\u00e9s dans un m\u00eame navire, dans un oc\u00e9an de sept milliards d\u2019individus, en perp\u00e9tuelles mutations, et que si par malheur ce bateau chavire, de grands risques sont encourus par tous. Et nous nous attelons ensemble, dans une diversit\u00e9 enrichissante, \u00e0 r\u00e9aliser, dans la concorde, un r\u00eave collectif, de nature \u00e0 redonner de l\u2019espoir, notamment aux jeunes. Dans le cadre de cette hypoth\u00e8se, notre pays serait \u00e9ligible \u00e0 un bel avenir. En effet et m\u00eame si nous ne disposons pas d\u2019\u00e9normes richesses naturelles, le Bon Dieu a dot\u00e9 notre pays de deux richesses pr\u00e9cieuses et in\u00e9puisables qui constituent d\u00e9sormais les principaux facteurs de comp\u00e9titivit\u00e9: l\u2019intelligence et l\u2019esprit cr\u00e9atif de notre jeunesse et les \u00e9nergies renouvelables.<\/p>\n<p>Deuxi\u00e8me hypoth\u00e8se : les querelles politiciennes, les divisions et les discours populistes continuent de plus belle, dans un esprit de haine et d\u2019exclusion, tout en ignorant les d\u00e9fis de la soci\u00e9t\u00e9 du savoir que vit notre monde contemporain. Dans ce cas, la crise ne fera que s\u2019aggraver, remettant en cause, d\u2019une part, ce qui reste des acquis de l\u2019ind\u00e9pendance et, de l\u2019autre, la paix sociale, conduisant \u00e0 davantage de r\u00e9gression, et on sortira pour longtemps de la trajectoire de l\u2019histoire. Nous serons, dans ce cas, tous perdants.<\/p>\n<p>Bien entendu, tout patriote ne peut qu\u2019esp\u00e9rer qu\u2019advienne la premi\u00e8re hypoth\u00e8se, celle de la sagesse.<\/p>\n<p>En tout cas, et malheureusement, tous les indicateurs actuels laissent penser que notre peuple doit encore payer pour un certain temps le co\u00fbt des erreurs historiques dont on avait parl\u00e9 pr\u00e9c\u00e9demment.<br \/>Enfin, ayons en t\u00eate cette belle citation d\u2019Hannah Arendt :<\/p>\n<p>\u00abC\u2019est dans le vide de la pens\u00e9e que vit le mal\u00bb.<\/p>\n<p>Et que Dieu pr\u00e9serve notre ch\u00e8re patrie.<\/p>\n<p class=\"c7\"><strong>Ahmed Friaa<\/strong><br \/><span class=\"c6\"><em>Professeur universitaire, ancien ministre<\/em><\/span><\/p>\n<p class=\"c8\"><strong>Lire aussi<\/strong><\/p>\n<p class=\"c8\"><a href=\"https:\/\/www.leaders.com.tn\/article\/31286-mohamed-nafti-revolution-et-democratie\" target=\"_blank\" rel=\"noopener\">Mohamed Nafti: R\u00e9volution et d\u00e9mocratie<\/a><\/p>\n<p><a href=\"https:\/\/www.leaders.com.tn\/article\/31280-hedi-bouraoui-voila-ce-que-nous-avons-perdu\" target=\"_blank\" rel=\"noopener\">H\u00e9di Bouraoui &#8211; Tunisie: Voil\u00e0 ce que nous avons perdu !<\/a><\/p>\n<p><a href=\"https:\/\/www.leaders.com.tn\/article\/31276-ouided-bouchamaoui-trois-exigences-d-avenir\" target=\"_blank\" rel=\"noopener\">Ouided Bouchamaoui: Trois exigences d\u2019avenir<\/a><\/p>\n<p><a href=\"https:\/\/www.leaders.com.tn\/article\/31266-khadija-taoufik-moalla-accepter-de-perdre-des-batailles-jamais-la-guerre\" target=\"_blank\" rel=\"noopener\">Khadija Taoufik Moalla: Accepter de perdre des batailles\u2026jamais la guerre !<\/a><\/p>\n<p><a href=\"https:\/\/www.leaders.com.tn\/article\/31263-riadh-zghal-le-processus-democratique-est-il-irreversible\" target=\"_blank\" rel=\"noopener\">Riadh Zghal: Le processus d\u00e9mocratique est-il irr\u00e9versible ?<\/a><\/p>\n<p><a href=\"https:\/\/www.leaders.com.tn\/article\/31259-fadhel-abdelkefi-la-democratie-quand-meme\" target=\"_blank\" rel=\"noopener\">Fadhel Abdelk\u00e9fi: La d\u00e9mocratie quand m\u00eame !<\/a><\/p>\n<p><a href=\"https:\/\/www.leaders.com.tn\/article\/31256-sophie-bessis-aucun-veritable-consensus-n-a-ete-trouve-sur-des-questions-fondamentales\" target=\"_blank\" rel=\"noopener\">Sophie Bessis: Aucun v\u00e9ritable consensus n\u2019a \u00e9t\u00e9 trouv\u00e9 sur des questions fondamentales<\/a><\/p>\n<p><a href=\"https:\/\/www.leaders.com.tn\/article\/31258-khemaies-jhinaoui-la-tunisie-doit-montrer-au-monde-sa-capacite-de-se-developper-et-sa-volonte-de-cooperer-video\" target=\"_blank\" rel=\"noopener\">Khema\u00efes Jhinaoui : \u00ab La Tunisie doit montrer au monde sa capacit\u00e9 de se d\u00e9velopper et sa volont\u00e9 de coop\u00e9rer \u00bb (Vid\u00e9o)<\/a><\/p>\n<p><a href=\"https:\/\/www.leaders.com.tn\/article\/31247-hmayed-le-pecheur-surpris-par-la-revolution-nous-n-avons-pas-su-la-gerer-video\" target=\"_blank\" rel=\"noopener\">Hmayed, le p\u00eacheur : Surpris par la r\u00e9volution, nous n\u2019avons pas su la g\u00e9rer (Vid\u00e9o)<\/a><\/p>\n<p><a href=\"https:\/\/www.leaders.com.tn\/article\/31249-hichem-elloumi-sans-creation-d-emplois-de-croissance-et-de-richesses-la-democratie-risque-d-etre-menacee\" target=\"_blank\" rel=\"noopener\">Hichem Elloumi : \u00abSans cr\u00e9ation d\u2019emplois, de croissance et de richesses, la d\u00e9mocratie risque d\u2019\u00eatre menac\u00e9e\u00bb (Vid\u00e9o)<\/a><\/p>\n<p><a href=\"https:\/\/www.leaders.com.tn\/article\/31255-ahmed-ounaies-les-democrates-se-tiennent-en-alerte\" target=\"_blank\" rel=\"noopener\">Ahmed Ouna\u00efes: Les d\u00e9mocrates se tiennent en alerte<\/a><\/p>\n<p><a href=\"https:\/\/www.leaders.com.tn\/article\/31254-abdelaziz-kacem-un-printemps-qui-n-en-est-pas-un-video\" target=\"_blank\" rel=\"noopener\">Abdelaziz Kacem: Un printemps qui n\u2019en est pas un (Vid\u00e9o)<\/a><\/p>\n<p><a href=\"https:\/\/www.leaders.com.tn\/article\/31244-fadhel-moussa-la-tunisie-en-quete-d-une-reconfiguration-et-d-une-gouvernementalite\" target=\"_blank\" rel=\"noopener\">Fadhel Moussa: La Tunisie en qu\u00eate d\u2019une reconfiguration et d\u2019une gouvernementalit\u00e9<\/a><\/p>\n<p><a href=\"https:\/\/www.leaders.com.tn\/article\/31241-anis-marrakchi-sauvons-la-democratie-elle-a-des-vertus-que-l-autocratie-ne-peut-avoir\" target=\"_blank\" rel=\"noopener\">Anis Marrakchi: Sauvons la d\u00e9mocratie, elle a des vertus que l\u2019autocratie ne peut avoir<\/a><\/p>\n<p><a href=\"https:\/\/www.leaders.com.tn\/article\/31235-selma-mabrouk-la-revolution-et-apres-video\" target=\"_blank\" rel=\"noopener\">Selma Mabrouk: La r\u00e9volution et apr\u00e8s ? (Vid\u00e9o)<\/a><\/p>\n<p><a href=\"https:\/\/www.leaders.com.tn\/article\/31233-elyes-jouini-oeuvrer-au-retablissement-de-l-espoir\" target=\"_blank\" rel=\"noopener\">Ely\u00e8s Jouini: \u0152uvrer au r\u00e9tablissement de l\u2019espoir<\/a><\/p>\n<p><a href=\"https:\/\/www.leaders.com.tn\/article\/31226-ridha-ben-mosbah-sauver-la-transition-d-un-nouvel-echec-qui-serait-fatal\" target=\"_blank\" rel=\"noopener\">Ridha Ben Mosbah: Sauver la transition d\u2019un nouvel \u00e9chec qui serait fatal<\/a><\/p>\n<p><a href=\"https:\/\/www.leaders.com.tn\/article\/31218-mustapha-ben-jaafar-est-ce-l-heure-du-sursaut\" target=\"_blank\" rel=\"noopener\">Mustapha Ben Jaafar: Est-ce l\u2019heure du sursaut ?<\/a><\/p>\n<p><a href=\"https:\/\/www.leaders.com.tn\/article\/31221-yassine-brahim-plusieurs-batailles-sont-a-mener\" target=\"_blank\" rel=\"noopener\">Yassine Brahim: Plusieurs batailles sont \u00e0 mener&#8230; (Vid\u00e9o)<\/a><\/p>\n<p><a href=\"https:\/\/www.leaders.com.tn\/article\/31220-kamel-jendoubi-le-courage-d-un-peuple\" target=\"_blank\" rel=\"noopener\">Kamel Jendoubi: Le courage d\u2019un peuple<\/a><\/p>\n<p class=\"c8\"><a href=\"https:\/\/www.leaders.com.tn\/article\/31209-yadh-ben-achour-la-revolution-un-rappel-de-memoire\" target=\"_blank\" rel=\"noopener\">Yadh Ben Achour: La r\u00e9volution, un rappel de m\u00e9moire<\/a><\/p>\n<p class=\"c8\"><a href=\"https:\/\/www.leaders.com.tn\/article\/31191-mustapha-kamel-nabli-la-longue-marche-de-la-tunisie-de-l-espoir-fou-vers-le-grand-desespoir\" target=\"_blank\" rel=\"noopener\">Mustapha Kamel Nabli: La longue marche de la Tunisie de l\u2019\u00abespoir fou\u00bb vers le \u00abgrand d\u00e9sespoir\u00bb (Vid\u00e9o)<\/a><\/p>\n<p class=\"c8\"><a href=\"https:\/\/www.leaders.com.tn\/article\/31195-hakim-el-karoui-en-preface-du-livre-tunisie-dix-ans-et-dans-dix-ans-une-tunisie-democratique-libre-et-toujours-debout\" target=\"_blank\" rel=\"noopener\">Hakim El Karoui, en pr\u00e9face du livre Tunisie, Dix ans et dans Dix ans : Une Tunisie d\u00e9mocratique, libre et toujours debout<\/a><\/p>\n<p class=\"c8\"><a href=\"https:\/\/www.leaders.com.tn\/article\/31190-tunisie-2011-2021-ce-qu-il-faut-retenir-et-ce-qu-il-faut-batir-une-serie-d-interviews-video-et-un-ouvrage-collectif\" target=\"_blank\" rel=\"noopener\">Tunisie 2011 \u2013 2021 : Ce qu\u2019il faut retenir et ce qu\u2019il faut b\u00e2tir : une s\u00e9rie d\u2019interviews vid\u00e9o et un ouvrage collectif<\/a><\/p>\n<p class=\"c8\"><a href=\"https:\/\/www.leaders.com.tn\/article\/31189-mustapha-kamel-nabli-une-etroite-voie-de-sortie-existe-a-condition-video\" target=\"_blank\" rel=\"noopener\">Mustapha Kamel Nabli : Une \u00e9troite voie de sortie existe, \u00e0 condition &#8230; (Vid\u00e9o)<\/a><\/p>\n<p>Auteur:<br \/>\n<a href=\"https:\/\/www.leaders.com.tn\/article\/31295-ahmed-friaa-tunisie-deux-hypotheses-possibles-video\">Cliquez ici pour lire l&rsquo;article depuis sa source.<\/a><\/p>\n","protected":false},"excerpt":{"rendered":"<p>Par Ahmed Friaa. Professeur universitaire, ancien ministre &#8211; Dix ans, c\u2019est une dur\u00e9e certes n\u00e9gligeable \u00e0 l\u2019\u00e9chelle de l\u2019histoire, mais suffisamment longue \u00e0 l\u2019\u00e9chelle humaine, notamment \u00e0 une \u00e9poque caract\u00e9ris\u00e9e par l\u2019acc\u00e9l\u00e9ration du temps, pour permettre un premier bilan. En effet, il est bien connu que conform\u00e9ment \u00e0 la loi de la relativit\u00e9, le temps [&hellip;]<\/p>\n","protected":false},"author":1772,"featured_media":0,"comment_status":"closed","ping_status":"closed","sticky":false,"template":"","format":"standard","meta":{"fifu_image_url":"\/uploads\/FCK_files\/Couv-Dix-ans__.jpg","fifu_image_alt":"Ahmed Friaa - Tunisie: Deux hypoth\u00e8ses possibles (Vid\u00e9o)","footnotes":""},"categories":[73,55],"tags":[],"class_list":["post-109656","post","type-post","status-publish","format-standard","hentry","category-actualite","category-tunisie"],"_links":{"self":[{"href":"https:\/\/linitiative.ca\/International\/wp-json\/wp\/v2\/posts\/109656","targetHints":{"allow":["GET"]}}],"collection":[{"href":"https:\/\/linitiative.ca\/International\/wp-json\/wp\/v2\/posts"}],"about":[{"href":"https:\/\/linitiative.ca\/International\/wp-json\/wp\/v2\/types\/post"}],"author":[{"embeddable":true,"href":"https:\/\/linitiative.ca\/International\/wp-json\/wp\/v2\/users\/1772"}],"replies":[{"embeddable":true,"href":"https:\/\/linitiative.ca\/International\/wp-json\/wp\/v2\/comments?post=109656"}],"version-history":[{"count":0,"href":"https:\/\/linitiative.ca\/International\/wp-json\/wp\/v2\/posts\/109656\/revisions"}],"wp:attachment":[{"href":"https:\/\/linitiative.ca\/International\/wp-json\/wp\/v2\/media?parent=109656"}],"wp:term":[{"taxonomy":"category","embeddable":true,"href":"https:\/\/linitiative.ca\/International\/wp-json\/wp\/v2\/categories?post=109656"},{"taxonomy":"post_tag","embeddable":true,"href":"https:\/\/linitiative.ca\/International\/wp-json\/wp\/v2\/tags?post=109656"}],"curies":[{"name":"wp","href":"https:\/\/api.w.org\/{rel}","templated":true}]}}