{"id":109657,"date":"2021-01-20T12:00:00","date_gmt":"2021-01-20T17:00:00","guid":{"rendered":"https:\/\/linitiative.ca\/International\/dans-une-capitale-sous-haute-surveillance-le-nouveau-president-des-etats-unis-joe-biden-prete-sement\/"},"modified":"2021-01-20T12:00:00","modified_gmt":"2021-01-20T17:00:00","slug":"dans-une-capitale-sous-haute-surveillance-le-nouveau-president-des-etats-unis-joe-biden-prete-sement","status":"publish","type":"post","link":"https:\/\/linitiative.ca\/International\/dans-une-capitale-sous-haute-surveillance-le-nouveau-president-des-etats-unis-joe-biden-prete-sement\/","title":{"rendered":"Dans une capitale sous haute surveillance, le nouveau pr\u00e9sident des Etats Unis  Joe Biden pr\u00eate sement"},"content":{"rendered":"<h2>C&rsquo;est dans une capitale sous haute surveillance que Joe Biden devait ce mercredi apr\u00e8s-midi 20 janvier pr\u00eatrer serment en tant que 46e pr\u00e9sident des des Etats Unis<\/h2>\n<p><span class=\"c2\" times=\"\" new=\"\">C&rsquo;est dans une capitale sous haute surveillance que Joe Biden devait ce mercredi apr\u00e8s-midi\u00a0 20 janvier pr\u00eatrer serment en tant que 46e pr\u00e9sident des des Etats Unis d&rsquo;Am\u00e9rique aux c\u00f4t\u00e9s de la vice-pr\u00e9sidente, Camala Harris.<\/span><\/p>\n<p><span class=\"c2\" times=\"\" new=\"\">Ag\u00e9 de 78 ans, Joe Biden devient le plus vieux pr\u00e9sident de l&rsquo;histoire des Etats Unis.<\/span><\/p>\n<p class=\"MsoNormal c3\"><span class=\"c2\" times=\"\" new=\"\">La toute premi\u00e8re prestation de serment d&rsquo;un pr\u00e9sident am\u00e9ricain a \u00e9t\u00e9 celle de George Washington qui avait eu lieu le\u00a030\u00a0avril 1789 pour des raisons climatiques.<br \/><\/span><\/p>\n<p class=\"MsoNormal c3\">Le premier geste du nouveau pr\u00e9sident sera d&rsquo;annoncer le retour des \u00c9tats-Unis dans l\u2019accord de Paris sur le climat et au sein de l\u2019OMS pour limiter la propagation du Covid-19, qui a fait 400\u00a0000\u00a0morts aux Etats Unis.<\/p>\n<p>Auteur:<br \/>\n<a href=\"https:\/\/www.leaders.com.tn\/article\/31296-dans-une-capitale-sous-haute-surveillance-le-nouveau-president-des-etats-unis-joe-biden-prete-sement\">Cliquez ici pour lire l&rsquo;article depuis sa source.<\/a><\/p>\n","protected":false},"excerpt":{"rendered":"<p>C&rsquo;est dans une capitale sous haute surveillance que Joe Biden devait ce mercredi apr\u00e8s-midi 20 janvier pr\u00eatrer serment en tant que 46e pr\u00e9sident des des Etats Unis C&rsquo;est dans une capitale sous haute surveillance que Joe Biden devait ce mercredi apr\u00e8s-midi\u00a0 20 janvier pr\u00eatrer serment en tant que 46e pr\u00e9sident des des Etats Unis d&rsquo;Am\u00e9rique [&hellip;]<\/p>\n","protected":false},"author":1772,"featured_media":0,"comment_status":"closed","ping_status":"closed","sticky":false,"template":"","format":"standard","meta":{"fifu_image_url":"","fifu_image_alt":"","footnotes":""},"categories":[73,55],"tags":[],"class_list":["post-109657","post","type-post","status-publish","format-standard","hentry","category-actualite","category-tunisie"],"_links":{"self":[{"href":"https:\/\/linitiative.ca\/International\/wp-json\/wp\/v2\/posts\/109657","targetHints":{"allow":["GET"]}}],"collection":[{"href":"https:\/\/linitiative.ca\/International\/wp-json\/wp\/v2\/posts"}],"about":[{"href":"https:\/\/linitiative.ca\/International\/wp-json\/wp\/v2\/types\/post"}],"author":[{"embeddable":true,"href":"https:\/\/linitiative.ca\/International\/wp-json\/wp\/v2\/users\/1772"}],"replies":[{"embeddable":true,"href":"https:\/\/linitiative.ca\/International\/wp-json\/wp\/v2\/comments?post=109657"}],"version-history":[{"count":0,"href":"https:\/\/linitiative.ca\/International\/wp-json\/wp\/v2\/posts\/109657\/revisions"}],"wp:attachment":[{"href":"https:\/\/linitiative.ca\/International\/wp-json\/wp\/v2\/media?parent=109657"}],"wp:term":[{"taxonomy":"category","embeddable":true,"href":"https:\/\/linitiative.ca\/International\/wp-json\/wp\/v2\/categories?post=109657"},{"taxonomy":"post_tag","embeddable":true,"href":"https:\/\/linitiative.ca\/International\/wp-json\/wp\/v2\/tags?post=109657"}],"curies":[{"name":"wp","href":"https:\/\/api.w.org\/{rel}","templated":true}]}}