{"id":109659,"date":"2021-01-20T13:27:00","date_gmt":"2021-01-20T18:27:00","guid":{"rendered":"https:\/\/linitiative.ca\/International\/psychanalyse-et-politique-un-probleme-de-langue\/"},"modified":"2021-01-20T13:27:00","modified_gmt":"2021-01-20T18:27:00","slug":"psychanalyse-et-politique-un-probleme-de-langue","status":"publish","type":"post","link":"https:\/\/linitiative.ca\/International\/psychanalyse-et-politique-un-probleme-de-langue\/","title":{"rendered":"Psychanalyse et politique: Un probl\u00e8me de langue ?"},"content":{"rendered":"<p><span class=\"c3\"><span class=\"c2\"><em><strong><img decoding=\"async\" src=\"\/uploads\/FCK_files\/Rafik-Darragi(23).jpg\" width=\"20%\" vspace=\"5\" hspace=\"5\" align=\"left\" alt=\"\"\/>Par Rafik Darragi &#8211;<\/strong><\/em><\/span><\/span> Il y a tout juste un an, Hassan Zargouni, se r\u00e9f\u00e9rant au sondage des derni\u00e8res \u00e9lections en Tunisie, avait\u00a0 publi\u00e9 un article paru sur les colonnes de <span class=\"c4\"><strong>Leaders<\/strong><\/span>, portant ce titre : \u2018<a href=\"https:\/\/www.leaders.com.tn\/article\/30589-un-an-apres-les-jeunes-qui-avaient-vote-kais-saied-se-retrouvent-ils-aujourd-hui-dans-leur-choix\" target=\"_blank\" rel=\"noopener\">Un an apr\u00e8s, les jeunes qui avaient vot\u00e9 Kais Sa\u00efed se retrouvent-ils aujourd&rsquo;hui dans leur choix?<\/a> \u2019. Sa conclusion \u00e9tait :<\/p>\n<p>\u00ab Est-ce que ces jeunes se retrouvent encore dans ce vote un an apr\u00e8s ? Oui et non. Oui car beaucoup d\u2019entre eux gardent espoir en leur candidat devenu Pr\u00e9sident. D\u2019autres en sont cependant d\u00e9\u00e7us pendant que KS d\u00e9tient d\u00e9sormais toutes les cl\u00e9s de la gouvernance du pays (m\u00e9connaissance des r\u00e8gles constitutionnelles). Ce qui est nouveau, c\u2019est que ceux qui ont vot\u00e9 pour KS, le \u00ab tout sauf Nabil \u00bb, sont globalement, un an apr\u00e8s, confiants par rapport \u00e0 leur choix, g\u00e9n\u00e9ralement des adultes. Jusqu\u2019\u00e0 quand ?<\/p>\n<p>Le discours diviseur et clivant (nous et eux, peuple et classe politique, propres et corrompus, sans distinction ou discernement) et non f\u00e9d\u00e9rateur ou rassembleur, risque de faire d\u00e9pr\u00e9cier ce capital confiance. Encore plus dans cette phase d\u00e9licate que vit le pays avec des d\u00e9fis sanitaires et socio-\u00e9conomiques o\u00f9 on a besoin d\u2019unit\u00e9 nationale. \u00bb<\/p>\n<p>C\u2019est, \u00e0 notre humble avis, un jugement qui d\u00e9note aujourd\u2019hui une m\u00e9connaissance psychologique de l\u2019homme qui pr\u00e9side maintenant aux destin\u00e9es de notre pays. Un an s\u2019est \u00e9coul\u00e9 depuis la parution de cet article et cette \u00ab phase d\u00e9licate que vit le pays avec des d\u00e9fis sanitaires et socio-\u00e9conomiques \u00bb persiste toujours. Mais, selon nous, les liens de Ka\u00efs Sa\u00efed avec ceux qui l\u2019ont port\u00e9 au pouvoir n\u2019ont pas vari\u00e9. Au contraire, ils se sont renforc\u00e9s, comme d\u2019aucuns peuvent le constater ais\u00e9ment aujourd\u2019hui. Outre ses nombreuses visites impromptues aux r\u00e9gions et quartiers d\u00e9favoris\u00e9s, il importe de signaler sa rencontre avec les jeunes manifestants mardi dernier \u00e0 M&rsquo;nhila et son vibrant appel au calme. Contrairement \u00e0 ses habitudes, il s\u2019est adress\u00e9 \u00e0 la foule en usant le parler tunisien. Pourquoi donc ? Pourquoi n\u2019a t-il pas utilis\u00e9 l\u2019arabe litt\u00e9raire ? De par son m\u00e9tier, professeur de droit, Ka\u00cfs Sa\u00efed a \u00e9t\u00e9 amen\u00e9 \u00e0 user, en toutes circonstances, d\u2019un langage dont malheureusement, peu de Tunisiens se targuent d\u2019en conna\u00eetre la subtilit\u00e9. Mais le 18 janvier dernier, \u00e0 la suite des affrontements entre les jeunes des quartiers d\u00e9favoris\u00e9s de Tunis et les forces de l\u2019ordre, le Pr\u00e9sident Ka\u00efs Sa\u00efed a judicieusement \u00e9vit\u00e9 la pierre d\u2019achoppement en faisant appel \u00e0 la psychanalyse, tout simplement. Peut-\u00eatre pas sciemment, mais, il avait n\u00e9anmoins jug\u00e9 bon, en cette occasion, de changer de tactique et d\u2019utiliser la langue simple du peuple. Il ne pouvait, en effet, ignorer que ces jeunes ch\u00f4meurs, pour la plupart, ne sont pas habitu\u00e9s \u00e0 la langue arabe classique mais au vernaculaire tunisien, celui de leurs parents, et celui qu\u2019ils ont appris depuis leur prime enfance.<\/p>\n<p>Non seulement les psychanalystes mais \u00e9galement les traducteurs reconnaissent ce fait aujourd\u2019hui. A ce propos, nous citerons volontiers les travaux\u00a0 du franco-\u00e9gyptien Moustapha Safaouan, un psychanalyste de renom, qui avait soulev\u00e9 ce probl\u00e8me de langue dans un ouvrage c\u00e9l\u00e8bre intitul\u00e9 : \u2018Pourquoi le monde arabe n\u2019est pas libre : Politique de l\u2019\u00e9criture et terrorisme religieux\u2019, qu\u2019il a \u00e9crit en anglais (\u2018Why are the Arabs not Free? \u2013 The Politics of Writing\u2019) et qui a \u00e9t\u00e9, ensuite, publi\u00e9 \u00e0 Paris par Deno\u00ebl en 2008.<\/p>\n<p>En juin 2011, Moustapha Safaouan, avait donn\u00e9, \u00e0 ce propos, une interview \u00e0 son ami anglais, Colin MacCabe, lui-m\u00eame auteur et professeur \u00e0 l\u2019universit\u00e9 de Pittsburgh. Parlant du peuple \u00e9gyptien et de l\u2019\u00e9chec du Printemps arabe dans ce pays, il y disait notamment :\u00a0<\/p>\n<p>\u00ab Si vous faites une distinction entre une langue pour la culture ou la r\u00e9flexion qui soit diff\u00e9rente de la langue que tout le monde parle, cette distinction gardera alors le peuple, la\u00a0 plus grande masse de la nation, coup\u00e9 de tout renouvellement de la pens\u00e9e. M\u00eame \u00e0 ce moment\u2026 je veux dire ils ont fait le Printemps arabe. Mais maintenant ils se trouvent devant le fait que les cinq ou les six pour cent de la population repr\u00e9sent\u00e9e par la petite bourgeoisie, la bourgeoisie moyenne, qui constitue Facebook, sont totalement coup\u00e9s de la nation. De sorte qu\u2019aujourd\u2019hui, la nation se trouve toujours sous le joug de la m\u00eame pens\u00e9e politique, religieuse, etc. Et le r\u00e9sultat est que l\u2019arm\u00e9e exploite l\u2019ignorance du peuple. Lors du r\u00e9f\u00e9rendum constitutionnel du 19 mars, on remit aux illettr\u00e9s deux cartons, l\u2019un vert pour le oui, l\u2019autre noir pour le non. Dans la culture islamique le vert \u00e9tant consid\u00e9r\u00e9 bon signe, l\u2019arm\u00e9e obtint ainsi 77% des voix en sa faveur. Du coup, maintenant, les gens de Facebook commencent \u00e0 adopter d\u2019autres modes de culture pour se forger un nouvel \u00e9tat d\u2019esprit, comme, par exemple, \u00e9crire des po\u00e8mes en argot ou enregistrer des messages dans une langue simple, et compr\u00e9hensible. C\u2019est une nouvelle voie. \u00bb\u00a0\u00a0<\/p>\n<p>Moustapha Safaouan s\u2019est \u00e9teint \u00e0 Paris, en novembre dernier.<\/p>\n<p class=\"c5\"><strong>Rafik Darragi<\/strong><\/p>\n<p>Auteur:<br \/>\n<a href=\"https:\/\/www.leaders.com.tn\/article\/31300-psychanalyse-et-politique-un-probleme-de-langue\">Cliquez ici pour lire l&rsquo;article depuis sa source.<\/a><\/p>\n","protected":false},"excerpt":{"rendered":"<p>Par Rafik Darragi &#8211; Il y a tout juste un an, Hassan Zargouni, se r\u00e9f\u00e9rant au sondage des derni\u00e8res \u00e9lections en Tunisie, avait\u00a0 publi\u00e9 un article paru sur les colonnes de Leaders, portant ce titre : \u2018Un an apr\u00e8s, les jeunes qui avaient vot\u00e9 Kais Sa\u00efed se retrouvent-ils aujourd&rsquo;hui dans leur choix? \u2019. Sa conclusion [&hellip;]<\/p>\n","protected":false},"author":1772,"featured_media":0,"comment_status":"closed","ping_status":"closed","sticky":false,"template":"","format":"standard","meta":{"fifu_image_url":"\/uploads\/FCK_files\/Rafik-Darragi(23).jpg","fifu_image_alt":"Psychanalyse et politique: Un probl\u00e8me de langue ?","footnotes":""},"categories":[73,55],"tags":[],"class_list":["post-109659","post","type-post","status-publish","format-standard","hentry","category-actualite","category-tunisie"],"_links":{"self":[{"href":"https:\/\/linitiative.ca\/International\/wp-json\/wp\/v2\/posts\/109659","targetHints":{"allow":["GET"]}}],"collection":[{"href":"https:\/\/linitiative.ca\/International\/wp-json\/wp\/v2\/posts"}],"about":[{"href":"https:\/\/linitiative.ca\/International\/wp-json\/wp\/v2\/types\/post"}],"author":[{"embeddable":true,"href":"https:\/\/linitiative.ca\/International\/wp-json\/wp\/v2\/users\/1772"}],"replies":[{"embeddable":true,"href":"https:\/\/linitiative.ca\/International\/wp-json\/wp\/v2\/comments?post=109659"}],"version-history":[{"count":0,"href":"https:\/\/linitiative.ca\/International\/wp-json\/wp\/v2\/posts\/109659\/revisions"}],"wp:attachment":[{"href":"https:\/\/linitiative.ca\/International\/wp-json\/wp\/v2\/media?parent=109659"}],"wp:term":[{"taxonomy":"category","embeddable":true,"href":"https:\/\/linitiative.ca\/International\/wp-json\/wp\/v2\/categories?post=109659"},{"taxonomy":"post_tag","embeddable":true,"href":"https:\/\/linitiative.ca\/International\/wp-json\/wp\/v2\/tags?post=109659"}],"curies":[{"name":"wp","href":"https:\/\/api.w.org\/{rel}","templated":true}]}}