{"id":109660,"date":"2021-01-20T13:52:00","date_gmt":"2021-01-20T18:52:00","guid":{"rendered":"https:\/\/linitiative.ca\/International\/mouvements-de-contestation-kais-saied-na-evoque-aucune-religion-affirme-carthage\/"},"modified":"2021-01-20T13:52:00","modified_gmt":"2021-01-20T18:52:00","slug":"mouvements-de-contestation-kais-saied-na-evoque-aucune-religion-affirme-carthage","status":"publish","type":"post","link":"https:\/\/linitiative.ca\/International\/mouvements-de-contestation-kais-saied-na-evoque-aucune-religion-affirme-carthage\/","title":{"rendered":"Mouvements de contestation : Kais Sa\u00efed \u2018\u2019n\u2019a \u00e9voqu\u00e9 aucune religion\u2019\u2019, affirme Carthage"},"content":{"rendered":"<p><span class=\"c2\">Vive pol\u00e9mique suscit\u00e9e apr\u00e8s la diffusion, sur les r\u00e9seaux sociaux, de propos attribu\u00e9s au chef de l\u2019\u00c9tat, lui pr\u00eatant l\u2019implication de ressortissants de confession juive dans les r\u00e9cents mouvements de contestation. Relay\u00e9e par des m\u00e9dias \u00e9trangers, l\u2019information, a provoqu\u00e9 un toll\u00e9 g\u00e9n\u00e9ral. Un d\u00e9menti cat\u00e9gorique a \u00e9t\u00e9 apport\u00e9 par la Pr\u00e9sidence de la R\u00e9publique qui a publi\u00e9 le communiqu\u00e9 suivant\u00a0:<\/span><\/p>\n<p><span class=\"c3\"><strong>Primo :<\/strong><\/span> Le Pr\u00e9sident n&rsquo;a \u00e9voqu\u00e9 aucune religion et qu\u2019il n\u2019y avait aucun motif raisonnable n\u00e9cessitant le traitement de la question des religions dans le cadre des protestations d\u2019autant plus que le Chef de l\u2019\u00c9tat consid\u00e8re que cette question ne se pose point en Tunisie.<\/p>\n<p><span class=\"c3\"><strong>Secundo :<\/strong><\/span> La position de son excellence le Pr\u00e9sident de la R\u00e9publique est claire sur cette question dans la mesure o\u00f9 il fait une nette distinction entre le juda\u00efsme, d&rsquo;une part et le sionisme, d&rsquo;autre part. Il y a lieu de rappeler que le Pr\u00e9sident de la R\u00e9publique avait invit\u00e9 le Grand Rabbin de Tunisie \u00e0 assister \u00e0 la c\u00e9r\u00e9monie de prestation de serment, aux c\u00f4t\u00e9s d&rsquo;autres invit\u00e9s, dont le mufti de la R\u00e9publique et l&rsquo;archev\u00eaque de Tunis.<\/p>\n<p>Il y a lieu de rappeler \u00e9galement que le Pr\u00e9sident de la R\u00e9publique avait effectu\u00e9 une visite \u00e0 la synagogue d&rsquo;El Ghriba, o\u00f9 il avait rencontr\u00e9 des Tunisiens de confession juive. Il avait aussi, lui-m\u00eame, veiller \u00e0 pr\u00e9senter ses condol\u00e9ances \u00e0 la famille du militant Gilbert Naccache, avec qui il entretenait une amiti\u00e9 solide. Sachant que le chef de l\u2019\u00c9tat suivait de pr\u00e8s l\u2019\u00e9tat de sant\u00e9 du d\u00e9funt \u00e0 Paris et il a \u00e9t\u00e9 le premier \u00e0 soutenir la famille apr\u00e8s le d\u00e9c\u00e8s du militant.<\/p>\n<p><span class=\"c3\"><strong>Tertio,<\/strong><\/span> le Pr\u00e9sident de la R\u00e9publique a expliqu\u00e9 lors d\u2019un entretien t\u00e9l\u00e9phonique avec le Grand Rabbin de Tunisie, Ha\u00efm Bittan, que les Tunisiens de confession juive, sont des citoyens b\u00e9n\u00e9ficiant de la sollicitude et de la protection de l\u2019\u00c9tat Tunisien, tout autant que les autres citoyens. Il a aussi rappel\u00e9 sa ferme position concernant la cause palestinienne, faisant la distinction entre la libert\u00e9 religieuse et le droit du peuple Palestinien \u00e0 sa terre. Un droit consid\u00e9r\u00e9 comme un principe constant que nul ne peut remettre en cause en \u00e9tant de connivence avec les occupants usurpateurs.<\/p>\n<p>Malheureusement, il y a en Tunisie ceux qui n&rsquo;h\u00e9sitent pas \u00e0 mentir, \u00e0 prof\u00e9rer des calomnies et \u00e0 faire preuve d\u2019hypocrisie pour atteindre des objectifs politiques connus de tous. Cette partie ne s\u2019\u00e9tait pas content\u00e9e d\u2019imposer un blocage \u00e0 l\u2019int\u00e9rieur du pays, puisqu\u2019elle cherche \u00e0 s\u2019allier, aujourd\u2019hui, avec des conspirateurs contre la Tunisie et son peuple, pour imposer un blocage \u00e0 partir de l&rsquo;\u00e9tranger. Plut\u00f4t que d&rsquo;\u00eatre \u00e0 l\u2019\u00e9coute des revendications du peuple Tunisien en veillant \u00e0 identifier des solutions \u00e0 ses probl\u00e8mes, cette partie \u0153uvre \u00e0 d\u00e9tourner l&rsquo;attention de ces revendications vers de faux probl\u00e8mes cr\u00e9\u00e9s de toutes pi\u00e8ces \u00e0 travers les m\u00e9dias sociaux dans le but de semer la discorde par le biais d\u2019informations mensong\u00e8res et cherche \u00e0 d\u00e9tourner l\u2019attention des vrais probl\u00e8mes et de la difficult\u00e9 de la situation.<\/p>\n<p>Celui qui a bien \u00e9cout\u00e9 les propos tenus par le pr\u00e9sident de la R\u00e9publique \u00e0 Mnihla comprendra que tout ce qui a \u00e9t\u00e9 diffus\u00e9 n\u2019est qu\u2019un tissu de mensonges foment\u00e9s par les adeptes de l\u2019hypocrisie.<\/p>\n<p>Dieu a dit : \u00ab <em><strong>Il en est parmi eux qui viennent t&rsquo;\u00e9couter, cependant que Nous avons entour\u00e9 de voiles leurs c\u0153urs, qui les emp\u00eachent de comprendre (le Coran), et dans leurs oreilles est une lourdeur.<\/strong><\/em> \u00bb (06 :25)<\/p>\n<p>Auteur:<br \/>\n<a href=\"https:\/\/www.leaders.com.tn\/article\/31301-mouvements-de-contestation-kais-saied-n-a-evoque-aucune-religion-affirme-carthage\">Cliquez ici pour lire l&rsquo;article depuis sa source.<\/a><\/p>\n","protected":false},"excerpt":{"rendered":"<p>Vive pol\u00e9mique suscit\u00e9e apr\u00e8s la diffusion, sur les r\u00e9seaux sociaux, de propos attribu\u00e9s au chef de l\u2019\u00c9tat, lui pr\u00eatant l\u2019implication de ressortissants de confession juive dans les r\u00e9cents mouvements de contestation. Relay\u00e9e par des m\u00e9dias \u00e9trangers, l\u2019information, a provoqu\u00e9 un toll\u00e9 g\u00e9n\u00e9ral. Un d\u00e9menti cat\u00e9gorique a \u00e9t\u00e9 apport\u00e9 par la Pr\u00e9sidence de la R\u00e9publique qui [&hellip;]<\/p>\n","protected":false},"author":1772,"featured_media":0,"comment_status":"closed","ping_status":"closed","sticky":false,"template":"","format":"standard","meta":{"fifu_image_url":"","fifu_image_alt":"","footnotes":""},"categories":[73,55],"tags":[],"class_list":["post-109660","post","type-post","status-publish","format-standard","hentry","category-actualite","category-tunisie"],"_links":{"self":[{"href":"https:\/\/linitiative.ca\/International\/wp-json\/wp\/v2\/posts\/109660","targetHints":{"allow":["GET"]}}],"collection":[{"href":"https:\/\/linitiative.ca\/International\/wp-json\/wp\/v2\/posts"}],"about":[{"href":"https:\/\/linitiative.ca\/International\/wp-json\/wp\/v2\/types\/post"}],"author":[{"embeddable":true,"href":"https:\/\/linitiative.ca\/International\/wp-json\/wp\/v2\/users\/1772"}],"replies":[{"embeddable":true,"href":"https:\/\/linitiative.ca\/International\/wp-json\/wp\/v2\/comments?post=109660"}],"version-history":[{"count":0,"href":"https:\/\/linitiative.ca\/International\/wp-json\/wp\/v2\/posts\/109660\/revisions"}],"wp:attachment":[{"href":"https:\/\/linitiative.ca\/International\/wp-json\/wp\/v2\/media?parent=109660"}],"wp:term":[{"taxonomy":"category","embeddable":true,"href":"https:\/\/linitiative.ca\/International\/wp-json\/wp\/v2\/categories?post=109660"},{"taxonomy":"post_tag","embeddable":true,"href":"https:\/\/linitiative.ca\/International\/wp-json\/wp\/v2\/tags?post=109660"}],"curies":[{"name":"wp","href":"https:\/\/api.w.org\/{rel}","templated":true}]}}