{"id":109664,"date":"2021-01-20T10:15:40","date_gmt":"2021-01-20T15:15:40","guid":{"rendered":"https:\/\/linitiative.ca\/International\/vrai-ou-fake-sur-la-covid-19-au-maroc-mercredi-20-janvier\/"},"modified":"2021-01-20T10:15:40","modified_gmt":"2021-01-20T15:15:40","slug":"vrai-ou-fake-sur-la-covid-19-au-maroc-mercredi-20-janvier","status":"publish","type":"post","link":"https:\/\/linitiative.ca\/International\/vrai-ou-fake-sur-la-covid-19-au-maroc-mercredi-20-janvier\/","title":{"rendered":"Vrai ou Fake sur la Covid-19 au Maroc, mercredi 20 janvier"},"content":{"rendered":"<p><strong>Le coronavirus, qui a contamin\u00e9 plus de 96 millions de personnes dans le monde, est \u00e0 l\u2019origine d\u2019un flot de Fake news relay\u00e9es par des sites d\u2019information et sur les r\u00e9seaux sociaux.<\/strong><\/p>\n<div class=\"c10\"\/>\n<p>\u2013 Un taux de positivit\u00e9 \u00e0 la Covid-19 de 2% a \u00e9t\u00e9 enregistr\u00e9 parmi les coll\u00e9giens et lyc\u00e9ens d\u00e9pist\u00e9s au Maroc suite \u00e0 l\u2019apparition de la nouvelle souche du coronavirus. <strong>VRAI<\/strong><\/p>\n<p>\u2013 Le vaccin aurait tu\u00e9 50 personnes \u00e2g\u00e9es dans les Alpes-Maritimes. <strong>FAKE<\/strong><\/p>\n<p><strong>Lire aussi|<\/strong><a href=\"https:\/\/www.challenge.ma\/coronavirus-le-siam-2021-annule-172548\/\"><strong>Coronavirus : le SIAM 2021 annul\u00e9<\/strong><\/a><\/p>\n<p>\u2013 La pand\u00e9mie du coronavirus a fait au moins 2.059.921 morts dans le monde depuis son apparition. <strong>VRAI<\/strong><\/p>\n<p>\u2013 L\u2019immunit\u00e9 collective contre la Covid-19 au Royaume pourrait \u00eatre atteinte d\u00e9but mai. <strong>VRAI<\/strong><\/p>\n<p><strong>Lire aussi|<\/strong><a href=\"https:\/\/www.challenge.ma\/vaccination-le-gouvernement-envisage-aussi-dautres-mesures-pour-eviter-les-rechutes-172524\/\"><strong>Vaccination : le gouvernement envisage aussi d\u2019autres mesures pour \u00e9viter les rechutes<\/strong><\/a><\/p>\n<p>\u2013 Les tests Covid-19 sont d\u00e9sormais remboursables par la CNSS. <strong>FAKE<\/strong><\/p>\n<p>\u2013 Le Maroc a command\u00e9 66 millions de doses de vaccins anti-Covid-19. <strong>VRAI<\/strong><\/p>\n<p>Auteur: Hajar DARI<br \/>\n<a href=\"https:\/\/www.challenge.ma\/vrai-ou-fake-sur-la-covid-19-au-maroc-mercredi-20-janvier-172545\/\">Cliquez ici pour lire l&rsquo;article depuis sa source.<\/a><\/p>\n","protected":false},"excerpt":{"rendered":"<p>Le coronavirus, qui a contamin\u00e9 plus de 96 millions de personnes dans le monde, est \u00e0 l\u2019origine d\u2019un flot de Fake news relay\u00e9es par des sites d\u2019information et sur les r\u00e9seaux sociaux. \u2013 Un taux de positivit\u00e9 \u00e0 la Covid-19 de 2% a \u00e9t\u00e9 enregistr\u00e9 parmi les coll\u00e9giens et lyc\u00e9ens d\u00e9pist\u00e9s au Maroc suite \u00e0 [&hellip;]<\/p>\n","protected":false},"author":1787,"featured_media":0,"comment_status":"closed","ping_status":"closed","sticky":false,"template":"","format":"standard","meta":{"fifu_image_url":"","fifu_image_alt":"","footnotes":""},"categories":[78,54],"tags":[],"class_list":["post-109664","post","type-post","status-publish","format-standard","hentry","category-economie","category-maroc"],"_links":{"self":[{"href":"https:\/\/linitiative.ca\/International\/wp-json\/wp\/v2\/posts\/109664","targetHints":{"allow":["GET"]}}],"collection":[{"href":"https:\/\/linitiative.ca\/International\/wp-json\/wp\/v2\/posts"}],"about":[{"href":"https:\/\/linitiative.ca\/International\/wp-json\/wp\/v2\/types\/post"}],"author":[{"embeddable":true,"href":"https:\/\/linitiative.ca\/International\/wp-json\/wp\/v2\/users\/1787"}],"replies":[{"embeddable":true,"href":"https:\/\/linitiative.ca\/International\/wp-json\/wp\/v2\/comments?post=109664"}],"version-history":[{"count":0,"href":"https:\/\/linitiative.ca\/International\/wp-json\/wp\/v2\/posts\/109664\/revisions"}],"wp:attachment":[{"href":"https:\/\/linitiative.ca\/International\/wp-json\/wp\/v2\/media?parent=109664"}],"wp:term":[{"taxonomy":"category","embeddable":true,"href":"https:\/\/linitiative.ca\/International\/wp-json\/wp\/v2\/categories?post=109664"},{"taxonomy":"post_tag","embeddable":true,"href":"https:\/\/linitiative.ca\/International\/wp-json\/wp\/v2\/tags?post=109664"}],"curies":[{"name":"wp","href":"https:\/\/api.w.org\/{rel}","templated":true}]}}