{"id":109665,"date":"2021-01-20T10:33:15","date_gmt":"2021-01-20T15:33:15","guid":{"rendered":"https:\/\/linitiative.ca\/International\/etats-unis-donald-trump-fait-ses-adieux\/"},"modified":"2021-01-20T10:33:15","modified_gmt":"2021-01-20T15:33:15","slug":"etats-unis-donald-trump-fait-ses-adieux","status":"publish","type":"post","link":"https:\/\/linitiative.ca\/International\/etats-unis-donald-trump-fait-ses-adieux\/","title":{"rendered":"Etats-Unis : Donald Trump fait ses adieux"},"content":{"rendered":"<p><strong>Le pr\u00e9sident am\u00e9ricain a donn\u00e9 ce 20 janvier son dernier discours en tant que pr\u00e9sident des Etats-Unis. Un discours d\u2019adieu dans lequel il a tenu \u00e0 remercier tous ses colaborateurs et tous ceux qui lui ont permis de mener \u00e0 bien sa mission durant ces quatre derni\u00e8res ann\u00e9es.<\/strong><\/p>\n<div class=\"c10\"\/>\n<p>\u00ab\u00a0Nous avons fait ce pourquoi nous \u00e9tions l\u00e0, et plus encore\u00a0\u00bb, a lanc\u00e9 Donald Trump \u00e0 la foule venue l\u2019acclamer une derni\u00e8re fois. Il est notamment revenu sur les accomplissements de son administration, dressant un bilan plut\u00f4t \u00e9logieux de son mandat. \u00ab\u00a0Nous avons redynamis\u00e9 nos alliances et uni les nations du monde pour faire face \u00e0 la Chine comme jamais auparavant. Je suis tout particuli\u00e8rement fier d\u2019\u00eatre le premier pr\u00e9sident depuis des d\u00e9cennies \u00e0 ne pas avoir d\u00e9clench\u00e9 de nouvelle guerre\u00a0\u00bb, a s\u2019est-il f\u00e9licit\u00e9.<\/p>\n<p><strong>Lire aussi| <a href=\"https:\/\/www.challenge.ma\/transformation-digitale-marjane-holding-passe-a-la-vitesse-superieure-172510\/\">Transformation digitale : Marjane Holding passe \u00e0 la vitesse sup\u00e9rieure<\/a><\/strong><\/p>\n<p>\u00ab\u00a0Les Etats-Unis n\u2019ont jamais \u00e9t\u00e9 aussi s\u00fbrs et le monde entier nous respecte. Et alors que je me pr\u00e9pare \u00e0 remettre le pouvoir \u00e0 une nouvelle administration, je veux que vous sachiez que le mouvement que j\u2019ai initi\u00e9 n\u2019en est qu\u2019\u00e0 ses d\u00e9buts\u00a0\u00bb, a-t-il ajout\u00e9. Soulignons que Donald Trump n\u2019a jamais admis sa d\u00e9faite ou reconna\u00eetre publiquement la victoire de son adversaire Joe Biden lors de l\u2019\u00e9lection pr\u00e9sidentielle du 3 novembre dernier, avant de quitter d\u00e9finitivement la Maison Blanche. Il a toutefois exhort\u00e9 ses compatriotes \u00e0 prier pour \u00a0le succ\u00e8s de la nouvelle administration.<\/p>\n<p><strong>Lire aussi| <a href=\"https:\/\/www.challenge.ma\/vaccination-le-gouvernement-envisage-aussi-dautres-mesures-pour-eviter-les-rechutes-172524\/\">Vaccination : le gouvernement envisage aussi d\u2019autres mesures pour \u00e9viter les rechutes<\/a><\/strong><\/p>\n<p>\u00ab\u00a0Nous lui pr\u00e9sentons nos meilleurs v\u0153ux, et nous lui\u00a0souhaitons aussi bonne chance, un mot tr\u00e8s important\u00a0\u00bb, a soulign\u00e9 Donald Trump. Cependant, comme le veut la tradition, le d\u00e9sormais ex-pr\u00e9sident r\u00e9publicain a laiss\u00e9 une lettre \u00e0 son successeur sur le bureau ovale. Force est de pr\u00e9ciser que Donald Trump, contrairement \u00e0 ce que se fait le jour de l\u2019investiture, n\u2019assistera pas \u00e0 la c\u00e9r\u00e9monie de prestation de serment de Joe Biden. Il a ainsi quitt\u00e9 Washington la matin\u00e9e du 20 janvier \u00e0 bord de l\u2019Air Force One, \u00e0 destination de l\u2019Etat de la Floride o\u00f9 se trouve sa r\u00e9sidence personnelle.<\/p>\n<p>Auteur: challenge<br \/>\n<a href=\"https:\/\/www.challenge.ma\/etats-unis-donald-trump-fait-ses-adieux-172565\/\">Cliquez ici pour lire l&rsquo;article depuis sa source.<\/a><\/p>\n","protected":false},"excerpt":{"rendered":"<p>Le pr\u00e9sident am\u00e9ricain a donn\u00e9 ce 20 janvier son dernier discours en tant que pr\u00e9sident des Etats-Unis. Un discours d\u2019adieu dans lequel il a tenu \u00e0 remercier tous ses colaborateurs et tous ceux qui lui ont permis de mener \u00e0 bien sa mission durant ces quatre derni\u00e8res ann\u00e9es. \u00ab\u00a0Nous avons fait ce pourquoi nous \u00e9tions [&hellip;]<\/p>\n","protected":false},"author":1787,"featured_media":0,"comment_status":"closed","ping_status":"closed","sticky":false,"template":"","format":"standard","meta":{"fifu_image_url":"","fifu_image_alt":"","footnotes":""},"categories":[78,54],"tags":[],"class_list":["post-109665","post","type-post","status-publish","format-standard","hentry","category-economie","category-maroc"],"_links":{"self":[{"href":"https:\/\/linitiative.ca\/International\/wp-json\/wp\/v2\/posts\/109665","targetHints":{"allow":["GET"]}}],"collection":[{"href":"https:\/\/linitiative.ca\/International\/wp-json\/wp\/v2\/posts"}],"about":[{"href":"https:\/\/linitiative.ca\/International\/wp-json\/wp\/v2\/types\/post"}],"author":[{"embeddable":true,"href":"https:\/\/linitiative.ca\/International\/wp-json\/wp\/v2\/users\/1787"}],"replies":[{"embeddable":true,"href":"https:\/\/linitiative.ca\/International\/wp-json\/wp\/v2\/comments?post=109665"}],"version-history":[{"count":0,"href":"https:\/\/linitiative.ca\/International\/wp-json\/wp\/v2\/posts\/109665\/revisions"}],"wp:attachment":[{"href":"https:\/\/linitiative.ca\/International\/wp-json\/wp\/v2\/media?parent=109665"}],"wp:term":[{"taxonomy":"category","embeddable":true,"href":"https:\/\/linitiative.ca\/International\/wp-json\/wp\/v2\/categories?post=109665"},{"taxonomy":"post_tag","embeddable":true,"href":"https:\/\/linitiative.ca\/International\/wp-json\/wp\/v2\/tags?post=109665"}],"curies":[{"name":"wp","href":"https:\/\/api.w.org\/{rel}","templated":true}]}}