{"id":109668,"date":"2021-01-20T15:30:56","date_gmt":"2021-01-20T20:30:56","guid":{"rendered":"https:\/\/linitiative.ca\/International\/etats-unis-joe-biden-a-prete-serment\/"},"modified":"2021-01-20T15:30:56","modified_gmt":"2021-01-20T20:30:56","slug":"etats-unis-joe-biden-a-prete-serment","status":"publish","type":"post","link":"https:\/\/linitiative.ca\/International\/etats-unis-joe-biden-a-prete-serment\/","title":{"rendered":"Etats-Unis :  Joe Biden a pr\u00eat\u00e9 serment"},"content":{"rendered":"<p><strong>Joe Biden a pr\u00eat\u00e9 serment ce 20 janvier. Il devient officiellement le 46<sup>\u00e8me<\/sup> pr\u00e9sident des Etats-Unis, apr\u00e8s avoir remport\u00e9 l\u2019\u00e9lection pr\u00e9sidentielle du 3 novembre dernier.<\/strong><\/p>\n<div class=\"c10\"\/>\n<p>L\u2019Am\u00e9rique s\u2019appr\u00eate \u00e0 \u00e9crire une nouvelle page de son histoire avec le d\u00e9mocrate Joe Biden \u00e0 sa t\u00eate. Dans son discours inaugural, le nouveau locataire de la Maison Blanche a ainsi mis un accent particulier sur l\u2019union. \u00ab\u00a0C\u2019est le jour de l\u2019Am\u00e9rique, c\u2019est le jour de la d\u00e9mocratie. Nous c\u00e9l\u00e9brons le triomphe, non d\u2019un candidat, mais d\u2019une cause, celle de la d\u00e9mocratie. La volont\u00e9 du peuple a \u00e9t\u00e9 entendue\u00a0\u00bb, a d\u00e9clar\u00e9 Joe Biden. \u00ab\u00a0Mon \u00e2me enti\u00e8re est consacr\u00e9e \u00e0 cela\u00a0: unifier notre nation. Et je demande \u00e0 chaque Am\u00e9ricain de me rejoindre dans cette cause. Je suis persuad\u00e9 quel\u2019unit\u00e9 est le seul moyen d\u2019aller de l\u2019avant. Je serai le\u00a0pr\u00e9sident de tous les Am\u00e9ricains\u00a0et je me battrai autant pour ceux qui n\u2019ont pas vot\u00e9 pour moi que pour ceux qui m\u2019ont \u00e9lu\u00a0\u00bb, a-t-il assur\u00e9.<\/p>\n<p><strong>Lire aussi| <a href=\"https:\/\/www.challenge.ma\/etats-unis-donald-trump-fait-ses-adieux-172565\/\">Etats-Unis : Donald Trump fait ses adieux<\/a><\/strong><\/p>\n<p>Pour sa part, Kamala Harris, premi\u00e8re femme \u00e9lue vice-pr\u00e9sidente des Etats-Unis et premi\u00e8re repr\u00e9sentante des minorit\u00e9s raciales, a pr\u00eat\u00e9 serment sur la Bible de Thurgood Marshall, qui est le premier afro-am\u00e9ricain nomm\u00e9 \u00e0 la Cour supr\u00eame, et devant la juge Sonia Sotomayor, la premi\u00e8re hispanique \u00e0 y si\u00e9ger. Force est de souligner que Joe Biden n\u2019entend pas perdre une seule minute, car les priorit\u00e9s sont nombreuses. Il compte, en effet, lancer une s\u00e9rie de r\u00e9formes \u00a0sur les 100 premiers jours de son mandat, et entend aussi revenir sur plusieurs mesures prises par Donald Trump. Mais, sa priorit\u00e9 absolue reste la lutte contre le Covid-19 et la relance de l\u2019\u00e9conomie am\u00e9ricaine.<\/p>\n<p><strong>Lire aussi| <a href=\"https:\/\/www.challenge.ma\/coronavirus-le-siam-2021-annule-172548\/\">Coronavirus : le SIAM 2021 annul\u00e9<\/a><\/strong><\/p>\n<p>Auteur: challenge<br \/>\n<a href=\"https:\/\/www.challenge.ma\/etats-unis-joe-biden-a-prete-serment-172611\/\">Cliquez ici pour lire l&rsquo;article depuis sa source.<\/a><\/p>\n","protected":false},"excerpt":{"rendered":"<p>Joe Biden a pr\u00eat\u00e9 serment ce 20 janvier. Il devient officiellement le 46\u00e8me pr\u00e9sident des Etats-Unis, apr\u00e8s avoir remport\u00e9 l\u2019\u00e9lection pr\u00e9sidentielle du 3 novembre dernier. L\u2019Am\u00e9rique s\u2019appr\u00eate \u00e0 \u00e9crire une nouvelle page de son histoire avec le d\u00e9mocrate Joe Biden \u00e0 sa t\u00eate. Dans son discours inaugural, le nouveau locataire de la Maison Blanche a [&hellip;]<\/p>\n","protected":false},"author":1787,"featured_media":0,"comment_status":"closed","ping_status":"closed","sticky":false,"template":"","format":"standard","meta":{"fifu_image_url":"","fifu_image_alt":"","footnotes":""},"categories":[78,54],"tags":[],"class_list":["post-109668","post","type-post","status-publish","format-standard","hentry","category-economie","category-maroc"],"_links":{"self":[{"href":"https:\/\/linitiative.ca\/International\/wp-json\/wp\/v2\/posts\/109668","targetHints":{"allow":["GET"]}}],"collection":[{"href":"https:\/\/linitiative.ca\/International\/wp-json\/wp\/v2\/posts"}],"about":[{"href":"https:\/\/linitiative.ca\/International\/wp-json\/wp\/v2\/types\/post"}],"author":[{"embeddable":true,"href":"https:\/\/linitiative.ca\/International\/wp-json\/wp\/v2\/users\/1787"}],"replies":[{"embeddable":true,"href":"https:\/\/linitiative.ca\/International\/wp-json\/wp\/v2\/comments?post=109668"}],"version-history":[{"count":0,"href":"https:\/\/linitiative.ca\/International\/wp-json\/wp\/v2\/posts\/109668\/revisions"}],"wp:attachment":[{"href":"https:\/\/linitiative.ca\/International\/wp-json\/wp\/v2\/media?parent=109668"}],"wp:term":[{"taxonomy":"category","embeddable":true,"href":"https:\/\/linitiative.ca\/International\/wp-json\/wp\/v2\/categories?post=109668"},{"taxonomy":"post_tag","embeddable":true,"href":"https:\/\/linitiative.ca\/International\/wp-json\/wp\/v2\/tags?post=109668"}],"curies":[{"name":"wp","href":"https:\/\/api.w.org\/{rel}","templated":true}]}}