{"id":109670,"date":"2021-01-20T16:12:54","date_gmt":"2021-01-20T21:12:54","guid":{"rendered":"https:\/\/linitiative.ca\/International\/tunisie-bavettes-de-quel-controle-de-qualite-des-medicaments-et-dispositifs-medicaux-parle-t-on\/"},"modified":"2021-01-20T16:12:54","modified_gmt":"2021-01-20T21:12:54","slug":"tunisie-bavettes-de-quel-controle-de-qualite-des-medicaments-et-dispositifs-medicaux-parle-t-on","status":"publish","type":"post","link":"https:\/\/linitiative.ca\/International\/tunisie-bavettes-de-quel-controle-de-qualite-des-medicaments-et-dispositifs-medicaux-parle-t-on\/","title":{"rendered":"Tunisie \u2013 Bavettes\u00a0: De quel contr\u00f4le de qualit\u00e9 des m\u00e9dicaments et dispositifs m\u00e9dicaux parle-t-on\u00a0?"},"content":{"rendered":"<div class=\"post-cont-in left relative\">\n<div id=\"post-info-wrap\" class=\"left relative post-info-out\">\n<div class=\"post-info-img left relative\"><img loading=\"lazy\" decoding=\"async\" alt=\"\" src=\"https:\/\/secure.gravatar.com\/avatar\/96253f4a657b482a18e837c1252096c2?s=50&amp;d=mm&amp;r=g\" srcset=\"https:\/\/secure.gravatar.com\/avatar\/96253f4a657b482a18e837c1252096c2?s=100&amp;d=mm&amp;r=g 2x\" class=\"avatar avatar-50 photo\" height=\"50\" width=\"50\"\/><\/div>\n<div class=\"post-info-in\">\n<div class=\"post-info-right left relative post-info-name left relative\"><span><span class=\"post-info-text\">Par<\/span> <span class=\"author-name vcard fn author\"><a href=\"https:\/\/www.tunisienumerique.com\/author\/saber\/\" title=\"Articles par Saber .\" rel=\"author\">Saber .<\/a><\/span><\/span> <span class=\"post-date updated\"><time class=\"post-date updated\" datetime=\"2021-01-20\">\u00a0| Il y a 1 heure<\/time><\/span><\/div>\n<div class=\"left relative\"><button id=\"listenButton1\" class=\"responsivevoice-button\" type=\"button\" value=\"Play\" title=\"&#xC9;coutez l'article\"><span>\ud83d\udd0a \u00c9coutez l&rsquo;article<\/span><\/button> <\/div>\n<\/div>\n<\/div>\n<p>Avec la flamb\u00e9e des nouveaux cas de covid, et l\u2019augmentation vertigineuse des nombres, chaque jour, et avec les avertissements lanc\u00e9s par les autorit\u00e9s quant \u00e0 l\u2019application stricte et s\u00e9v\u00e8re de la loi, entre autres, le respect de la mesure du port du masque dans les lieux publics, les prix de ceux-ci on connu, une augmentation, aussi fulgurante. Or, le vrai probl\u00e8me dans ce dossier, c\u2019est que la qualit\u00e9 ne suit pas. En effet, plusieurs consommateurs se sont plaint d\u2019avoir achet\u00e9 des masques jetables qu\u2019ils n\u2019ont m\u00eame pas eu le temps d\u2019utiliser qu\u2019ils \u00e9taient, d\u00e9j\u00e0, d\u00e9chir\u00e9s. D\u2019autres ont trouv\u00e9 que les masques lavables qu\u2019ils ont achet\u00e9 les \u00e9touffent, tellement l\u2019\u00e9toffe est \u00e9paisse et ne laisse pas passer l\u2019air, ou, au contraire, le tissu \u00e9tait une v\u00e9ritable passoire, sans parler des \u00e9lastiques qui se d\u00e9tachent, ou se rompent, au premier usage\u2026<\/p>\n<div class=\"code-block code-block-1 c4\"><ins class=\"adsbygoogle c3\" data-ad-layout=\"in-article\" data-ad-format=\"fluid\" data-ad-client=\"ca-pub-2102118777505746\" data-ad-slot=\"7301775417\"\/> <\/div>\n<p>Ce probl\u00e8me appelle \u00e0 se poser des questions sur l\u2019efficacit\u00e9 du contr\u00f4le qu\u2019est sens\u00e9 op\u00e9rer le minist\u00e8re de la sant\u00e9, sur ces produits qui sont suppos\u00e9s \u00eatre des dispositifs m\u00e9dicaux. La qualit\u00e9 des produits propos\u00e9s \u00e0 la vente, et malgr\u00e9 la gravit\u00e9 de la crise et la n\u00e9cessit\u00e9 absolue du port de ces masques, laisse \u00e0 d\u00e9sirer, et montre le peu de s\u00e9rieux d\u2019un suppos\u00e9 contr\u00f4le de qualit\u00e9. Si jamais contr\u00f4le il y a\u00a0!<\/p>\n<p>Il semble, de prime abord, que le minist\u00e8re de la sant\u00e9 ait abandonn\u00e9 le citoyen \u00e0 son sort et aux gros poissons du business, puisqu\u2019il n\u2019op\u00e8re apparemment, aucun contr\u00f4le des prix de ces masques, qui se vendent \u00e0 des prix dissuasifs, qui emp\u00eachent le citoyen de les utiliser en bonne et due forme. Car avec des prix d\u00e9passant le dinar par pi\u00e8ce, il faudra compter trois \u00e0 quatre dinars par jour, et par personne, ce qui revient \u00e0 dire que \u00e7\u00e0 occasionne une d\u00e9pense de cent dinars par mois, pour une seule personne. Et si la famille compte quatre individus, le calcul devient hallucinant. Et il n\u2019y a, vraisemblablement, aucun contr\u00f4le de qualit\u00e9 op\u00e9r\u00e9 par le laboratoire de contr\u00f4le du minist\u00e8re de la sant\u00e9, ce qui fait que les articles en vente ne sont pas, forc\u00e9ment, conformes aux normes. Et surtout, qu\u2019on ne nous dise pas qu\u2019il y a un contr\u00f4le qui se fait pour chaque lot qui est mis sur le march\u00e9. Car, dans ce cas l\u00e0, \u00e7\u00e0 serait beaucoup plus grave, car cela voudra dire que ces m\u00e9canismes de contr\u00f4le sont totalement d\u00e9faillants, ce qui ne peut que susciter des inqui\u00e9tudes quant \u00e0 la qualit\u00e9 de tout ce qui passe par ces laboratoires, les m\u00e9dicaments en premier\u00a0!<\/p>\n<div class=\"swp_social_panel swp_horizontal_panel swp_flat_fresh swp_default_full_color swp_individual_full_color swp_other_full_color scale-100 scale-\" data-min-width=\"1100\" data-float-color=\"#ffffff\" data-float=\"bottom\" data-float-mobile=\"bottom\" data-transition=\"slide\">\n<div class=\"nc_tweetContainer swp_share_button total_shares total_sharesalt\"><span class=\"swp_count\">3 <span class=\"swp_label\">Partages<\/span><\/span><\/div>\n<\/div>\n<p><strong>Que se passe-t-il en Tunisie?<\/strong><br \/>Nous expliquons sur notre <a href=\"https:\/\/www.youtube.com\/channel\/UCRzypVq0B_yBad5eGrwBx0Q?sub_confirmation=1\" target=\"_blank\" rel=\"noopener\">cha\u00eene YouTube<\/a> . <a href=\"https:\/\/www.youtube.com\/channel\/UCRzypVq0B_yBad5eGrwBx0Q?sub_confirmation=1\" target=\"_blank\" rel=\"noopener\">Abonnez-vous!<\/a><\/p>\n<div class=\"mvp-org-wrap mvp-org-logo\" itemprop=\"publisher\"><img decoding=\"async\" src=\"https:\/\/www.tunisienumerique.com\/wp-content\/uploads\/2017\/02\/logo_tunisie_numerique.png\"\/><\/div>\n<div class=\"mvp-related-posts left relative\">\n<h4 class=\"post-header\"><span class=\"post-header\">Lire aussi<\/span><\/h4>\n<\/div>\n<div id=\"article-ad\"><ins class=\"adsbygoogle c5\" data-ad-client=\"ca-pub-2102118777505746\" data-ad-slot=\"6513972734\" data-ad-format=\"auto\" data-full-width-responsive=\"true\"\/> <\/div>\n<\/div>\n<div id=\"post-sidebar-wrap\"><ins class=\"adsbygoogle c5\" data-ad-client=\"ca-pub-2102118777505746\" data-ad-slot=\"6168283410\" data-ad-format=\"auto\" data-full-width-responsive=\"true\"\/> <\/div>\n<p>Auteur: Saber .<br \/>\n<a href=\"https:\/\/www.tunisienumerique.com\/tunisie-bavettes-de-quel-controle-de-qualite-des-medicaments-et-dispositifs-medicaux-parle-t-on\/\">Cliquez ici pour lire l&rsquo;article depuis sa source.<\/a><\/p>\n","protected":false},"excerpt":{"rendered":"<p>Par Saber . \u00a0| Il y a 1 heure \ud83d\udd0a \u00c9coutez l&rsquo;article Avec la flamb\u00e9e des nouveaux cas de covid, et l\u2019augmentation vertigineuse des nombres, chaque jour, et avec les avertissements lanc\u00e9s par les autorit\u00e9s quant \u00e0 l\u2019application stricte et s\u00e9v\u00e8re de la loi, entre autres, le respect de la mesure du port du masque [&hellip;]<\/p>\n","protected":false},"author":1789,"featured_media":0,"comment_status":"closed","ping_status":"closed","sticky":false,"template":"","format":"standard","meta":{"fifu_image_url":"https:\/\/secure.gravatar.com\/avatar\/96253f4a657b482a18e837c1252096c2?s=50&d=mm&r=g","fifu_image_alt":"Tunisie \u2013 Bavettes\u00a0: De quel contr\u00f4le de qualit\u00e9 des m\u00e9dicaments et dispositifs m\u00e9dicaux parle-t-on\u00a0?","footnotes":""},"categories":[73,55],"tags":[],"class_list":["post-109670","post","type-post","status-publish","format-standard","hentry","category-actualite","category-tunisie"],"_links":{"self":[{"href":"https:\/\/linitiative.ca\/International\/wp-json\/wp\/v2\/posts\/109670","targetHints":{"allow":["GET"]}}],"collection":[{"href":"https:\/\/linitiative.ca\/International\/wp-json\/wp\/v2\/posts"}],"about":[{"href":"https:\/\/linitiative.ca\/International\/wp-json\/wp\/v2\/types\/post"}],"author":[{"embeddable":true,"href":"https:\/\/linitiative.ca\/International\/wp-json\/wp\/v2\/users\/1789"}],"replies":[{"embeddable":true,"href":"https:\/\/linitiative.ca\/International\/wp-json\/wp\/v2\/comments?post=109670"}],"version-history":[{"count":0,"href":"https:\/\/linitiative.ca\/International\/wp-json\/wp\/v2\/posts\/109670\/revisions"}],"wp:attachment":[{"href":"https:\/\/linitiative.ca\/International\/wp-json\/wp\/v2\/media?parent=109670"}],"wp:term":[{"taxonomy":"category","embeddable":true,"href":"https:\/\/linitiative.ca\/International\/wp-json\/wp\/v2\/categories?post=109670"},{"taxonomy":"post_tag","embeddable":true,"href":"https:\/\/linitiative.ca\/International\/wp-json\/wp\/v2\/tags?post=109670"}],"curies":[{"name":"wp","href":"https:\/\/api.w.org\/{rel}","templated":true}]}}