{"id":109673,"date":"2021-01-20T17:17:56","date_gmt":"2021-01-20T22:17:56","guid":{"rendered":"https:\/\/linitiative.ca\/International\/ali-larayedh-audio-les-manifestations-nocturnes-soulevent-beaucoup-de-questions\/"},"modified":"2021-01-20T17:17:56","modified_gmt":"2021-01-20T22:17:56","slug":"ali-larayedh-audio-les-manifestations-nocturnes-soulevent-beaucoup-de-questions","status":"publish","type":"post","link":"https:\/\/linitiative.ca\/International\/ali-larayedh-audio-les-manifestations-nocturnes-soulevent-beaucoup-de-questions\/","title":{"rendered":"Ali Larayedh [Audio]: \u201cLes manifestations nocturnes soul\u00e8vent beaucoup de questions\u201d"},"content":{"rendered":"<div class=\"post-cont-in left relative\">\n<div id=\"post-info-wrap\" class=\"left relative post-info-out\">\n<div class=\"post-info-img left relative\"><img loading=\"lazy\" decoding=\"async\" alt=\"\" src=\"https:\/\/secure.gravatar.com\/avatar\/ea481d7287ad38ca1787f44b5bb1b70e?s=50&amp;d=mm&amp;r=g\" srcset=\"https:\/\/secure.gravatar.com\/avatar\/ea481d7287ad38ca1787f44b5bb1b70e?s=100&amp;d=mm&amp;r=g 2x\" class=\"avatar avatar-50 photo\" height=\"50\" width=\"50\"\/><\/div>\n<div class=\"post-info-in\">\n<div class=\"post-info-right left relative post-info-name left relative\"><span><span class=\"post-info-text\">Par<\/span> <span class=\"author-name vcard fn author\"><a href=\"https:\/\/www.tunisienumerique.com\/author\/rania-ben-slimane\/\" title=\"Articles par rania ben slimane\" rel=\"author\">rania ben slimane<\/a><\/span><\/span> <span class=\"post-date updated\"><time class=\"post-date updated\" datetime=\"2021-01-20\">\u00a0| Il y a 29 secondes<\/time><\/span><\/div>\n<div class=\"left relative\"><button id=\"listenButton1\" class=\"responsivevoice-button\" type=\"button\" value=\"Play\" title=\"&#xC9;coutez l'article\"><span>\ud83d\udd0a \u00c9coutez l&rsquo;article<\/span><\/button> <\/div>\n<\/div>\n<\/div>\n<p>Le Chef du mouvement Ennahdha par ailleurs ancien Chef du gouvernement, Ali Larayedh, a comment\u00e9 ce soir 20 janvier 2021, les \u00e9v\u00e9nements r\u00e9cents survenus dans la plupart des gouvernorats de la R\u00e9publique, affirmant que les manifestations nocturnes soul\u00e8vent des questions, notamment leur occurrence pendant le couvre-feu et l\u2019\u00e9tat d\u2019urgence ainsi que la crise du Coronavirus.<\/p>\n<div class=\"code-block code-block-1 c4\"><ins class=\"adsbygoogle c3\" data-ad-layout=\"in-article\" data-ad-format=\"fluid\" data-ad-client=\"ca-pub-2102118777505746\" data-ad-slot=\"7301775417\"\/> <\/div>\n<p>Il a poursuivi dans un communiqu\u00e9 \u00e0 Tunisienum\u00e9rique: \u00abLes manifestations de l\u2019Avenue Habib Bourguiba sont presque quotidiennes, et se d\u00e9roulent paisiblement sans probl\u00e8mes. La libert\u00e9 de manifestation pacifique est garantie et la s\u00e9curit\u00e9 n\u2019intervient qu\u2019en cas de danger ou de violence mena\u00e7ant les propri\u00e9t\u00e9s.<\/p>\n<p>Larayedh a ajout\u00e9 que les forces de l\u2019ordre remplissent leur devoir de prot\u00e9ger le pays et qu\u2019ils n\u2019utiliseront pas la force si les mouvements sont pacifiques et organis\u00e9s dans le cadre de la loi, poursuivant : \u00ab La loi suivra son cours si un mouvement pacifique est r\u00e9prim\u00e9 sans aucune justification. Elle suivra \u00e9galement son cours lorsque des propri\u00e9t\u00e9s publiques sont attaqu\u00e9es \u00bb.<\/p>\n<p><a href=\"https:\/\/www.tunisienumerique.com\/wp-content\/uploads\/2021\/01\/ali.final_.mp3\">https:\/\/www.tunisienumerique.com\/wp-content\/uploads\/2021\/01\/ali.final_.mp3<\/a><\/p>\n<div class=\"swp_social_panel swp_horizontal_panel swp_flat_fresh swp_default_full_color swp_individual_full_color swp_other_full_color scale-100 scale-\" data-min-width=\"1100\" data-float-color=\"#ffffff\" data-float=\"bottom\" data-float-mobile=\"bottom\" data-transition=\"slide\">\n<div class=\"nc_tweetContainer swp_share_button total_shares total_sharesalt\"><span class=\"swp_count\">0 <span class=\"swp_label\">Partages<\/span><\/span><\/div>\n<\/div>\n<p><strong>Que se passe-t-il en Tunisie?<\/strong><br \/>Nous expliquons sur notre <a href=\"https:\/\/www.youtube.com\/channel\/UCRzypVq0B_yBad5eGrwBx0Q?sub_confirmation=1\" target=\"_blank\" rel=\"noopener\">cha\u00eene YouTube<\/a> . <a href=\"https:\/\/www.youtube.com\/channel\/UCRzypVq0B_yBad5eGrwBx0Q?sub_confirmation=1\" target=\"_blank\" rel=\"noopener\">Abonnez-vous!<\/a><\/p>\n<div class=\"mvp-org-wrap mvp-org-logo\" itemprop=\"publisher\"><img decoding=\"async\" src=\"https:\/\/www.tunisienumerique.com\/wp-content\/uploads\/2017\/02\/logo_tunisie_numerique.png\"\/><\/div>\n<div class=\"mvp-related-posts left relative\">\n<h4 class=\"post-header\"><span class=\"post-header\">Lire aussi<\/span><\/h4>\n<\/div>\n<div id=\"article-ad\"><ins class=\"adsbygoogle c5\" data-ad-client=\"ca-pub-2102118777505746\" data-ad-slot=\"6513972734\" data-ad-format=\"auto\" data-full-width-responsive=\"true\"\/> <\/div>\n<\/div>\n<div id=\"post-sidebar-wrap\"><ins class=\"adsbygoogle c5\" data-ad-client=\"ca-pub-2102118777505746\" data-ad-slot=\"6168283410\" data-ad-format=\"auto\" data-full-width-responsive=\"true\"\/> <\/div>\n<p>Auteur: rania ben slimane<br \/>\n<a href=\"https:\/\/www.tunisienumerique.com\/ali-larayedh-audio-les-manifestations-nocturnes-soulevent-beaucoup-de-questions\/\">Cliquez ici pour lire l&rsquo;article depuis sa source.<\/a><\/p>\n","protected":false},"excerpt":{"rendered":"<p>Par rania ben slimane \u00a0| Il y a 29 secondes \ud83d\udd0a \u00c9coutez l&rsquo;article Le Chef du mouvement Ennahdha par ailleurs ancien Chef du gouvernement, Ali Larayedh, a comment\u00e9 ce soir 20 janvier 2021, les \u00e9v\u00e9nements r\u00e9cents survenus dans la plupart des gouvernorats de la R\u00e9publique, affirmant que les manifestations nocturnes soul\u00e8vent des questions, notamment leur [&hellip;]<\/p>\n","protected":false},"author":1789,"featured_media":0,"comment_status":"closed","ping_status":"closed","sticky":false,"template":"","format":"standard","meta":{"fifu_image_url":"https:\/\/secure.gravatar.com\/avatar\/ea481d7287ad38ca1787f44b5bb1b70e?s=50&d=mm&r=g","fifu_image_alt":"Ali Larayedh [Audio]: \u201cLes manifestations nocturnes soul\u00e8vent beaucoup de questions\u201d","footnotes":""},"categories":[73,55],"tags":[],"class_list":["post-109673","post","type-post","status-publish","format-standard","hentry","category-actualite","category-tunisie"],"_links":{"self":[{"href":"https:\/\/linitiative.ca\/International\/wp-json\/wp\/v2\/posts\/109673","targetHints":{"allow":["GET"]}}],"collection":[{"href":"https:\/\/linitiative.ca\/International\/wp-json\/wp\/v2\/posts"}],"about":[{"href":"https:\/\/linitiative.ca\/International\/wp-json\/wp\/v2\/types\/post"}],"author":[{"embeddable":true,"href":"https:\/\/linitiative.ca\/International\/wp-json\/wp\/v2\/users\/1789"}],"replies":[{"embeddable":true,"href":"https:\/\/linitiative.ca\/International\/wp-json\/wp\/v2\/comments?post=109673"}],"version-history":[{"count":0,"href":"https:\/\/linitiative.ca\/International\/wp-json\/wp\/v2\/posts\/109673\/revisions"}],"wp:attachment":[{"href":"https:\/\/linitiative.ca\/International\/wp-json\/wp\/v2\/media?parent=109673"}],"wp:term":[{"taxonomy":"category","embeddable":true,"href":"https:\/\/linitiative.ca\/International\/wp-json\/wp\/v2\/categories?post=109673"},{"taxonomy":"post_tag","embeddable":true,"href":"https:\/\/linitiative.ca\/International\/wp-json\/wp\/v2\/tags?post=109673"}],"curies":[{"name":"wp","href":"https:\/\/api.w.org\/{rel}","templated":true}]}}