{"id":109674,"date":"2021-01-20T15:05:54","date_gmt":"2021-01-20T20:05:54","guid":{"rendered":"https:\/\/linitiative.ca\/International\/fissure-du-front-de-lopposition-ivoirienne-il-fallait-sy-attendre\/"},"modified":"2021-01-20T15:05:54","modified_gmt":"2021-01-20T20:05:54","slug":"fissure-du-front-de-lopposition-ivoirienne-il-fallait-sy-attendre","status":"publish","type":"post","link":"https:\/\/linitiative.ca\/International\/fissure-du-front-de-lopposition-ivoirienne-il-fallait-sy-attendre\/","title":{"rendered":"FISSURE DU FRONT DE L\u2019OPPOSITION IVOIRIENNE : Il fallait s\u2019y attendre !"},"content":{"rendered":"<p class=\"c4\">Il n\u2019aura pas tenu longtemps puisque les dissensions n\u2019ont pas tard\u00e9 \u00e0 appara\u00eetre au grand jour. Le front de l\u2019opposition ivoirienne lanc\u00e9 avant la pr\u00e9sidentielle du 31 octobre dernier, puisque c\u2019est de lui qu\u2019il s\u2019agit, est au bord de l\u2019implosion, si ce n\u2019est d\u00e9j\u00e0 fait. En effet, alors que la Coalition pour la d\u00e9mocratie, la r\u00e9conciliation et la paix (CDRP), plateforme constitu\u00e9e autour du PDCI\/RDA et la plateforme pro-Gbogbo EDS (Ensemble pour la d\u00e9mocratie et la souverainet\u00e9), annoncent leur intention de prendre part aux l\u00e9gislatives du 6 mars prochain, plusieurs petits partis de l\u2019opposition ne l\u2019entendent pas de cette oreille. Pour ces derniers, tout comme \u00e0 la pr\u00e9sidentielle, le mot d\u2019ordre doit \u00eatre au boycott des l\u00e9gislatives au risque de l\u00e9gitimer le troisi\u00e8me mandat du pr\u00e9sident Alassane Dramane Ouattara (ADO). Est de ceux-l\u00e0, la G\u00e9n\u00e9ration peuples solidaires (GPS) de Guillaume Soro qui, pourtant, dispose de d\u00e9put\u00e9s sortants.<\/p>\n<p class=\"c4\">Le Congr\u00e8s panafricain pour la justice et l\u2019\u00e9galit\u00e9 des peuples (COJEP) de Charles Bl\u00e9 Goud\u00e9, quant \u00e0 lui, a d\u00e9j\u00e0 pris ses distances vis-\u00e0-vis de la CDRP, estimant que les l\u00e9gislatives qui se profilent \u00e0 l\u2019horizon ont <em>\u00ab\u00a0mis au grand jour les app\u00e9tits et autres guerres de positionnement entre des entit\u00e9s pourtant suppos\u00e9es \u00eatre des partenaires\u00a0<\/em>\u00bb. Pendant ce temps, le Front populaire ivoirien (FPI) tendance Pascal Affi Nguessan, ne fait pas myst\u00e8re de son agacement face \u00e0 l\u2019attitude <em>\u00ab\u00a0dirigiste\u00a0\u00bb<\/em> du PDCI et EDS. C\u2019est donc clair\u00a0: l\u2019opposition ivoirienne n\u2019ira plus en rangs serr\u00e9s aux prochaines l\u00e9gislatives. Cela n\u2019a rien de surprenant. Bien au contraire, c\u2019\u00e9tait d\u2019ailleurs trop beau pour \u00eatre r\u00e9alisable sur le terrain. Car, comme on le sait, les \u00e9lections l\u00e9gislatives constituent une belle occasion pour chaque parti politique de mesurer sa cote de popularit\u00e9 et de ce fait, marquer son ancrage dans ses fiefs \u00e9lectoraux. Qu\u2019un parti, \u00e0 l\u2019occasion, accepte de s\u2019\u00e9clipser au profit d\u2019un autre, cela s\u2019appelle une ali\u00e9nation qui peut conduire au suicide politique.<\/p>\n<p class=\"c4\"><strong>Chacun pr\u00e9f\u00e8re \u00eatre t\u00eate de rat que queue de lion<\/strong><\/p>\n<p class=\"c4\">L\u2019enjeu est tel que tr\u00e8s souvent, l\u2019on voit m\u00eame des alli\u00e9s au pouvoir, s\u2019entred\u00e9chirer \u00e0 l\u2019occasion des \u00e9lections de proximit\u00e9\u00a0; chacun voulant occuper politiquement le terrain. C\u2019est dire si les dissensions au sein du front de l\u2019opposition ivoirienne, \u00e9taient pr\u00e9visibles \u00e0 l\u2019or\u00e9e des l\u00e9gislatives qui avancent \u00e0 grands pas. Certes, d\u2019aucuns ont vite fait de pointer un doigt accusateur sur le parti au pouvoir qui aurait souterrainement travaill\u00e9 \u00e0 faire voler en \u00e9clats le front. Mais n\u2019oublions pas qu\u2019en politique, c\u2019est comme \u00e0 la guerre o\u00f9 tous les moyens sont bons pour porter l\u2019estocade \u00e0 l\u2019adversaire. Surtout que dans le cas d\u2019esp\u00e8ce, le pouvoir sait que l\u2019opposition, si elle est unie, peut lui tailler des croupi\u00e8res\u00a0; il faut \u00e0 tout prix \u00e9viter que cette derni\u00e8re en vienne \u00e0 remporter la majorit\u00e9 des si\u00e8ges \u00e0 l\u2019Assembl\u00e9e nationale. Cela dit, on ne peut que d\u00e9plorer l\u2019attitude de l\u2019opposition ivoirienne qui, une fois de plus, \u00e9tale ses divergences au grand jour. En le faisant, elle oublie qu\u2019elle joue le jeu du pr\u00e9sident ADO qui en profite pour s\u2019offrir un bol d\u2019air\u00a0; lui dont le troisi\u00e8me mandat a \u00e9t\u00e9 tr\u00e8s contest\u00e9. Car, au lieu de tous unis contre ADO, les leaders de l\u2019opposition sont en train de se jeter des peaux de bananes. Pouvait-il d\u2019ailleurs en \u00eatre autrement quand on sait que chacun d\u2019entre eux pr\u00e9f\u00e8re \u00eatre t\u00eate de rat que queue de lion\u00a0?<\/p>\n<p class=\"c4\"><strong>\u00a0<\/strong><\/p>\n<p class=\"c4\"><strong>Boundi OUOBA<\/strong><\/p>\n<p>Auteur: Le Pays<br \/>\n<a href=\"https:\/\/lepays.bf\/fissure-du-front-de-lopposition-ivoirienne-il-fallait-sy-attendre\/\">Cliquez ici pour lire l&rsquo;article depuis sa source.<\/a><\/p>\n","protected":false},"excerpt":{"rendered":"<p>Il n\u2019aura pas tenu longtemps puisque les dissensions n\u2019ont pas tard\u00e9 \u00e0 appara\u00eetre au grand jour. Le front de l\u2019opposition ivoirienne lanc\u00e9 avant la pr\u00e9sidentielle du 31 octobre dernier, puisque c\u2019est de lui qu\u2019il s\u2019agit, est au bord de l\u2019implosion, si ce n\u2019est d\u00e9j\u00e0 fait. En effet, alors que la Coalition pour la d\u00e9mocratie, la [&hellip;]<\/p>\n","protected":false},"author":1813,"featured_media":0,"comment_status":"closed","ping_status":"closed","sticky":false,"template":"","format":"standard","meta":{"fifu_image_url":"","fifu_image_alt":"","footnotes":""},"categories":[73,81],"tags":[],"class_list":["post-109674","post","type-post","status-publish","format-standard","hentry","category-actualite","category-burkina-faso"],"_links":{"self":[{"href":"https:\/\/linitiative.ca\/International\/wp-json\/wp\/v2\/posts\/109674","targetHints":{"allow":["GET"]}}],"collection":[{"href":"https:\/\/linitiative.ca\/International\/wp-json\/wp\/v2\/posts"}],"about":[{"href":"https:\/\/linitiative.ca\/International\/wp-json\/wp\/v2\/types\/post"}],"author":[{"embeddable":true,"href":"https:\/\/linitiative.ca\/International\/wp-json\/wp\/v2\/users\/1813"}],"replies":[{"embeddable":true,"href":"https:\/\/linitiative.ca\/International\/wp-json\/wp\/v2\/comments?post=109674"}],"version-history":[{"count":0,"href":"https:\/\/linitiative.ca\/International\/wp-json\/wp\/v2\/posts\/109674\/revisions"}],"wp:attachment":[{"href":"https:\/\/linitiative.ca\/International\/wp-json\/wp\/v2\/media?parent=109674"}],"wp:term":[{"taxonomy":"category","embeddable":true,"href":"https:\/\/linitiative.ca\/International\/wp-json\/wp\/v2\/categories?post=109674"},{"taxonomy":"post_tag","embeddable":true,"href":"https:\/\/linitiative.ca\/International\/wp-json\/wp\/v2\/tags?post=109674"}],"curies":[{"name":"wp","href":"https:\/\/api.w.org\/{rel}","templated":true}]}}