{"id":109677,"date":"2021-01-20T15:16:56","date_gmt":"2021-01-20T20:16:56","guid":{"rendered":"https:\/\/linitiative.ca\/International\/investiture-de-joe-biden-les-africains-doivent-faire-preuve-dun-optimisme-mesure\/"},"modified":"2021-01-20T15:16:56","modified_gmt":"2021-01-20T20:16:56","slug":"investiture-de-joe-biden-les-africains-doivent-faire-preuve-dun-optimisme-mesure","status":"publish","type":"post","link":"https:\/\/linitiative.ca\/International\/investiture-de-joe-biden-les-africains-doivent-faire-preuve-dun-optimisme-mesure\/","title":{"rendered":"INVESTITURE DE JOE BIDEN: Les Africains doivent faire preuve d\u2019un optimisme mesur\u00e9"},"content":{"rendered":"<p class=\"c4\">Un roi s\u2019en va\u00a0! Un autre s\u2019en vient\u00a0! Ainsi, peut-on s\u2019exclamer \u00e0 l\u2019issue de la c\u00e9r\u00e9monie d\u2019investiture du 46<sup>e<\/sup> pr\u00e9sident am\u00e9ricain, intervenue le 20 janvier 2021. En effet, apr\u00e8s quatre ann\u00e9es de r\u00e8gne caract\u00e9ris\u00e9es par des excentricit\u00e9s \u00e0 nulles autres pareilles, Donald Trump, battu \u00e0 plate couture \u00e0 l\u2019occasion de la pr\u00e9sidentielle du 3 novembre 2020, a finalement pli\u00e9 bagage de la Maison Blanche o\u00f9 vient de s\u2019installer son successeur Joe Biden. En attendant de le voir \u00e0 l\u2019\u0153uvre, ce dernier, depuis son \u00e9lection \u00e0 la t\u00eate du plus puissant Etat au monde, b\u00e9n\u00e9ficie de pr\u00e9jug\u00e9s favorables en Afrique. Car, l\u2019homme, d\u00e9j\u00e0 en campagne, s\u2019\u00e9tait montr\u00e9 soucieux de la jeunesse africaine tant et si bien qu\u2019il a promis de revitaliser le programme \u00ab<em>\u00a0Yali\u00a0<\/em>\u00bb (<em>Young African Leaders<\/em>) cr\u00e9\u00e9 par Barack Obama et royalement ignor\u00e9 par Donald Trump qui, en plus de tenir des propos injurieux vis-\u00e0-vis de l\u2019Afrique, s\u2019en souciait comme d\u2019une guigne. Rappelons que le programme \u00ab\u00a0<em>Yali<\/em>\u00a0\u00bb permettait \u00e0 plusieurs jeunes Africains d\u2019obtenir des bourses et de poursuivre leurs \u00e9tudes dans des universit\u00e9s africaines.<\/p>\n<p class=\"c4\">En tout cas, le nouveau pr\u00e9sident am\u00e9ricain dont l\u2019Administration fait la part belle \u00e0 la diversit\u00e9 puisqu\u2019on y compte des cadres afro-am\u00e9ricains, entend regagner la confiance de l\u2019Afrique et cela \u00e0 travers un partenariat <em>\u00ab\u00a0respectueux\u00a0<\/em>\u00bb. Rien que l\u2019emploi de ce terme en dit long sur l\u2019attitude de la nouvelle Administration am\u00e9ricaine qui tranche avec l\u2019indiff\u00e9rence dont a fait montre Donald Trump qui avait pouss\u00e9 le bouchon tr\u00e8s loin jusqu\u2019\u00e0 couper les budgets de certaines op\u00e9rations humanitaires et de maintien de la paix.<\/p>\n<p class=\"c4\"><strong>Les peuples africains gagneraient \u00e0 comprendre qu\u2019ils ne doivent compter que sur eux-m\u00eames<\/strong><\/p>\n<p class=\"c4\">Cela n\u2019a rien d\u2019\u00e9tonnant d\u2019autant que le pr\u00e9sident am\u00e9ricain sortant qui a longtemps consid\u00e9r\u00e9 le continent africain comme un \u00ab\u00a0<em>pays\u00a0<\/em>\u00bb, faisait preuve d\u2019une inculture notoire et s\u2019\u00e9tait entour\u00e9 de gens qui savaient \u00e0 peine situer le Nigeria sur la carte du monde \u00e0 plus forte raison d\u2019en conna\u00eetre les r\u00e9alit\u00e9s sociopolitiques. D\u00e8s lors, la politique am\u00e9ricaine vis-\u00e0-vis des \u00ab\u00a0<em>pays\u00a0de merde<\/em>\u00bb, ne pouvait \u00eatre que ce qu\u2019elle a \u00e9t\u00e9 sous Trump, c\u2019est-\u00e0-dire orient\u00e9e vers la diplomatie du m\u00e9pris et la condescendance. Certes, il est vrai que le 46<sup>e<\/sup> pr\u00e9sident am\u00e9ricain promet de restaurer les liens diplomatiques entre les Etats- Unis et l\u2019Afrique. Mais il ne faudra pas, de ce fait, croire que Joe Biden est notre pr\u00e9sident au point de tout attendre de lui.\u00a0 \u00a0A preuve, il n\u2019a fait aucune mention de l\u2019Afrique durant son premier discours. Comme Barack Obama, Joe Biden fera ce qu\u2019il peut mais il ne saura jamais se substituer aux chefs d\u2019Etat africains dont beaucoup s\u2019illustrent par la mal gouvernance sur fond de corruption et de d\u00e9tournements de deniers publics.<\/p>\n<p class=\"c4\">Cela dit, les peuples africains gagneraient \u00e0 faire preuve d\u2019un optimisme mesur\u00e9 et \u00e0 comprendre qu\u2019ils ne doivent compter que sur eux-m\u00eames pour l\u2019av\u00e8nement d\u2019un vrai changement sur le continent. Car, si les jeunes Nig\u00e9rians, Soudanais et Somaliens se plaignent des mesures restrictives de visas impos\u00e9es \u00e0 leurs pays respectifs par Donald Trump, c\u2019est parce qu\u2019au plan interne, il leur manque cruellement des opportunit\u00e9s d\u2019emplois.<\/p>\n<p class=\"c4\"><strong>\u00a0<\/strong><\/p>\n<p class=\"c4\"><strong>B.O<\/strong><\/p>\n<p class=\"c4\"><strong>\u00a0<\/strong><\/p>\n<p>Auteur: Le Pays<br \/>\n<a href=\"https:\/\/lepays.bf\/investiture-de-joe-biden-les-africains-doivent-faire-preuve-dun-optimisme-mesure\/\">Cliquez ici pour lire l&rsquo;article depuis sa source.<\/a><\/p>\n","protected":false},"excerpt":{"rendered":"<p>Un roi s\u2019en va\u00a0! Un autre s\u2019en vient\u00a0! Ainsi, peut-on s\u2019exclamer \u00e0 l\u2019issue de la c\u00e9r\u00e9monie d\u2019investiture du 46e pr\u00e9sident am\u00e9ricain, intervenue le 20 janvier 2021. En effet, apr\u00e8s quatre ann\u00e9es de r\u00e8gne caract\u00e9ris\u00e9es par des excentricit\u00e9s \u00e0 nulles autres pareilles, Donald Trump, battu \u00e0 plate couture \u00e0 l\u2019occasion de la pr\u00e9sidentielle du 3 novembre [&hellip;]<\/p>\n","protected":false},"author":1813,"featured_media":0,"comment_status":"closed","ping_status":"closed","sticky":false,"template":"","format":"standard","meta":{"fifu_image_url":"","fifu_image_alt":"","footnotes":""},"categories":[73,81],"tags":[],"class_list":["post-109677","post","type-post","status-publish","format-standard","hentry","category-actualite","category-burkina-faso"],"_links":{"self":[{"href":"https:\/\/linitiative.ca\/International\/wp-json\/wp\/v2\/posts\/109677","targetHints":{"allow":["GET"]}}],"collection":[{"href":"https:\/\/linitiative.ca\/International\/wp-json\/wp\/v2\/posts"}],"about":[{"href":"https:\/\/linitiative.ca\/International\/wp-json\/wp\/v2\/types\/post"}],"author":[{"embeddable":true,"href":"https:\/\/linitiative.ca\/International\/wp-json\/wp\/v2\/users\/1813"}],"replies":[{"embeddable":true,"href":"https:\/\/linitiative.ca\/International\/wp-json\/wp\/v2\/comments?post=109677"}],"version-history":[{"count":0,"href":"https:\/\/linitiative.ca\/International\/wp-json\/wp\/v2\/posts\/109677\/revisions"}],"wp:attachment":[{"href":"https:\/\/linitiative.ca\/International\/wp-json\/wp\/v2\/media?parent=109677"}],"wp:term":[{"taxonomy":"category","embeddable":true,"href":"https:\/\/linitiative.ca\/International\/wp-json\/wp\/v2\/categories?post=109677"},{"taxonomy":"post_tag","embeddable":true,"href":"https:\/\/linitiative.ca\/International\/wp-json\/wp\/v2\/tags?post=109677"}],"curies":[{"name":"wp","href":"https:\/\/api.w.org\/{rel}","templated":true}]}}