{"id":109678,"date":"2021-01-20T15:20:54","date_gmt":"2021-01-20T20:20:54","guid":{"rendered":"https:\/\/linitiative.ca\/International\/reajustement-annonce-des-troupes-francaises-au-sahel-les-dirigeants-du-g5-sahel-doivent-sassumer\/"},"modified":"2021-01-20T15:20:54","modified_gmt":"2021-01-20T20:20:54","slug":"reajustement-annonce-des-troupes-francaises-au-sahel-les-dirigeants-du-g5-sahel-doivent-sassumer","status":"publish","type":"post","link":"https:\/\/linitiative.ca\/International\/reajustement-annonce-des-troupes-francaises-au-sahel-les-dirigeants-du-g5-sahel-doivent-sassumer\/","title":{"rendered":"REAJUSTEMENT ANNONCE DES TROUPES FRANCAISES AU SAHEL : Les dirigeants du G5 Sahel doivent s\u2019assumer"},"content":{"rendered":"<p class=\"c4\">L\u2019annonce a \u00e9t\u00e9 presqu\u2019\u00e9clips\u00e9e par l\u2019actualit\u00e9 li\u00e9e \u00e0 l\u2019investiture du 46<sup>\u00e8me<\/sup> pr\u00e9sident des Etats-Unis d\u2019Am\u00e9rique, Joe Biden. En effet, le pr\u00e9sident fran\u00e7ais, Emmanuel Macron, a annonc\u00e9 lors de ses v\u0153ux aux arm\u00e9es, le 19 janvier 2021, un r\u00e9ajustement des efforts fran\u00e7ais au Sahel, laissant entrevoir la possibilit\u00e9 d\u2019une r\u00e9duction du nombre des soldats fran\u00e7ais engag\u00e9s dans la lutte contre le terrorisme au Sahel o\u00f9 sont engag\u00e9s 5\u00a0100 militaires. Le moins que l\u2019on puisse dire, c\u2019est que cette annonce \u00e9tait attendue, tant les signes avant-coureurs se sont multipli\u00e9s avec les d\u00e9clarations en demi-teinte de la ministre des Arm\u00e9es, Florence Parly, ou du ministre des Affaires \u00e9trang\u00e8res, Jean-Yves Le Drian, qui laissaient clairement se dessiner cette \u00e9ventualit\u00e9. Qu\u2019est-ce qui peut expliquer ce tournant majeur dans la strat\u00e9gie militaire fran\u00e7aise en Afrique de l\u2019Ouest alors que Paris avait toujours annonc\u00e9 qu\u2019elle resterait au Sahel le temps qu\u2019il faudrait\u00a0?<\/p>\n<p class=\"c4\">Les r\u00e9ponses \u00e0 la question sont nombreuses. On pourrait d\u2019abord avancer l\u2019\u00e9vidence que la France paie un lourd tribut en termes de vies humaines, \u00e0 la guerre contre les groupes arm\u00e9s au Sahel.<\/p>\n<p class=\"c4\"><strong>Il fallait vite rectifier le tir<\/strong><\/p>\n<p class=\"c4\">Les pertes militaires fran\u00e7aises au Sahel sont \u00e9valu\u00e9es, selon les derniers chiffres, \u00e0 55 militaires dont 10 officiers, 18 sous-officiers et 27 militaires du rang. Au fil des 9 ans de pr\u00e9sence militaire au Sahel, le ballet des cercueils a lentement\u00a0 mais s\u00fbrement r\u00e9vuls\u00e9 l\u2019opinion nationale fran\u00e7aise qui se demande aujourd\u2019hui ce que l\u2019Hexagone est \u00ab\u00a0<em>all\u00e9 chercher dans cette gal\u00e8re<\/em>\u00bb.\u00a0 Cette incompr\u00e9hension s\u2019est doubl\u00e9e de la mont\u00e9e d\u2019un sentiment anti-fran\u00e7ais dans les pays du Sahel dont une partie des populations d\u00e9noncent non seulement une guerre d\u2019occupation des arm\u00e9es \u00e9trang\u00e8res, mais aussi la duplicit\u00e9 de la politique fran\u00e7aise notamment au Mali. Il en r\u00e9sulte, selon certains sondages, un taux d\u2019environ 51% de l\u2019opinion fran\u00e7aise hostile \u00e0 la pr\u00e9sence des troupes fran\u00e7aises au Sahel. Ce fort taux a de quoi inqui\u00e9ter assez s\u00e9rieusement Emmanuel Macron, \u00e0 l\u2019approche de l\u2019\u00e9lection pr\u00e9sidentielle pr\u00e9vue pour 2022, surtout que son bilan \u00e9conomique et social a \u00e9t\u00e9 g\u00e2ch\u00e9 par la crise des \u00ab\u00a0<em>Gilets jaunes<\/em>\u00a0\u00bb et la pand\u00e9mie du coronavirus. Il fallait donc vite rectifier le tir pour tenter de rattraper ce qui l\u2019est encore.<\/p>\n<p class=\"c4\">La seconde explication \u00e0 la volont\u00e9 de r\u00e9duction des troupes fran\u00e7aises, est d\u2019ordre \u00e9conomique. Emmanuel Macron n\u2019a cess\u00e9 de se plaindre des co\u00fbts des op\u00e9rations militaires fran\u00e7aises au Sahel au nom de la s\u00e9curit\u00e9 collective \u00e0 ses pairs de l\u2019Union europ\u00e9enne. Et il est certain que la r\u00e9cession de l\u2019\u00e9conomie fran\u00e7aise cons\u00e9cutive \u00e0 l\u2019\u00e9pid\u00e9mie de la Covid-19, n\u2019est pas venue arranger la situation, red\u00e9finissant ainsi les priorit\u00e9s de l\u2019Ex\u00e9cutif fran\u00e7ais.<\/p>\n<p class=\"c4\">Au-del\u00e0 de ces raisons qui sont toutes dict\u00e9es par des contraintes internes, l\u2019on peut aussi penser que le r\u00e9ajustement des troupes au Sahel, annonc\u00e9 par le chef de l\u2019Etat fran\u00e7ais, est le signe d\u2019une embellie\u00a0 dans le ciel sah\u00e9lien. La r\u00e9duction des troupes fran\u00e7aises peut, en effet, \u00eatre interpr\u00e9t\u00e9e comme un signe des temps.<\/p>\n<p class=\"c4\"><strong>Le r\u00e9ajustement annonc\u00e9 par Emmanuel Macron suscite des interrogations<\/strong><\/p>\n<p class=\"c4\">L\u2019on peut en effet croire que la force Barkhane a suffisamment port\u00e9 des coups \u00e0 l\u2019adversaire et que l\u2019\u00e8re des grandes op\u00e9rations militaires est d\u00e9sormais r\u00e9volue. Il faut donc d\u00e9sormais faire place \u00e0 la pacification qui rel\u00e8ve plus de man\u0153uvres politiques \u00e0 l\u2019int\u00e9rieur des Etats du Sahel comme cela semble s\u2019annoncer au Mali ou au Burkina Faso avec l\u2019ouverture probable de n\u00e9gociations avec certains groupes arm\u00e9s. L\u2019autre signe d\u2019espoir\u00a0 est que\u00a0 l\u2019annonce de la diminution des effectifs militaires fran\u00e7ais au Sahel, pourrait signifier que les partenaires militaires de la France ont progressivement gagn\u00e9 en puissance pour prendre une part active au combat contre l\u2019ins\u00e9curit\u00e9 au Sahel. C\u2019est le cas notamment de l\u2019op\u00e9ration <em>Takuba<\/em> et des forces du G5 Sahel. L\u2019on peut donc penser que ce sont toutes ces raisons conjugu\u00e9es qui motivent la d\u00e9cision de l\u2019Ex\u00e9cutif fran\u00e7ais dans un contexte o\u00f9 la strat\u00e9gie militaire a elle-m\u00eame \u00e9volu\u00e9 sur le terrain. En effet, les besoins d\u2019intervention sur les th\u00e9\u00e2tres d\u2019op\u00e9rations font aujourd\u2019hui la part belle aux drones qui suppl\u00e9ent largement les effectifs humains.<\/p>\n<p class=\"c4\">Cela dit, le r\u00e9ajustement annonc\u00e9 par Emmanuel Macron suscite des interrogations quant aux modalit\u00e9s de sa mise \u0153uvre, surtout que le pr\u00e9sident ne fournit aucune pr\u00e9cision quant au volume des troupes \u00e0 retirer des th\u00e9\u00e2tres d\u2019op\u00e9rations ni d\u2019informations quant au calendrier de ce retrait. L\u2019on peut aussi nourrir des inqui\u00e9tudes quant au dispositif du service-apr\u00e8s-vente que devrait n\u00e9cessiter\u00a0 cette \u00e9volution de la situation.<\/p>\n<p class=\"c4\">En attendant que les choses se pr\u00e9cisent, l\u2019on peut l\u00e9gitimement d\u00e9velopper une certaine appr\u00e9hension quant aux cons\u00e9quences de cette r\u00e9duction annonc\u00e9e des troupes fran\u00e7aises au Sahel. Les groupes arm\u00e9s ne vont-ils pas profiter de l\u2019occasion pour reprendre du poil de la b\u00eate\u00a0? La France, elle-m\u00eame, ne va-t-elle pas s\u2019en tirer avec une image \u00e9corn\u00e9e comme il en a \u00e9t\u00e9 pour le retrait des Etats-Unis de l\u2019Afghanistan, qui avait toutes les allures d\u2019une d\u00e9b\u00e2cle\u00a0? L\u2019avenir, sans nul doute, l\u00e8vera le voile sur toutes ces inqui\u00e9tudes. Une chose est cependant certaine\u00a0: l\u2019occasion de la r\u00e9duction des effectifs militaires fran\u00e7ais dans les pays du Sahel, est fort belle pour les dirigeants africains d\u2019assumer enfin non seulement leurs responsabilit\u00e9s, mais aussi l\u2019enti\u00e8ret\u00e9 de leur souverainet\u00e9.<\/p>\n<p class=\"c4\"><strong>\u00a0<\/strong><\/p>\n<p class=\"c4\"><strong><em>\u00ab\u00a0Le Pays\u00a0\u00bb<\/em><\/strong><\/p>\n<p class=\"c4\"><strong>\u00a0<\/strong><\/p>\n<p class=\"c4\"><strong>\u00a0<\/strong><\/p>\n<p>Auteur: Le Pays<br \/>\n<a href=\"https:\/\/lepays.bf\/reajustement-annonce-des-troupes-francaises-au-sahel-les-dirigeants-du-g5-sahel-doivent-sassumer\/\">Cliquez ici pour lire l&rsquo;article depuis sa source.<\/a><\/p>\n","protected":false},"excerpt":{"rendered":"<p>L\u2019annonce a \u00e9t\u00e9 presqu\u2019\u00e9clips\u00e9e par l\u2019actualit\u00e9 li\u00e9e \u00e0 l\u2019investiture du 46\u00e8me pr\u00e9sident des Etats-Unis d\u2019Am\u00e9rique, Joe Biden. En effet, le pr\u00e9sident fran\u00e7ais, Emmanuel Macron, a annonc\u00e9 lors de ses v\u0153ux aux arm\u00e9es, le 19 janvier 2021, un r\u00e9ajustement des efforts fran\u00e7ais au Sahel, laissant entrevoir la possibilit\u00e9 d\u2019une r\u00e9duction du nombre des soldats fran\u00e7ais engag\u00e9s [&hellip;]<\/p>\n","protected":false},"author":1813,"featured_media":0,"comment_status":"closed","ping_status":"closed","sticky":false,"template":"","format":"standard","meta":{"fifu_image_url":"","fifu_image_alt":"","footnotes":""},"categories":[73,81],"tags":[],"class_list":["post-109678","post","type-post","status-publish","format-standard","hentry","category-actualite","category-burkina-faso"],"_links":{"self":[{"href":"https:\/\/linitiative.ca\/International\/wp-json\/wp\/v2\/posts\/109678","targetHints":{"allow":["GET"]}}],"collection":[{"href":"https:\/\/linitiative.ca\/International\/wp-json\/wp\/v2\/posts"}],"about":[{"href":"https:\/\/linitiative.ca\/International\/wp-json\/wp\/v2\/types\/post"}],"author":[{"embeddable":true,"href":"https:\/\/linitiative.ca\/International\/wp-json\/wp\/v2\/users\/1813"}],"replies":[{"embeddable":true,"href":"https:\/\/linitiative.ca\/International\/wp-json\/wp\/v2\/comments?post=109678"}],"version-history":[{"count":0,"href":"https:\/\/linitiative.ca\/International\/wp-json\/wp\/v2\/posts\/109678\/revisions"}],"wp:attachment":[{"href":"https:\/\/linitiative.ca\/International\/wp-json\/wp\/v2\/media?parent=109678"}],"wp:term":[{"taxonomy":"category","embeddable":true,"href":"https:\/\/linitiative.ca\/International\/wp-json\/wp\/v2\/categories?post=109678"},{"taxonomy":"post_tag","embeddable":true,"href":"https:\/\/linitiative.ca\/International\/wp-json\/wp\/v2\/tags?post=109678"}],"curies":[{"name":"wp","href":"https:\/\/api.w.org\/{rel}","templated":true}]}}