{"id":109682,"date":"2021-01-20T17:31:58","date_gmt":"2021-01-20T22:31:58","guid":{"rendered":"https:\/\/linitiative.ca\/International\/gestion-du-fret-au-burkina-les-chauffeurs-routiers-sollicitent-lintervention-du-gouvernement\/"},"modified":"2021-01-20T17:31:58","modified_gmt":"2021-01-20T22:31:58","slug":"gestion-du-fret-au-burkina-les-chauffeurs-routiers-sollicitent-lintervention-du-gouvernement","status":"publish","type":"post","link":"https:\/\/linitiative.ca\/International\/gestion-du-fret-au-burkina-les-chauffeurs-routiers-sollicitent-lintervention-du-gouvernement\/","title":{"rendered":"Gestion du fret au Burkina : Les chauffeurs routiers sollicitent l\u2019intervention du gouvernement"},"content":{"rendered":"<div class=\"td-post-featured-image\" readability=\"35\"><a href=\"https:\/\/www.sidwaya.info\/wp-content\/uploads\/2021\/01\/fret1.jpg\" data-caption=\"Le SG de l&#x2019;UCRB, Brahima Rabo, a invit&#xE9; le gouvernement &#xE0; concilier les transporteurs routiers afin de relancer le fret burkinab&#xE8;.\"><img loading=\"lazy\" decoding=\"async\" width=\"696\" height=\"460\" class=\"entry-thumb td-modal-image\" src=\"https:\/\/www.sidwaya.info\/wp-content\/uploads\/2021\/01\/fret1-696x460.jpg\" srcset=\"https:\/\/www.sidwaya.info\/wp-content\/uploads\/2021\/01\/fret1-696x460.jpg 696w, https:\/\/www.sidwaya.info\/wp-content\/uploads\/2021\/01\/fret1-300x198.jpg 300w, https:\/\/www.sidwaya.info\/wp-content\/uploads\/2021\/01\/fret1-768x508.jpg 768w, https:\/\/www.sidwaya.info\/wp-content\/uploads\/2021\/01\/fret1-150x99.jpg 150w, https:\/\/www.sidwaya.info\/wp-content\/uploads\/2021\/01\/fret1-635x420.jpg 635w, https:\/\/www.sidwaya.info\/wp-content\/uploads\/2021\/01\/fret1.jpg 800w\" sizes=\"auto, (max-width: 696px) 100vw, 696px\" alt=\"\" title=\"fret1\"\/><\/a>Le SG de l\u2019UCRB, Brahima Rabo, a invit\u00e9 le gouvernement \u00e0 concilier les transporteurs routiers afin de relancer le fret burkinab\u00e8.<\/div>\n<p><strong>L\u2019Union des chauffeurs routiers du Burkina (UCRB) a anim\u00e9 une conf\u00e9rence de presse, le mercredi 20 janvier 2021 \u00e0 Ouagadougou, pour attirer l\u2019attention du gouvernement sur la n\u00e9cessit\u00e9 de mettre de l\u2019ordre dans le secteur du transport routier.<\/strong><\/p>\n<p>L\u2019Union des chauffeurs routiers du Burkina (UCRB) veut finir avec les crises \u00e0 r\u00e9p\u00e9tition qui gangr\u00e8nent le secteur des transports depuis plusieurs ann\u00e9es au Burkina Faso. En effet, la structure associative et syndicale \u00e9tait face aux journalistes, le mercredi 20 janvier 2021 \u00e0 Ouagadougou afin de d\u00e9noncer \u00ab\u00a0la cacophonie et le d\u00e9sordre qui r\u00e8gnent en ma\u00eetre en ce moment au sein des organisations de transporteurs\u00a0\u00bb.<\/p>\n<p>D\u00e9sormais d\u00e9sorient\u00e9s par l\u2019existence de deux structures qui divisent leurs employeurs, les chauffeurs routiers se demandent \u00e0 qui ils doivent dor\u00e9navant adresser leurs bonds de chargement. Pour un secteur du transport \u00e9mergent, le secr\u00e9taire g\u00e9n\u00e9ral de l\u2019UCRB, Brahima Rabo a demand\u00e9 purement et simplement \u00e0 l\u2019Etat de peser de tout son poids afin d\u2019unifier les transporteurs routiers en une seule fa\u00eeti\u00e8re. Ainsi, les conf\u00e9renciers ont recommand\u00e9 aux autorit\u00e9s de toujours associer en amont l\u2019ensemble des acteurs impliqu\u00e9s avant de prendre une d\u00e9cision et d\u2019\u00e9viter l\u2019immixtion du politique dans le secteur des transports.<\/p>\n<p>M.Rabo et ses coll\u00e8gues pensent que l\u2019application \u00ab\u00a0stricte\u00a0\u00bb de l\u2019arr\u00eat\u00e9 portant gestion et contr\u00f4le du fret en provenance et \u00e0 destination du Burkina Faso va permettre d\u2019assainir le milieu des transports et contribuer \u00e0 l\u2019am\u00e9lioration des conditions de vie et de travail des chauffeurs routiers. \u00ab\u00a0Nous encourageons l\u2019Etat \u00e0 continuer dans sa dynamique d\u2019assainissement de notre milieu afin de mettre en place une industrie de transport moderne et comp\u00e9titive \u00bb, a indiqu\u00e9 M. Rabo. L\u2019UCRB a salu\u00e9 la d\u00e9cision du gouvernement confiant le contr\u00f4le et la gestion du fret au Comptoir burkinab\u00e8 des chargeurs (CBC) via des proc\u00e9dures bien \u00e9tablies. \u00ab\u00a0Pour une gestion transparente et participative, le CBC se fait assister par un repr\u00e9sentant des transporteurs et un autre des chauffeurs pour la d\u00e9livrance gratuite du bon de chargement.<\/p>\n<p>Malheureusement, cette proc\u00e9dure n\u2019entrera pas en application, car d\u2019autres acteurs sont apparus sur la sc\u00e8ne et ont sabot\u00e9 le travail\u00a0\u00bb, a confi\u00e9 Brahima Rabo. Qu\u2019allez-vous faire si la situation reste en l\u2019\u00e9tat\u00a0? A cette question les conf\u00e9renciers ont rassur\u00e9 qu\u2019aucune gr\u00e8ve n\u2019est envisag\u00e9e pour l\u2019instant, mais, tout camion qui sera intercept\u00e9 sans bon de chargement comme c\u2019est tr\u00e8s souvent le cas, sera syst\u00e9matiquement amend\u00e9 de 200 mille francs CFA\u00a0? \u00ab\u00a0Il y a un d\u00e9sordre dans le fret. Les ports et corridors sont infest\u00e9s de toute sorte d\u2019intervenants. Il faut que \u00e7a change, car le CBC ne peut travailler avec deux syndicats. L\u2019Etat doit prendre ses responsabilit\u00e9s\u00a0\u00bb, a d\u00e9clar\u00e9 le pr\u00e9sident de l\u2019UCRB.<\/p>\n<p class=\"c1\"><strong>Wanl\u00e9 G\u00e9rard COULBALY<\/strong><br \/><strong>Antoinette KABRE<\/strong><br \/>(Stagiaire)<\/p>\n<div class=\"td-a-rec td-a-rec-id-content_bottom tdi_33_6bb td_block_template_1\"><img loading=\"lazy\" decoding=\"async\" class=\"aligncenter size-full wp-image-27454\" src=\"https:\/\/www.sidwaya.info\/wp-content\/uploads\/2020\/10\/PUB-Bandeau-paiement-mobile-siteweb.jpg\" alt=\"\" width=\"728\" height=\"90\"\/><\/div>\n<p>Auteur: JK. Sidwaya<br \/>\n<a href=\"https:\/\/www.sidwaya.info\/blog\/2021\/01\/20\/gestion-du-fret-au-burkina-les-chauffeurs-routiers-sollicitent-lintervention-du-gouvernement\/\">Cliquez ici pour lire l&rsquo;article depuis sa source.<\/a><\/p>\n","protected":false},"excerpt":{"rendered":"<p>Le SG de l\u2019UCRB, Brahima Rabo, a invit\u00e9 le gouvernement \u00e0 concilier les transporteurs routiers afin de relancer le fret burkinab\u00e8. L\u2019Union des chauffeurs routiers du Burkina (UCRB) a anim\u00e9 une conf\u00e9rence de presse, le mercredi 20 janvier 2021 \u00e0 Ouagadougou, pour attirer l\u2019attention du gouvernement sur la n\u00e9cessit\u00e9 de mettre de l\u2019ordre dans le [&hellip;]<\/p>\n","protected":false},"author":1816,"featured_media":0,"comment_status":"closed","ping_status":"closed","sticky":false,"template":"","format":"standard","meta":{"fifu_image_url":"https:\/\/www.sidwaya.info\/wp-content\/uploads\/2021\/01\/fret1-696x460.jpg","fifu_image_alt":"Gestion du fret au Burkina : Les chauffeurs routiers sollicitent l\u2019intervention du gouvernement","footnotes":""},"categories":[73,81],"tags":[],"class_list":["post-109682","post","type-post","status-publish","format-standard","hentry","category-actualite","category-burkina-faso"],"_links":{"self":[{"href":"https:\/\/linitiative.ca\/International\/wp-json\/wp\/v2\/posts\/109682","targetHints":{"allow":["GET"]}}],"collection":[{"href":"https:\/\/linitiative.ca\/International\/wp-json\/wp\/v2\/posts"}],"about":[{"href":"https:\/\/linitiative.ca\/International\/wp-json\/wp\/v2\/types\/post"}],"author":[{"embeddable":true,"href":"https:\/\/linitiative.ca\/International\/wp-json\/wp\/v2\/users\/1816"}],"replies":[{"embeddable":true,"href":"https:\/\/linitiative.ca\/International\/wp-json\/wp\/v2\/comments?post=109682"}],"version-history":[{"count":0,"href":"https:\/\/linitiative.ca\/International\/wp-json\/wp\/v2\/posts\/109682\/revisions"}],"wp:attachment":[{"href":"https:\/\/linitiative.ca\/International\/wp-json\/wp\/v2\/media?parent=109682"}],"wp:term":[{"taxonomy":"category","embeddable":true,"href":"https:\/\/linitiative.ca\/International\/wp-json\/wp\/v2\/categories?post=109682"},{"taxonomy":"post_tag","embeddable":true,"href":"https:\/\/linitiative.ca\/International\/wp-json\/wp\/v2\/tags?post=109682"}],"curies":[{"name":"wp","href":"https:\/\/api.w.org\/{rel}","templated":true}]}}