{"id":109683,"date":"2021-01-20T17:37:12","date_gmt":"2021-01-20T22:37:12","guid":{"rendered":"https:\/\/linitiative.ca\/International\/formation-professionnelle-la-chambre-de-commerce-lance-deux-masters-specialises\/"},"modified":"2021-01-20T17:37:12","modified_gmt":"2021-01-20T22:37:12","slug":"formation-professionnelle-la-chambre-de-commerce-lance-deux-masters-specialises","status":"publish","type":"post","link":"https:\/\/linitiative.ca\/International\/formation-professionnelle-la-chambre-de-commerce-lance-deux-masters-specialises\/","title":{"rendered":"Formation professionnelle : La Chambre de commerce lance deux masters sp\u00e9cialis\u00e9s"},"content":{"rendered":"<div class=\"td-post-featured-image\" readability=\"35\"><a href=\"https:\/\/www.sidwaya.info\/wp-content\/uploads\/2021\/01\/ccibf.jpg\" data-caption=\"Le pr&#xE9;sident de Club Afrique Occitanie, Bernar Vidal&#xA0;: &#xAB;&#xA0;C&#x2019;est une opportunit&#xE9; unique pour des dipl&#xF4;m&#xE9;s ou des apprenants d&#x2019;obtenir leurs qualifications et de p&#xE9;n&#xE9;trer le march&#xE9; du travail&#xBB;.\"><img loading=\"lazy\" decoding=\"async\" width=\"696\" height=\"560\" class=\"entry-thumb td-modal-image\" src=\"https:\/\/www.sidwaya.info\/wp-content\/uploads\/2021\/01\/ccibf-696x560.jpg\" srcset=\"https:\/\/www.sidwaya.info\/wp-content\/uploads\/2021\/01\/ccibf-696x560.jpg 696w, https:\/\/www.sidwaya.info\/wp-content\/uploads\/2021\/01\/ccibf-300x242.jpg 300w, https:\/\/www.sidwaya.info\/wp-content\/uploads\/2021\/01\/ccibf-768x618.jpg 768w, https:\/\/www.sidwaya.info\/wp-content\/uploads\/2021\/01\/ccibf-150x121.jpg 150w, https:\/\/www.sidwaya.info\/wp-content\/uploads\/2021\/01\/ccibf-522x420.jpg 522w, https:\/\/www.sidwaya.info\/wp-content\/uploads\/2021\/01\/ccibf.jpg 780w\" sizes=\"auto, (max-width: 696px) 100vw, 696px\" alt=\"\" title=\"ccibf\"\/><\/a>Le pr\u00e9sident de Club Afrique Occitanie, Bernar Vidal\u00a0: \u00ab\u00a0C\u2019est une opportunit\u00e9 unique pour des dipl\u00f4m\u00e9s ou des apprenants d\u2019obtenir leurs qualifications et de p\u00e9n\u00e9trer le march\u00e9 du travail\u00bb.<\/div>\n<p><strong>La Chambre de commerce et d\u2019industrie du Burkina Faso (CCI-BF), en partenariat avec Toulouse Business School, a pr\u00e9sent\u00e9 deux masters sp\u00e9cialis\u00e9s en transport logistique et management des structures de sant\u00e9 au public, le mercredi 20 janvier 2021, \u00e0 Ouagadougou. Les inscriptions sont ouvertes jusqu\u2019au 15 mars 2021 \u00e0 la direction de la formation professionnelle, sise \u00e0 Ouagarinter.<\/strong><\/p>\n<p>La Chambre de commerce et d\u2019industrie du Burkina Faso (CCI-BF), \u00e0 travers la direction de la formation professionnelle, souhaite mettre \u00e0 la disposition des entreprises des ressources humaines comp\u00e9tentes. C\u2019est dans ce cadre qu\u2019elle propose, en collaboration avec la Toulouse Business School, un Master sp\u00e9cialis\u00e9 en transport logistique et un autre en management des structures de sant\u00e9. Ce programme de formation a \u00e9t\u00e9 pr\u00e9sent\u00e9 au public, le mercredi 20 janvier 2021, \u00e0 Ouagadougou. \u00ab\u00a0Ces formations de niveau BAC+5 ont \u00e9t\u00e9 con\u00e7ues sur mesures pour produire des dipl\u00f4m\u00e9s op\u00e9rationnels\u00a0\u00bb, a expliqu\u00e9 le pr\u00e9sident de club Afrique Occitanie Bernard Vidal.<\/p>\n<p>Plac\u00e9 sous la responsabilit\u00e9 de Jean Luc Maurat, professeur en Management \u00e0 la Toulouse Business School, le master sp\u00e9cialis\u00e9 en transport logistique, Supply Chain management, va \u00eatre dispens\u00e9 par des professeurs dipl\u00f4m\u00e9s et des chefs d\u2019entreprises fran\u00e7ais et burkinab\u00e8 \u00e0 forte exp\u00e9rience professionnelle, en raison d\u2019une semaine de cours\/mois en soir\u00e9e. Concernant les d\u00e9bouchers, les dipl\u00f4m\u00e9s de ce cursus s\u2019ins\u00e8rent en tant que responsables des achats, des entrep\u00f4ts, de transport, de planification pilotes de flux ou acheteurs famille de produits aussi bien dans l\u2019industrie que les services.<\/p>\n<p>La formation s\u2019adresse aux \u00e9tudiants et aux professionnels titulaires d\u2019une licence et par d\u00e9rogation aux professionnels titulaires d\u2019un BAC+2 apr\u00e8s une validation de leurs comp\u00e9tences professionnelles. Les dossiers sont re\u00e7us jusqu\u2019au 15 mars 2021 au secr\u00e9tariat de la direction de la formation professionnelle de la CCI-BF sis \u00e0 Ouagarinter. Le co\u00fbt de la formation est de 3 millions FCFA, selon M. Vidal. Quant au master en management de structures de sant\u00e9, il ouvre la voie \u00e0 des carri\u00e8res de directeur d\u2019\u00e9tablissements sanitaires, directeur de services d\u2019aide et d\u2019accompagnement \u00e0 domicile, consultant dans le secteur de la sant\u00e9 ou chef de projet dans un organisme public ou priv\u00e9 de sant\u00e9.<\/p>\n<p>La responsable p\u00e9dagogique de ce master est Fran\u00e7oise Le Deist, professeur en management des hommes et des organisations. Le directeur de la formation professionnelle de la CCI-BF, Hermann Gar\u00e9, s\u2019est r\u00e9joui de la mise en place des 2 masters sp\u00e9cialis\u00e9s, car ils viennent compl\u00e9ter l\u2019offre de formation de l\u2019\u00e9cole burkinab\u00e8 des affaires. En effet, cette \u00e9cole offre depuis sa cr\u00e9ation en 2018, des formations en Licence transit, transport logistique\u00a0; Licence professionnelle en gestion des entreprises et License professionnelle en technique comptable et financi\u00e8re.<\/p>\n<p class=\"c1\"><strong>Nad\u00e8ge YE<\/strong><\/p>\n<div class=\"td-a-rec td-a-rec-id-content_bottom tdi_33_018 td_block_template_1\"><img loading=\"lazy\" decoding=\"async\" class=\"aligncenter size-full wp-image-27454\" src=\"https:\/\/www.sidwaya.info\/wp-content\/uploads\/2020\/10\/PUB-Bandeau-paiement-mobile-siteweb.jpg\" alt=\"\" width=\"728\" height=\"90\"\/><\/div>\n<p>Auteur: JK. Sidwaya<br \/>\n<a href=\"https:\/\/www.sidwaya.info\/blog\/2021\/01\/20\/formation-professionnelle-la-chambre-de-commerce-lance-deux-masters-specialises\/\">Cliquez ici pour lire l&rsquo;article depuis sa source.<\/a><\/p>\n","protected":false},"excerpt":{"rendered":"<p>Le pr\u00e9sident de Club Afrique Occitanie, Bernar Vidal\u00a0: \u00ab\u00a0C\u2019est une opportunit\u00e9 unique pour des dipl\u00f4m\u00e9s ou des apprenants d\u2019obtenir leurs qualifications et de p\u00e9n\u00e9trer le march\u00e9 du travail\u00bb. La Chambre de commerce et d\u2019industrie du Burkina Faso (CCI-BF), en partenariat avec Toulouse Business School, a pr\u00e9sent\u00e9 deux masters sp\u00e9cialis\u00e9s en transport logistique et management des [&hellip;]<\/p>\n","protected":false},"author":1816,"featured_media":0,"comment_status":"closed","ping_status":"closed","sticky":false,"template":"","format":"standard","meta":{"fifu_image_url":"https:\/\/www.sidwaya.info\/wp-content\/uploads\/2021\/01\/ccibf-696x560.jpg","fifu_image_alt":"Formation professionnelle : La Chambre de commerce lance deux masters sp\u00e9cialis\u00e9s","footnotes":""},"categories":[73,81],"tags":[],"class_list":["post-109683","post","type-post","status-publish","format-standard","hentry","category-actualite","category-burkina-faso"],"_links":{"self":[{"href":"https:\/\/linitiative.ca\/International\/wp-json\/wp\/v2\/posts\/109683","targetHints":{"allow":["GET"]}}],"collection":[{"href":"https:\/\/linitiative.ca\/International\/wp-json\/wp\/v2\/posts"}],"about":[{"href":"https:\/\/linitiative.ca\/International\/wp-json\/wp\/v2\/types\/post"}],"author":[{"embeddable":true,"href":"https:\/\/linitiative.ca\/International\/wp-json\/wp\/v2\/users\/1816"}],"replies":[{"embeddable":true,"href":"https:\/\/linitiative.ca\/International\/wp-json\/wp\/v2\/comments?post=109683"}],"version-history":[{"count":0,"href":"https:\/\/linitiative.ca\/International\/wp-json\/wp\/v2\/posts\/109683\/revisions"}],"wp:attachment":[{"href":"https:\/\/linitiative.ca\/International\/wp-json\/wp\/v2\/media?parent=109683"}],"wp:term":[{"taxonomy":"category","embeddable":true,"href":"https:\/\/linitiative.ca\/International\/wp-json\/wp\/v2\/categories?post=109683"},{"taxonomy":"post_tag","embeddable":true,"href":"https:\/\/linitiative.ca\/International\/wp-json\/wp\/v2\/tags?post=109683"}],"curies":[{"name":"wp","href":"https:\/\/api.w.org\/{rel}","templated":true}]}}