{"id":109684,"date":"2021-01-20T13:18:05","date_gmt":"2021-01-20T18:18:05","guid":{"rendered":"https:\/\/linitiative.ca\/International\/la-societe-civile-ivoirienne-en-conclave-a-abidjan-pour-faire-son-bilan\/"},"modified":"2021-01-20T13:18:05","modified_gmt":"2021-01-20T18:18:05","slug":"la-societe-civile-ivoirienne-en-conclave-a-abidjan-pour-faire-son-bilan","status":"publish","type":"post","link":"https:\/\/linitiative.ca\/International\/la-societe-civile-ivoirienne-en-conclave-a-abidjan-pour-faire-son-bilan\/","title":{"rendered":"La soci\u00e9t\u00e9 civile ivoirienne en conclave \u00e0 Abidjan pour faire son bilan"},"content":{"rendered":"<div readability=\"32\">\n<p>Publi\u00e9 le 20.01.2021 \u00e0 19h18 par APA News<\/p>\n<\/div>\n<div readability=\"80\">\n<p>L\u2019Assembl\u00e9e g\u00e9n\u00e9rale annuelle de la Convention de la soci\u00e9t\u00e9 civile ivoirienne (CSCI) s\u2019est ouverte mercredi \u00e0 Abidjan autour du th\u00e8me: \u00ab Pour une soci\u00e9t\u00e9 civile responsable \u00bb destin\u00e9e \u00e0 faire le bilan des activit\u00e9s r\u00e9alis\u00e9es par cette organisation pendant l\u2019ann\u00e9e \u00e9coul\u00e9e, a constat\u00e9 APA sur place.<\/p>\n<p>\u00a0Selon Mahamadou Kouma, le coordonnateur national de la CSCI qui a pr\u00e9sid\u00e9 la c\u00e9r\u00e9monie d\u2019ouverture de ces assises, l\u2019Assembl\u00e9e g\u00e9n\u00e9rale est pour son organisation \u00a0la tribune qui sert \u00e0 rendre compte \u00e0 tous les membres statutaires, des activit\u00e9s r\u00e9alis\u00e9es pendant les \u00a012 derniers mois.\u00a0<\/p>\n<p>\u00ab Malgr\u00e9 l\u2019environnement socio\u00e9conomique, politique et sanitaire \u00a0difficile, nous avons pu ensemble, consolider nos acquis et ouvrir de nouvelles perspectives prometteuses. Toutefois, nous demeurons persuad\u00e9s qu\u2019il reste encore de nombreux d\u00e9fis \u00e0 relever. Et c\u2019est avec vous que nous nous engageons \u00e0 les surmonter \u00bb, a soutenu M. Kouma dans un discours.<\/p>\n<p>Poursuivant, il a appel\u00e9 les membres de la CSCI \u00a0\u00ab \u00e0 plus de responsabilit\u00e9 \u00bb en vue d\u2019\u0153uvrer pour leur autonomie financi\u00e8re.\u00a0<\/p>\n<p>\u00ab Au moment o\u00f9 nous faisons le point de nos activit\u00e9s \u00e0 un an de la fin de notre mandature, nous voudrions vous inviter \u00e0 une r\u00e9flexion profonde relative \u00e0 notre autonomie, \u00e0 notre ind\u00e9pendance, une valeur qui nous est ch\u00e8re \u00bb, a-t-il exhort\u00e9.\u00a0<\/p>\n<p>Malgr\u00e9 les difficult\u00e9s, a indiqu\u00e9 auparavant, Nathalie Kouakou, la pr\u00e9sidente du Comit\u00e9 d\u2019organisation de ce conclave, \u00a0\u00ab la CSCI n\u2019a m\u00e9nag\u00e9 aucun effort pour la mise en \u0153uvre efficiente du plan strat\u00e9gique pour continuer \u00e0 influencer les politiques publiques en C\u00f4te d\u2019Ivoire \u00bb.<\/p>\n<p>Cette Assembl\u00e9e g\u00e9n\u00e9rale annuelle de la CSCI, la deuxi\u00e8me de la mandature du coordonnateur national Mahamadou Kouma a pour but de faire le bilan des activit\u00e9s r\u00e9alis\u00e9es au cours de l\u2019ann\u00e9e 2020 et recevoir des membres affili\u00e9s des avis et recommandations pour mieux orienter les perspectives 2021.<\/p>\n<\/div>\n<p>Auteur: APA News<br \/>\n<a href=\"https:\/\/www.journalducameroun.com\/la-societe-civile-ivoirienne-en-conclave-a-abidjan-pour-faire-son-bilan\/\">Cliquez ici pour lire l&rsquo;article depuis sa source.<\/a><\/p>\n","protected":false},"excerpt":{"rendered":"<p>Publi\u00e9 le 20.01.2021 \u00e0 19h18 par APA News L\u2019Assembl\u00e9e g\u00e9n\u00e9rale annuelle de la Convention de la soci\u00e9t\u00e9 civile ivoirienne (CSCI) s\u2019est ouverte mercredi \u00e0 Abidjan autour du th\u00e8me: \u00ab Pour une soci\u00e9t\u00e9 civile responsable \u00bb destin\u00e9e \u00e0 faire le bilan des activit\u00e9s r\u00e9alis\u00e9es par cette organisation pendant l\u2019ann\u00e9e \u00e9coul\u00e9e, a constat\u00e9 APA sur place. \u00a0Selon [&hellip;]<\/p>\n","protected":false},"author":1965,"featured_media":0,"comment_status":"closed","ping_status":"closed","sticky":false,"template":"","format":"standard","meta":{"fifu_image_url":"","fifu_image_alt":"","footnotes":""},"categories":[73,82],"tags":[],"class_list":["post-109684","post","type-post","status-publish","format-standard","hentry","category-actualite","category-cameroun"],"_links":{"self":[{"href":"https:\/\/linitiative.ca\/International\/wp-json\/wp\/v2\/posts\/109684","targetHints":{"allow":["GET"]}}],"collection":[{"href":"https:\/\/linitiative.ca\/International\/wp-json\/wp\/v2\/posts"}],"about":[{"href":"https:\/\/linitiative.ca\/International\/wp-json\/wp\/v2\/types\/post"}],"author":[{"embeddable":true,"href":"https:\/\/linitiative.ca\/International\/wp-json\/wp\/v2\/users\/1965"}],"replies":[{"embeddable":true,"href":"https:\/\/linitiative.ca\/International\/wp-json\/wp\/v2\/comments?post=109684"}],"version-history":[{"count":0,"href":"https:\/\/linitiative.ca\/International\/wp-json\/wp\/v2\/posts\/109684\/revisions"}],"wp:attachment":[{"href":"https:\/\/linitiative.ca\/International\/wp-json\/wp\/v2\/media?parent=109684"}],"wp:term":[{"taxonomy":"category","embeddable":true,"href":"https:\/\/linitiative.ca\/International\/wp-json\/wp\/v2\/categories?post=109684"},{"taxonomy":"post_tag","embeddable":true,"href":"https:\/\/linitiative.ca\/International\/wp-json\/wp\/v2\/tags?post=109684"}],"curies":[{"name":"wp","href":"https:\/\/api.w.org\/{rel}","templated":true}]}}