{"id":109686,"date":"2021-01-20T16:04:04","date_gmt":"2021-01-20T21:04:04","guid":{"rendered":"https:\/\/linitiative.ca\/International\/cameroun-chan-martin-ndtoungou-mpile-justifie-ses-choix-contre-le-mali\/"},"modified":"2021-01-20T16:04:04","modified_gmt":"2021-01-20T21:04:04","slug":"cameroun-chan-martin-ndtoungou-mpile-justifie-ses-choix-contre-le-mali","status":"publish","type":"post","link":"https:\/\/linitiative.ca\/International\/cameroun-chan-martin-ndtoungou-mpile-justifie-ses-choix-contre-le-mali\/","title":{"rendered":"Cameroun-Chan : Martin Ndtoungou Mpile justifie ses choix contre le Mali"},"content":{"rendered":"<div readability=\"32\">\n<p>Publi\u00e9 le 20.01.2021 \u00e0 22h04 par Christian Djimadeu<\/p>\n<\/div>\n<div readability=\"65\">\n<h2 class=\"c6\"><strong>En conf\u00e9rence de presse d\u2019apr\u00e8s match, le s\u00e9lectionneur du Cameroun a donn\u00e9 les raisons de l\u2019absence de Jacques Zoua et la titularisation \u00a0de Karl Ndedi dont les quelque minutes de jeu n\u2019ont gu\u00e8re donn\u00e9 satisfaction. \u00a0<\/strong><\/h2>\n<p class=\"c7\"><strong>Quelle analyse faites-vous du match nul de votre \u00e9quipe contre celle du Mali\u00a0?<\/strong><\/p>\n<p class=\"c7\">Le Mali a pr\u00e9sent\u00e9 une tr\u00e8s bonne collectivement, qui a des individualit\u00e9s qui nous ont fait mal. Nous on a mis en place un collectif pour bien d\u00e9fendre. On a pu tenir jusqu\u2019\u00e0 fin. Nous aussi on s\u2019est cr\u00e9\u00e9 des occasions, mais ce n\u2019\u00e9tait pas possible vu que la d\u00e9fense \u00e9tait bien positionn\u00e9e.<\/p>\n<p class=\"c7\"><strong>Vous d\u00e9cidez d\u2019aligner Karl Ndedi Kenne au d\u00e9triment d\u2019Etame Ngombe. Mais apr\u00e8s la 23e minute vous effectuez le remplacement. Qu\u2019est ce qui n\u2019a pas march\u00e9\u00a0?<\/strong><\/p>\n<p class=\"c7\">C\u2019est une d\u00e9cision du staff technique de m\u2019aligner dans ce match. Nous avons pris la d\u00e9cision de l\u2019aligner mais il s\u2019est bless\u00e9 tr\u00e8s t\u00f4t. On a pens\u00e9 qu\u2019il pouvait jouer tout le match. La comparaison entre Etame Ngombe et Karl Ndedi Kenne est un autre d\u00e9bat.<\/p>\n<p class=\"c7\"><strong>Que r\u00e9pondez-vous \u00e0 ceux qui estiment que Jacques Zoua a \u00e9t\u00e9 align\u00e9 dans ce match pour cause de dispute de brassard et des primes du match gagn\u00e9 contre le Zimbabwe\u00a0?<\/strong><\/p>\n<p class=\"c7\">Jacques Zoua souffre d\u2019un probl\u00e8me musculaire. Je pense qu\u2019il reviendra d\u00e8s le prochain match. Il n\u2019y a aucun probl\u00e8me autour du capitanat comme vous laissez entendre. Sauf si les journalistes ont des informations que j\u2019ignore. \u00a0Dans ce cas ils peuvent m\u2019\u00e9clairer<em>\u00a0<\/em><\/p>\n<p class=\"c7\"><strong>C\u2019est un d\u00e9fenseur, Salomon Banga qui a inscrit vos deux buts en autant de sorties. Diriez-vous aussi que vous \u00eates \u00e0 a recherche d\u2019un attaquant tueur\u00a0?<\/strong><\/p>\n<p class=\"c7\">Ce qui est important c\u2019est de marquer les buts. Le football est un sport collectif. Si un d\u00e9fenseur marque le but, pourquoi \u00e7a devrait g\u00eaner. Les d\u00e9fenseurs peuvent autant marquer que les attaquants sur balles arr\u00eat\u00e9es. Je reconnais que les attaquants pr\u00e9sentent beaucoup de difficult\u00e9s pour marquer, c\u2019est tout \u00e0 fait naturel qu\u2019il y aura lors des entrainements un travail devant les buts pour leur donner des opportunit\u00e9s. Je dois dire que les attaquants que nous avons sont capables de marquer, mais jusqu\u2019\u00e0 pr\u00e9sent les opportunit\u00e9s n\u2019ont pas \u00e9t\u00e9 bien exploit\u00e9es. Peut-\u00eatre d\u00e8s le prochain match ils s\u2019appliqueront pour bien marquer plus que les d\u00e9fenseurs. Pour nous le plus important est de marquer les buts quel qu\u2019en soit le buteur.<\/p>\n<\/div>\n<p>Auteur: Christian DJIMADEU<br \/>\n<a href=\"https:\/\/www.journalducameroun.com\/cameroun-chan-martin-ndtoungou-mpile-justifie-ses-choix-contre-le-mali-cameroun\/\">Cliquez ici pour lire l&rsquo;article depuis sa source.<\/a><\/p>\n","protected":false},"excerpt":{"rendered":"<p>Publi\u00e9 le 20.01.2021 \u00e0 22h04 par Christian Djimadeu En conf\u00e9rence de presse d\u2019apr\u00e8s match, le s\u00e9lectionneur du Cameroun a donn\u00e9 les raisons de l\u2019absence de Jacques Zoua et la titularisation \u00a0de Karl Ndedi dont les quelque minutes de jeu n\u2019ont gu\u00e8re donn\u00e9 satisfaction. \u00a0 Quelle analyse faites-vous du match nul de votre \u00e9quipe contre celle [&hellip;]<\/p>\n","protected":false},"author":1965,"featured_media":0,"comment_status":"closed","ping_status":"closed","sticky":false,"template":"","format":"standard","meta":{"fifu_image_url":"","fifu_image_alt":"","footnotes":""},"categories":[73,82],"tags":[],"class_list":["post-109686","post","type-post","status-publish","format-standard","hentry","category-actualite","category-cameroun"],"_links":{"self":[{"href":"https:\/\/linitiative.ca\/International\/wp-json\/wp\/v2\/posts\/109686","targetHints":{"allow":["GET"]}}],"collection":[{"href":"https:\/\/linitiative.ca\/International\/wp-json\/wp\/v2\/posts"}],"about":[{"href":"https:\/\/linitiative.ca\/International\/wp-json\/wp\/v2\/types\/post"}],"author":[{"embeddable":true,"href":"https:\/\/linitiative.ca\/International\/wp-json\/wp\/v2\/users\/1965"}],"replies":[{"embeddable":true,"href":"https:\/\/linitiative.ca\/International\/wp-json\/wp\/v2\/comments?post=109686"}],"version-history":[{"count":0,"href":"https:\/\/linitiative.ca\/International\/wp-json\/wp\/v2\/posts\/109686\/revisions"}],"wp:attachment":[{"href":"https:\/\/linitiative.ca\/International\/wp-json\/wp\/v2\/media?parent=109686"}],"wp:term":[{"taxonomy":"category","embeddable":true,"href":"https:\/\/linitiative.ca\/International\/wp-json\/wp\/v2\/categories?post=109686"},{"taxonomy":"post_tag","embeddable":true,"href":"https:\/\/linitiative.ca\/International\/wp-json\/wp\/v2\/tags?post=109686"}],"curies":[{"name":"wp","href":"https:\/\/api.w.org\/{rel}","templated":true}]}}