{"id":109688,"date":"2021-01-20T18:04:28","date_gmt":"2021-01-20T23:04:28","guid":{"rendered":"https:\/\/linitiative.ca\/International\/telephonie-lartci-devoile-une-application-pour-le-passage-de-8-a-10-chiffres\/"},"modified":"2021-01-20T18:04:28","modified_gmt":"2021-01-20T23:04:28","slug":"telephonie-lartci-devoile-une-application-pour-le-passage-de-8-a-10-chiffres","status":"publish","type":"post","link":"https:\/\/linitiative.ca\/International\/telephonie-lartci-devoile-une-application-pour-le-passage-de-8-a-10-chiffres\/","title":{"rendered":"T\u00e9l\u00e9phonie: l\u2019ARTCI d\u00e9voile une application pour le passage de 8 \u00e0 10 chiffres"},"content":{"rendered":"<div readability=\"32\">\n<p>Publi\u00e9 le 21.01.2021 \u00e0 00h18 par APA News<\/p>\n<\/div>\n<div readability=\"96\">\n<p>Le directeur g\u00e9n\u00e9ral de l\u2019Autorit\u00e9 de r\u00e9gulation des services de t\u00e9l\u00e9communications et des TIC de C\u00f4te d\u2019Ivoire (ARTCI), Bil\u00e9 Di\u00e9m\u00e9l\u00e9ou, a annonc\u00e9 mercredi une application permettant le passage des num\u00e9ros de t\u00e9l\u00e9phonie de 8 \u00e0 10 chiffres.<\/p>\n<p>Cette application qui sera \u00ab\u00a0mise en service le 31 janvier 2021 s\u2019appelle PNN ARTCI\u00a0\u00bb, a indiqu\u00e9 \u00e0 la presse le directeur g\u00e9n\u00e9ral de l\u2019ARTCI, Bil\u00e9 Di\u00e9m\u00e9l\u00e9ou, en marge d\u2019une rencontre avec des organisations de consommateurs, \u00e0 Abidjan. \u00a0\u00a0<\/p>\n<p>Il a expliqu\u00e9 que l\u2019application d\u00e9velopp\u00e9e par l\u2019ARTCI, le r\u00e9gulateur du secteur des T\u00e9l\u00e9coms, permet de faire passer les num\u00e9ros dans le r\u00e9pertoire, de 8 \u00e0 10 chiffres. \u00a0Et sera fonctionnel le 31 janvier 2021.<\/p>\n<p>Le directeur g\u00e9n\u00e9ral de l\u2019ARTCI a par ailleurs fait savoir aux usagers qu\u2019en t\u00e9l\u00e9chargeant des applications, ils devraient se rassurer que les op\u00e9rateurs de t\u00e9l\u00e9phonie ont travaill\u00e9 d\u2019abord en leur sein sur les \u00e9quipements.<\/p>\n<p>Pour l\u2019ARTCI, les d\u00e9veloppeurs des applications devraient se conformer aux dispositions relatives \u00e0 la protection des donn\u00e9es \u00e0 caract\u00e8re personnel, \u00e0 la s\u00e9curit\u00e9 num\u00e9rique et ob\u00e9ir aux principes du nouveau Plan national de num\u00e9rotation (PNN) \u00e0 10 chiffres qui doit \u00eatre respect\u00e9 lors de leur conception.\u00a0<\/p>\n<p>Ibrahim Tour\u00e9, le pr\u00e9sident de la F\u00e9d\u00e9ration des r\u00e9seaux des consommateurs, a assur\u00e9 que son organisation veille \u00e0 ce que les consommateurs ne soient pas \u00ab\u00a0victimes\u00a0\u00bb du basculement des num\u00e9ros de t\u00e9l\u00e9phone de 8 \u00e0 10 chiffres suite \u00e0 des dysfonctionnements. \u00a0<\/p>\n<p>Le ministre ivoirien de l\u2019\u00c9conomie num\u00e9rique et de la poste, Mamadou Sanogo, a lanc\u00e9 officiellement mi-d\u00e9cembre 2020 le passage des num\u00e9ros de t\u00e9l\u00e9phone mobile et fixe, de 8 \u00e0 10 chiffres, dont l\u2019entr\u00e9e en vigueur est pr\u00e9vue le 31 janvier 2021.<\/p>\n<p>Le basculement se fera le dimanche 31 janvier 2021, \u00e0 z\u00e9ro heure, une date arr\u00eat\u00e9e en concertation avec les exploitants de r\u00e9seaux de t\u00e9l\u00e9phonie, \u00a0ma\u00eetres-d\u2019\u0153uvre de cette op\u00e9ration, avait d\u00e9clar\u00e9 M. Mamadou Sanogo, lors d\u2019une conf\u00e9rence de presse.<\/p>\n<p>\u00ab\u00a0N\u00e9anmoins, l\u2019ARTCI (le r\u00e9gulateur) examine avec les op\u00e9rateurs une possibilit\u00e9 de coexistence des deux plans pendant un certain d\u00e9lai d\u2019adaptation pour les usagers d\u00e9j\u00e0 habitu\u00e9s aux 8 chiffres\u00a0\u00bb, avait encore assur\u00e9 le ministre de l\u2019\u00c9conomie num\u00e9rique et de la poste.<\/p>\n<p>L\u2019Etat de C\u00f4te d\u2019Ivoire a d\u00e9cid\u00e9 du passage des num\u00e9ros de t\u00e9l\u00e9phone de huit \u00e0 dix chiffres \u00e0 compter du 31 janvier 2021 pace que les blocs de num\u00e9rotation attribu\u00e9s aux op\u00e9rateurs de t\u00e9l\u00e9phonie sont quasiment arriv\u00e9s \u00e0 saturation. \u00a0<\/p>\n<\/div>\n<p>Auteur: APA News<br \/>\n<a href=\"https:\/\/www.journalducameroun.com\/telephonie-lartci-devoile-une-application-pour-le-passage-de-8-a-10-chiffres\/\">Cliquez ici pour lire l&rsquo;article depuis sa source.<\/a><\/p>\n","protected":false},"excerpt":{"rendered":"<p>Publi\u00e9 le 21.01.2021 \u00e0 00h18 par APA News Le directeur g\u00e9n\u00e9ral de l\u2019Autorit\u00e9 de r\u00e9gulation des services de t\u00e9l\u00e9communications et des TIC de C\u00f4te d\u2019Ivoire (ARTCI), Bil\u00e9 Di\u00e9m\u00e9l\u00e9ou, a annonc\u00e9 mercredi une application permettant le passage des num\u00e9ros de t\u00e9l\u00e9phonie de 8 \u00e0 10 chiffres. Cette application qui sera \u00ab\u00a0mise en service le 31 janvier [&hellip;]<\/p>\n","protected":false},"author":1965,"featured_media":0,"comment_status":"closed","ping_status":"closed","sticky":false,"template":"","format":"standard","meta":{"fifu_image_url":"","fifu_image_alt":"","footnotes":""},"categories":[73,82],"tags":[],"class_list":["post-109688","post","type-post","status-publish","format-standard","hentry","category-actualite","category-cameroun"],"_links":{"self":[{"href":"https:\/\/linitiative.ca\/International\/wp-json\/wp\/v2\/posts\/109688","targetHints":{"allow":["GET"]}}],"collection":[{"href":"https:\/\/linitiative.ca\/International\/wp-json\/wp\/v2\/posts"}],"about":[{"href":"https:\/\/linitiative.ca\/International\/wp-json\/wp\/v2\/types\/post"}],"author":[{"embeddable":true,"href":"https:\/\/linitiative.ca\/International\/wp-json\/wp\/v2\/users\/1965"}],"replies":[{"embeddable":true,"href":"https:\/\/linitiative.ca\/International\/wp-json\/wp\/v2\/comments?post=109688"}],"version-history":[{"count":0,"href":"https:\/\/linitiative.ca\/International\/wp-json\/wp\/v2\/posts\/109688\/revisions"}],"wp:attachment":[{"href":"https:\/\/linitiative.ca\/International\/wp-json\/wp\/v2\/media?parent=109688"}],"wp:term":[{"taxonomy":"category","embeddable":true,"href":"https:\/\/linitiative.ca\/International\/wp-json\/wp\/v2\/categories?post=109688"},{"taxonomy":"post_tag","embeddable":true,"href":"https:\/\/linitiative.ca\/International\/wp-json\/wp\/v2\/tags?post=109688"}],"curies":[{"name":"wp","href":"https:\/\/api.w.org\/{rel}","templated":true}]}}