{"id":109692,"date":"2021-01-20T14:57:35","date_gmt":"2021-01-20T19:57:35","guid":{"rendered":"https:\/\/linitiative.ca\/International\/visite-la-cellule-de-communication-deneo-a-ecomatin\/"},"modified":"2021-01-20T14:57:35","modified_gmt":"2021-01-20T19:57:35","slug":"visite-la-cellule-de-communication-deneo-a-ecomatin","status":"publish","type":"post","link":"https:\/\/linitiative.ca\/International\/visite-la-cellule-de-communication-deneo-a-ecomatin\/","title":{"rendered":"Visite : la cellule de communication d\u2019Eneo \u00e0 EcoMatin"},"content":{"rendered":"<div class=\"featured-area featured-area-inner\">\n<p><img loading=\"lazy\" decoding=\"async\" width=\"780\" height=\"470\" src=\"https:\/\/ecomatin.net\/wp-content\/uploads\/2021\/01\/20210120_164527-780x470.jpg\" class=\"attachment-jannah-image-post size-jannah-image-post wp-post-image\" alt=\"\" is_main_img=\"1\"\/><\/p>\n<\/div>\n<div class=\"entry-content entry clearfix\" readability=\"43.554269175109\">\n<p>L\u2019entreprise distributrice d\u2019\u00e9nergie \u00e9lectrique Energy of Cameroon (Eneo) a tenu a manifest\u00e9 ses amiti\u00e9s au bihebdomadaire EcoMatin en ce d\u00e9but d\u2019ann\u00e9e. A cet effet, ce mercredi 20 janvier 2021, le Directeur de publication Emile Fidieck a re\u00e7u en visite de courtoisie, les chefs de services communication de Yaound\u00e9 et Douala de l\u2019entreprise.<\/p>\n<p><strong>Lire aussi<\/strong> : <a href=\"https:\/\/ecomatin.net\/ecomatin-en-2020\/\">EcoMatin en 2020<\/a><\/p>\n<p>Avec elles des packages constituer de calendriers, d\u2019agendas et de cartes de v\u0153ux pour la nouvelle ann\u00e9e. Face \u00e0 ce geste d\u2019amiti\u00e9, le Directeur de publication Emile Fidieck n\u2019a pas manqu\u00e9 d\u2019exprimer toute sa gratitude \u00e0 Eneo.<\/p>\n<p><strong>Lire aussi<\/strong> : <a href=\"https:\/\/ecomatin.net\/128-milliards-de-fcfa-de-manque-a-gagner-pour-eneo-en-2019\/\">12 milliards de Fcfa \u00e0 gagner pour Eneo en 2019<\/a><\/p>\n<\/div>\n<p>Auteur: Cindy MBALA<br \/>\n<a href=\"https:\/\/ecomatin.net\/visites-la-cellule-de-communication-deneo-a-ecomatin\/\">Cliquez ici pour lire l&rsquo;article depuis sa source.<\/a><\/p>\n","protected":false},"excerpt":{"rendered":"<p>L\u2019entreprise distributrice d\u2019\u00e9nergie \u00e9lectrique Energy of Cameroon (Eneo) a tenu a manifest\u00e9 ses amiti\u00e9s au bihebdomadaire EcoMatin en ce d\u00e9but d\u2019ann\u00e9e. A cet effet, ce mercredi 20 janvier 2021, le Directeur de publication Emile Fidieck a re\u00e7u en visite de courtoisie, les chefs de services communication de Yaound\u00e9 et Douala de l\u2019entreprise. Lire aussi : [&hellip;]<\/p>\n","protected":false},"author":1969,"featured_media":0,"comment_status":"closed","ping_status":"closed","sticky":false,"template":"","format":"standard","meta":{"fifu_image_url":"https:\/\/ecomatin.net\/wp-content\/uploads\/2021\/01\/20210120_164527-780x470.jpg","fifu_image_alt":"Visite : la cellule de communication d\u2019Eneo \u00e0 EcoMatin","footnotes":""},"categories":[82,78],"tags":[],"class_list":["post-109692","post","type-post","status-publish","format-standard","hentry","category-cameroun","category-economie"],"_links":{"self":[{"href":"https:\/\/linitiative.ca\/International\/wp-json\/wp\/v2\/posts\/109692","targetHints":{"allow":["GET"]}}],"collection":[{"href":"https:\/\/linitiative.ca\/International\/wp-json\/wp\/v2\/posts"}],"about":[{"href":"https:\/\/linitiative.ca\/International\/wp-json\/wp\/v2\/types\/post"}],"author":[{"embeddable":true,"href":"https:\/\/linitiative.ca\/International\/wp-json\/wp\/v2\/users\/1969"}],"replies":[{"embeddable":true,"href":"https:\/\/linitiative.ca\/International\/wp-json\/wp\/v2\/comments?post=109692"}],"version-history":[{"count":0,"href":"https:\/\/linitiative.ca\/International\/wp-json\/wp\/v2\/posts\/109692\/revisions"}],"wp:attachment":[{"href":"https:\/\/linitiative.ca\/International\/wp-json\/wp\/v2\/media?parent=109692"}],"wp:term":[{"taxonomy":"category","embeddable":true,"href":"https:\/\/linitiative.ca\/International\/wp-json\/wp\/v2\/categories?post=109692"},{"taxonomy":"post_tag","embeddable":true,"href":"https:\/\/linitiative.ca\/International\/wp-json\/wp\/v2\/tags?post=109692"}],"curies":[{"name":"wp","href":"https:\/\/api.w.org\/{rel}","templated":true}]}}