{"id":109693,"date":"2021-01-20T15:16:41","date_gmt":"2021-01-20T20:16:41","guid":{"rendered":"https:\/\/linitiative.ca\/International\/lusine-tractafric-equipement-de-kribi-sera-inaugure-le-23-janvier-2021\/"},"modified":"2021-01-20T15:16:41","modified_gmt":"2021-01-20T20:16:41","slug":"lusine-tractafric-equipement-de-kribi-sera-inaugure-le-23-janvier-2021","status":"publish","type":"post","link":"https:\/\/linitiative.ca\/International\/lusine-tractafric-equipement-de-kribi-sera-inaugure-le-23-janvier-2021\/","title":{"rendered":"L\u2019usine Tractafric  Equipement de Kribi sera inaugur\u00e9 le 23 janvier 2021"},"content":{"rendered":"<p>La quatri\u00e8me agence de l\u2019entreprise Tractafric Equipement \u00a0verra le jour au sein du complexe industrialo-portuaire de Kribi, nouvelle axe\u00a0strat\u00e9gique du pays. Apr\u00e8s les d\u00e9membrements de Douala, Yaound\u00e9 et Garoua, \u00a0la nouvelle agence de Kribi viendra offrir un accompagnement technique de proximit\u00e9 aux diff\u00e9rentes entreprises \u00a0install\u00e9es dans cette zone, et de mani\u00e8re g\u00e9n\u00e9rale \u00e0 toutes les soci\u00e9t\u00e9s bas\u00e9es dans la r\u00e9gion du Sud Cameroun. Ce qui contribuera \u00e0 solidifier l\u2019esprit de d\u00e9centralisation de l\u2019Etat.\u00a0\u00ab Cette usine vient en appui de l\u2019ambition de d\u00e9centralisation\u00a0 de l\u2019Etat, ce faisant, Tractafric Equipement r\u00e9it\u00e8re une fois encore sa volont\u00e9 de d\u00e9passer le simple cadre commercial pour se positionner en partenaire de premier plan, partenaire \u00a0de long terme, de l\u2019ensemble des acteurs du paysages \u00e9conomique\u00a0 africain\u00bb indique Alain Dufounier, Directeur G\u00e9n\u00e9rale de Tractafric Equipement d\u2019Afrique Centrale.<\/p>\n<p><strong>Lire aussi :<\/strong> <a href=\"https:\/\/ecomatin.net\/tractafric-motors-adopte-de-nouvelles-mesures-de-protection-suite-au-coronavirus\/\">Coronavirus: Tractafric Motors adopte de nouvelles mesures de protection suite au Coronavirus<\/a><\/p>\n<p>Avec un investissement de plus de deux milliards, l\u2019usine ambitionne dans un premier temps, \u00a0produire 250 engins par an. Les installations de l\u2019usine \u00a0incluent un atelier de maintenance \u00e9quip\u00e9, d\u2019un stockage de pi\u00e8ces d\u00e9tach\u00e9es ainsi qu\u2019un centre de formation, qui dispensera aux conducteurs d\u2019engins de chantiers et aux techniciens des formations certifi\u00e9es. Par ailleurs, la base abritera dans les prochains jours une nouvelle infrastructure, celle d\u2019assemblage d\u2019\u00e9quipement de chantiers, donc l\u2019inauguration\u00a0est pr\u00e9vue \u00e0 la fin du mois. Le pr\u00e9sent projet se concr\u00e9tisera\u00a0 par le nid d\u2019emplois directs et indirect cr\u00e9\u00e9 avec un apport consid\u00e9rable de comp\u00e9tences.<\/p>\n<p>Les engins \u00a0de la marque SEM, une gamme de produits d\u00e9velopp\u00e9e par l\u2019entreprise Caterpillar, pour la construction et l\u2019entretien d\u2019infrastructures seront assembl\u00e9s dans cette usine. Cette initiative locale, permettra de faire b\u00e9n\u00e9ficier aux op\u00e9rateurs \u00e9conomiques nationaux en particulier et aux acteurs \u00e9conomiques d\u2019Afrique centrale de mani\u00e8re \u00e9largie,\u00a0d\u2019\u00e9quipements aux standards internationaux \u00e0 des prix adapt\u00e9s au march\u00e9 r\u00e9gional.\u00a0<\/p>\n<p><strong>Lire aussi<\/strong> : <a href=\"https:\/\/ecomatin.net\/zone-economique-plus-de-100-milliards-de-fcfa-deja-investis-a-kribi\/\">Zone \u00e9conomique\u00a0: plus de 100 milliards de Fcfa d\u00e9j\u00e0 investis \u00e0 Kribi<\/a><\/p>\n<p>Le r\u00e9seau Tractafric Equipement au Cameroun, c\u2019est la qualit\u00e9 aux services \u00a0d\u2019une client\u00e8le de plus en plus exigeant. Il \u00a0est anim\u00e9 par plus de 250 professionnels, qui sont au quotidien au service de plus de 1.000clients, avec \u00e0 date 6.5000 \u00e9quipements suivi dans le pays. Pour 14.000 visites clients et 6.000 interventions par an et \u00e9galement \u00a01.500 personnes form\u00e9es chaque ann\u00e9e.<\/p>\n<p>Pour ce qui est de \u00a0soci\u00e9t\u00e9 Caterpillar, leader mondiale de l\u2019\u00e9quipement de chantiers, \u00e0 travers les \u00e9quipements qui ont fait sa r\u00e9putation historique, r\u00e9pondent aux attentes des op\u00e9rateurs ayant besoin d\u2019engins de qualit\u00e9 mais \u00a0aussi plus accessibles. Simples et solides, avec une dur\u00e9e de vie de 10.000heures, et b\u00e9n\u00e9ficie \u00a0d\u2019une garantie de suivi en pi\u00e8ce, les \u00e9quipements SEM r\u00e9pondent sp\u00e9cifiquement \u00e0 ce besoin.<\/p>\n<p><strong>Lire aussi<\/strong> : <a href=\"https:\/\/ecomatin.net\/coronavirus-moodys-prevoit-une-baisse-des-ventes-de-vehicules-neufs-de-25\/\">Coronavirus: Moody\u2019s pr\u00e9voit une baisse des ventes de v\u00e9hicules neufs de 2,5%<\/a><\/p>\n<p>Auteur: Amina MALLOUM<br \/>\n<a href=\"https:\/\/ecomatin.net\/lusine-tractafric-equipement-de-kribi-sera-inaugure-le-23-janvier-2021\/\">Cliquez ici pour lire l&rsquo;article depuis sa source.<\/a><\/p>\n","protected":false},"excerpt":{"rendered":"<p>La quatri\u00e8me agence de l\u2019entreprise Tractafric Equipement \u00a0verra le jour au sein du complexe industrialo-portuaire de Kribi, nouvelle axe\u00a0strat\u00e9gique du pays. Apr\u00e8s les d\u00e9membrements de Douala, Yaound\u00e9 et Garoua, \u00a0la nouvelle agence de Kribi viendra offrir un accompagnement technique de proximit\u00e9 aux diff\u00e9rentes entreprises \u00a0install\u00e9es dans cette zone, et de mani\u00e8re g\u00e9n\u00e9rale \u00e0 toutes les [&hellip;]<\/p>\n","protected":false},"author":1969,"featured_media":0,"comment_status":"closed","ping_status":"closed","sticky":false,"template":"","format":"standard","meta":{"fifu_image_url":"","fifu_image_alt":"","footnotes":""},"categories":[82,78],"tags":[],"class_list":["post-109693","post","type-post","status-publish","format-standard","hentry","category-cameroun","category-economie"],"_links":{"self":[{"href":"https:\/\/linitiative.ca\/International\/wp-json\/wp\/v2\/posts\/109693","targetHints":{"allow":["GET"]}}],"collection":[{"href":"https:\/\/linitiative.ca\/International\/wp-json\/wp\/v2\/posts"}],"about":[{"href":"https:\/\/linitiative.ca\/International\/wp-json\/wp\/v2\/types\/post"}],"author":[{"embeddable":true,"href":"https:\/\/linitiative.ca\/International\/wp-json\/wp\/v2\/users\/1969"}],"replies":[{"embeddable":true,"href":"https:\/\/linitiative.ca\/International\/wp-json\/wp\/v2\/comments?post=109693"}],"version-history":[{"count":0,"href":"https:\/\/linitiative.ca\/International\/wp-json\/wp\/v2\/posts\/109693\/revisions"}],"wp:attachment":[{"href":"https:\/\/linitiative.ca\/International\/wp-json\/wp\/v2\/media?parent=109693"}],"wp:term":[{"taxonomy":"category","embeddable":true,"href":"https:\/\/linitiative.ca\/International\/wp-json\/wp\/v2\/categories?post=109693"},{"taxonomy":"post_tag","embeddable":true,"href":"https:\/\/linitiative.ca\/International\/wp-json\/wp\/v2\/tags?post=109693"}],"curies":[{"name":"wp","href":"https:\/\/api.w.org\/{rel}","templated":true}]}}