{"id":109694,"date":"2021-01-21T08:00:45","date_gmt":"2021-01-21T13:00:45","guid":{"rendered":"https:\/\/linitiative.ca\/International\/prise-de-vitamine-d-un-geste-preventif-contre-la-covid-19\/"},"modified":"2021-01-21T08:00:45","modified_gmt":"2021-01-21T13:00:45","slug":"prise-de-vitamine-d-un-geste-preventif-contre-la-covid-19","status":"publish","type":"post","link":"https:\/\/linitiative.ca\/International\/prise-de-vitamine-d-un-geste-preventif-contre-la-covid-19\/","title":{"rendered":"Prise de vitamine D : Un geste pr\u00e9ventif  contre la Covid-19"},"content":{"rendered":"<p><img decoding=\"async\" class=\"post_layout_5_img\" src=\"http:\/\/aujourdhui.ma\/wp-content\/uploads\/2021\/01\/vitamine-d.jpg\" alt=\"Prise de vitamine D : Un geste pr&#xE9;ventif contre la Covid-19\"\/><\/p>\n<p><span class=\"c5\"><strong>Des experts la recommandent en compl\u00e9ment du vaccin et des gestes barri\u00e8res<\/strong><\/span><span id=\"more-366124\"\/><\/p>\n<p>L\u2019actualit\u00e9 le confirme. 73 experts francophones et 6 soci\u00e9t\u00e9s positionn\u00e9es dans la recherche recommandent la prise de vitamine D en compl\u00e9ment du vaccin et des gestes barri\u00e8res pour pr\u00e9venir et limiter les formes graves de Covid-19. Un geste simple et qui ne co\u00fbte pas cher. Explications.<br \/>Selon plusieurs conclusions scientifiques, la vitamine D limiterait les infections respiratoires et pr\u00e9viendrait contre les formes graves de Covid-19. Un communiqu\u00e9 publi\u00e9 le 18 janvier par le CHU d\u2019Angers met en exergue, en effet, les recommandations de cette vitamine en compl\u00e9ment du vaccin ou des gestes barri\u00e8res. Il s\u2019agit des 6 soci\u00e9t\u00e9s scientifiques suivantes : l\u2019Association fran\u00e7aise de lutte anti-rhumatismale, la Soci\u00e9t\u00e9 fran\u00e7aise d\u2019endocrinologie, la Soci\u00e9t\u00e9 fran\u00e7aise de g\u00e9riatrie et g\u00e9rontologie, la Soci\u00e9t\u00e9 fran\u00e7aise de p\u00e9diatrie, la Soci\u00e9t\u00e9 fran\u00e7aise d\u2019endocrinologie et diab\u00e9tologie p\u00e9diatrique, la Soci\u00e9t\u00e9 francophone de n\u00e9phrologie dialyse et transplantation.<\/p>\n<p>D\u2019apr\u00e8s les experts en question, \u00abla vitamine D permettrait de moduler la synth\u00e8se de certaines prot\u00e9ines comme l\u2019ACE2\u00bb. Utilis\u00e9 par le SARS-CoV-2 pour infecter les cellules h\u00f4tes, l\u2019ACE2 prot\u00e8ge contre l\u2019inflammation dans plusieurs organes, dont les poumons. L\u2019Institut national de la sant\u00e9 et de la recherche m\u00e9dicale (INSERM) qualifie, par ailleurs, la vitamine D de \u00abprot\u00e9ine cl\u00e9 dans la physiologie de la Covid-19, n\u00e9cessaire \u00e0 l\u2019entr\u00e9e du virus SARS-CoV-2 dans les cellules de l\u2019h\u00f4te\u00bb. Cela dit, les scientifiques sont formels sur le fait que cette substance n\u2019est pas un rem\u00e8de miracle. Elle demeure, n\u00e9anmoins, utile pour contribuer \u00e0 pr\u00e9venir l\u2019infection par le SARS-CoV-2 et surtout \u00e0 r\u00e9duire le risque de formes graves de Covid-19, de passages en r\u00e9animation et de d\u00e9c\u00e8s li\u00e9s \u00e0 ce virus. Les experts recommandent la vitamine D aux personnes contamin\u00e9es \u00ab\u00e0 forte dose, et ce d\u00e8s le diagnostic de la Covid-19 pos\u00e9\u00bb.<\/p>\n<p>En France, elle a \u00e9t\u00e9 recommand\u00e9e, \u00e0 grande \u00e9chelle, compte tenu des carences enregistr\u00e9es chez pr\u00e8s de 50% de la population fran\u00e7aise et plus encore chez les personnes \u00e0 risque de formes graves de Covid-19\u00bb. Au Maroc, la fr\u00e9quence de carence est tout aussi importante, donc ces recommandations sont aussi \u00e0 prendre en consid\u00e9ration d\u2019autant plus que le vaccin n\u2019est pas encore disponible. A suivre\u2026<\/p>\n<div class=\"base-box mom_box_sc_custom mom_box_sc clear c6\" readability=\"24\">\n<p><span class=\"c5\"><strong>Enzyme de conversion de l\u2019angiotensine 2 (ACE2)<\/strong><\/span><\/p>\n<p>L\u2019enzyme de conversion de l\u2019angiotensine 2, ou ACE2 (de l\u2019anglais Angiotensin-Converting Enzyme 2), est une enzyme li\u00e9e \u00e0 la face externe des membranes plasmiques de cellules du poumon, des art\u00e8res, du c\u0153ur, du rein et de l\u2019appareil digestif. Elle joue un r\u00f4le important dans le syst\u00e8me r\u00e9nine-angiotensine-aldost\u00e9rone (SRAA), qui joue un r\u00f4le physiologique majeur pour la r\u00e9gulation du c\u0153ur, du rein et de la pression sanguine, qui r\u00e9gule l\u2019hom\u00e9ostasie hydrosod\u00e9e et la pression art\u00e9rielle. (\u2026) L\u2019ACE2 est le point d\u2019entr\u00e9e de certains coronavirus dans les cellules. C\u2019est le cas pour le coronavirus humain NL63, le SARS-CoV-1, coronavirus \u00e0 l\u2019origine du SRAS, et le SARS-CoV-2, \u00e0 l\u2019origine de la Covid-19.<\/p>\n<\/div>\n<p>Auteur: Dounia Essabban<br \/>\n<a href=\"https:\/\/aujourdhui.ma\/societe\/prise-de-vitamine-d-un-geste-preventif-contre-la-covid-19\">Cliquez ici pour lire l&rsquo;article depuis sa source.<\/a><\/p>\n","protected":false},"excerpt":{"rendered":"<p>Des experts la recommandent en compl\u00e9ment du vaccin et des gestes barri\u00e8res L\u2019actualit\u00e9 le confirme. 73 experts francophones et 6 soci\u00e9t\u00e9s positionn\u00e9es dans la recherche recommandent la prise de vitamine D en compl\u00e9ment du vaccin et des gestes barri\u00e8res pour pr\u00e9venir et limiter les formes graves de Covid-19. Un geste simple et qui ne co\u00fbte [&hellip;]<\/p>\n","protected":false},"author":1759,"featured_media":0,"comment_status":"closed","ping_status":"closed","sticky":false,"template":"","format":"standard","meta":{"fifu_image_url":"http:\/\/aujourdhui.ma\/wp-content\/uploads\/2021\/01\/vitamine-d.jpg","fifu_image_alt":"Prise de vitamine D : Un geste pr\u00e9ventif  contre la Covid-19","footnotes":""},"categories":[73,54],"tags":[],"class_list":["post-109694","post","type-post","status-publish","format-standard","hentry","category-actualite","category-maroc"],"_links":{"self":[{"href":"https:\/\/linitiative.ca\/International\/wp-json\/wp\/v2\/posts\/109694","targetHints":{"allow":["GET"]}}],"collection":[{"href":"https:\/\/linitiative.ca\/International\/wp-json\/wp\/v2\/posts"}],"about":[{"href":"https:\/\/linitiative.ca\/International\/wp-json\/wp\/v2\/types\/post"}],"author":[{"embeddable":true,"href":"https:\/\/linitiative.ca\/International\/wp-json\/wp\/v2\/users\/1759"}],"replies":[{"embeddable":true,"href":"https:\/\/linitiative.ca\/International\/wp-json\/wp\/v2\/comments?post=109694"}],"version-history":[{"count":0,"href":"https:\/\/linitiative.ca\/International\/wp-json\/wp\/v2\/posts\/109694\/revisions"}],"wp:attachment":[{"href":"https:\/\/linitiative.ca\/International\/wp-json\/wp\/v2\/media?parent=109694"}],"wp:term":[{"taxonomy":"category","embeddable":true,"href":"https:\/\/linitiative.ca\/International\/wp-json\/wp\/v2\/categories?post=109694"},{"taxonomy":"post_tag","embeddable":true,"href":"https:\/\/linitiative.ca\/International\/wp-json\/wp\/v2\/tags?post=109694"}],"curies":[{"name":"wp","href":"https:\/\/api.w.org\/{rel}","templated":true}]}}