{"id":109695,"date":"2021-01-21T10:34:43","date_gmt":"2021-01-21T15:34:43","guid":{"rendered":"https:\/\/linitiative.ca\/International\/pour-attenuer-le-deficit-pluviometrique-un-programme-de-soutien-au-profit-des-agriculteurs-lance-a-dakhla\/"},"modified":"2021-01-21T10:34:43","modified_gmt":"2021-01-21T15:34:43","slug":"pour-attenuer-le-deficit-pluviometrique-un-programme-de-soutien-au-profit-des-agriculteurs-lance-a-dakhla","status":"publish","type":"post","link":"https:\/\/linitiative.ca\/International\/pour-attenuer-le-deficit-pluviometrique-un-programme-de-soutien-au-profit-des-agriculteurs-lance-a-dakhla\/","title":{"rendered":"Pour att\u00e9nuer le d\u00e9ficit pluviom\u00e9trique : Un programme de soutien au profit  des agriculteurs lanc\u00e9 \u00e0 Dakhla"},"content":{"rendered":"<p><img decoding=\"async\" class=\"post_layout_5_img\" src=\"http:\/\/aujourdhui.ma\/wp-content\/uploads\/2021\/01\/Dakhla-Oued-Eddahab-B.jpg\" alt=\"Pour att&#xE9;nuer le d&#xE9;ficit pluviom&#xE9;trique : Un programme de soutien au profit des agriculteurs lanc&#xE9; &#xE0; Dakhla\"\/><\/p>\n<p><span class=\"c5\"><strong>Une batterie de mesures a \u00e9t\u00e9 mise en \u0153uvre au niveau de la r\u00e9gion de Dakhla-Oued Eddahab pour att\u00e9nuer le d\u00e9ficit pluviom\u00e9trique dans cette partie du Royaume.<\/strong><\/span><\/p>\n<p><span id=\"more-366148\"\/><br \/>La Direction r\u00e9gionale de l\u2019agriculture de Dakhla-Oued Eddahab lance un programme pr\u00e9liminaire pour att\u00e9nuer les effets du d\u00e9ficit des pr\u00e9cipitations dans la r\u00e9gion au titre de 2020\/2021 en concentration avec les diff\u00e9rents acteurs institutionnels locaux.<br \/>Ainsi, d\u2019apr\u00e8s un rapport de celle-ci, il sera proc\u00e9d\u00e9 \u00e0 la distribution de 1.700 tonnes d\u2019orge subventionn\u00e9, 250 tonnes de fourrage subventionn\u00e9, en plus de l\u2019acheminement de 695 tonnes de pulpe de betterave s\u00e9ch\u00e9e subventionn\u00e9e.<br \/>Il s\u2019agit \u00e9galement de la prise en charge des frais de transport d\u2019aliments pour b\u00e9tail, depuis leurs diff\u00e9rentes zones de production vers les diff\u00e9rentes collectivit\u00e9s territoriales de la r\u00e9gion. A cela s\u2019ajoute la prise en charge des frais de transport d\u2019une partie d\u2019autres aliments non subventionn\u00e9s. L\u2019\u00c9tat supporte ainsi les co\u00fbts de transport de ces aliments depuis les zones de production vers tous les p\u00e2turages de la r\u00e9gion o\u00f9 se trouvent les troupeaux.<\/p>\n<p>Ce programme porte \u00e9galement sur le forage, am\u00e9nagement et entretien de puits dans la zone pour l\u2019abreuvement du cheptel, et l\u2019acquisition et distribution de r\u00e9servoirs en plastique pour le stockage de l\u2019eau et la mobilisation de camions-citernes pour l\u2019abreuvement du b\u00e9tail, en particulier dans les zones qui ne disposent pas de puits.<br \/>Cette action a \u00e9t\u00e9 accueillie avec grand soulagement de la part des \u00e9leveurs de la r\u00e9gion qui ont exprim\u00e9 leur souhait de voir se poursuivre de telles initiatives, qui ont contribu\u00e9 \u00e0 att\u00e9nuer les charges des professionnels du secteur, et \u00e0 att\u00e9nuer l\u2019impact de la s\u00e9cheresse.<br \/>Notons que le secteur de l\u2019agriculture dans la r\u00e9gion est bas\u00e9 essentiellement sur la production des primeurs en particulier la tomate et le melon. En effet, cette r\u00e9gion offre des conditions id\u00e9ales pour la pratique de ces cultures notamment : un climat propice, la photop\u00e9riode id\u00e9ale pour les cultures mara\u00eech\u00e8res, et l\u2019absence des maladies\/insectes (exemple : mouche blanche pour la tomate). Ces facteurs associ\u00e9s aux efforts consentis par l\u2019Etat en mati\u00e8re d\u2019\u00e9tudes, d\u2019installation et d\u2019\u00e9quipement de certains projets ont permis de d\u00e9montrer que cette r\u00e9gion offre des potentialit\u00e9s importantes pour le d\u00e9veloppement des cultures mara\u00eech\u00e8res sous serres destin\u00e9es \u00e0 l\u2019export.<\/p>\n<p>Pour rappel, de grands projets d\u2019investissement sont \u00e9galement en cours pour d\u00e9velopper le potentiel de Dakhla, notamment dans le secteur agricole, qui b\u00e9n\u00e9ficie de terres fertiles, d\u2019une m\u00e9t\u00e9o cl\u00e9mente, et de facilit\u00e9s d\u2019exportation. Un projet de construction d\u2019usine de dessalement de l\u2019eau de mer, qui permettra d\u2019irriguer 5.000 hectares de terres agricoles, est actuellement dans sa phase finale de pr\u00e9paration \u00e0 Dakhla et devrait \u00eatre lanc\u00e9 les prochains mois.<\/p>\n<p>Auteur: Mohamed Laabid<br \/>\n<a href=\"https:\/\/aujourdhui.ma\/economie\/pour-attenuer-le-deficit-pluviometrique-un-programme-de-soutien-au-profit-des-agriculteurs-lance-a-dakhla\">Cliquez ici pour lire l&rsquo;article depuis sa source.<\/a><\/p>\n","protected":false},"excerpt":{"rendered":"<p>Une batterie de mesures a \u00e9t\u00e9 mise en \u0153uvre au niveau de la r\u00e9gion de Dakhla-Oued Eddahab pour att\u00e9nuer le d\u00e9ficit pluviom\u00e9trique dans cette partie du Royaume. La Direction r\u00e9gionale de l\u2019agriculture de Dakhla-Oued Eddahab lance un programme pr\u00e9liminaire pour att\u00e9nuer les effets du d\u00e9ficit des pr\u00e9cipitations dans la r\u00e9gion au titre de 2020\/2021 en [&hellip;]<\/p>\n","protected":false},"author":1759,"featured_media":0,"comment_status":"closed","ping_status":"closed","sticky":false,"template":"","format":"standard","meta":{"fifu_image_url":"http:\/\/aujourdhui.ma\/wp-content\/uploads\/2021\/01\/Dakhla-Oued-Eddahab-B.jpg","fifu_image_alt":"Pour att\u00e9nuer le d\u00e9ficit pluviom\u00e9trique : Un programme de soutien au profit  des agriculteurs lanc\u00e9 \u00e0 Dakhla","footnotes":""},"categories":[73,54],"tags":[],"class_list":["post-109695","post","type-post","status-publish","format-standard","hentry","category-actualite","category-maroc"],"_links":{"self":[{"href":"https:\/\/linitiative.ca\/International\/wp-json\/wp\/v2\/posts\/109695","targetHints":{"allow":["GET"]}}],"collection":[{"href":"https:\/\/linitiative.ca\/International\/wp-json\/wp\/v2\/posts"}],"about":[{"href":"https:\/\/linitiative.ca\/International\/wp-json\/wp\/v2\/types\/post"}],"author":[{"embeddable":true,"href":"https:\/\/linitiative.ca\/International\/wp-json\/wp\/v2\/users\/1759"}],"replies":[{"embeddable":true,"href":"https:\/\/linitiative.ca\/International\/wp-json\/wp\/v2\/comments?post=109695"}],"version-history":[{"count":0,"href":"https:\/\/linitiative.ca\/International\/wp-json\/wp\/v2\/posts\/109695\/revisions"}],"wp:attachment":[{"href":"https:\/\/linitiative.ca\/International\/wp-json\/wp\/v2\/media?parent=109695"}],"wp:term":[{"taxonomy":"category","embeddable":true,"href":"https:\/\/linitiative.ca\/International\/wp-json\/wp\/v2\/categories?post=109695"},{"taxonomy":"post_tag","embeddable":true,"href":"https:\/\/linitiative.ca\/International\/wp-json\/wp\/v2\/tags?post=109695"}],"curies":[{"name":"wp","href":"https:\/\/api.w.org\/{rel}","templated":true}]}}