{"id":109696,"date":"2021-01-21T10:40:05","date_gmt":"2021-01-21T15:40:05","guid":{"rendered":"https:\/\/linitiative.ca\/International\/sm-le-roi-recoit-le-ministre-emirati-des-affaires-etrangeres-et-de-la-cooperation-internationale\/"},"modified":"2021-01-21T10:40:05","modified_gmt":"2021-01-21T15:40:05","slug":"sm-le-roi-recoit-le-ministre-emirati-des-affaires-etrangeres-et-de-la-cooperation-internationale","status":"publish","type":"post","link":"https:\/\/linitiative.ca\/International\/sm-le-roi-recoit-le-ministre-emirati-des-affaires-etrangeres-et-de-la-cooperation-internationale\/","title":{"rendered":"SM le Roi re\u00e7oit le ministre \u00e9mirati des affaires \u00e9trang\u00e8res et de la coop\u00e9ration internationale"},"content":{"rendered":"<header>\n<\/header>\n<div class=\"entry-content clearfix\" readability=\"57\"><img decoding=\"async\" class=\"post_layout_5_img\" src=\"http:\/\/aujourdhui.ma\/wp-content\/uploads\/2021\/01\/SM-le-Roi-Mohammed-VI-rec\u0327oit-SA-Cheikh-Mohamed-Ben-Zayed-Al-Nahyane.jpg\" alt=\"SM le Roi re&#xE7;oit le ministre &#xE9;mirati des affaires &#xE9;trang&#xE8;res et de la coop&#xE9;ration internationale\"\/><\/p>\n<p>Sa Majest\u00e9 le Roi Mohammed VI a re\u00e7u, mercredi au Palais Royal de F\u00e8s, le ministre \u00e9mirati des affaires \u00e9trang\u00e8res et de la coop\u00e9ration internationale, SA Cheikh Abdallah Ben Zayed Al-Nahyane, porteur d\u2019un message du Prince h\u00e9ritier d\u2019Abou Dhabi, commandant supr\u00eame adjoint des Forces Arm\u00e9es de l\u2019\u00c9tat des \u00c9mirats Arabes Unis, SA Cheikh Mohamed Ben Zayed Al-Nahyane, \u00e0 Sa Majest\u00e9 le Roi.<\/p>\n<p>Lors de cette audience, les entretiens ont port\u00e9 sur l\u2019\u00e9volution des relations bilat\u00e9rales dans diff\u00e9rents domaines.<br \/>Cette audience s\u2019est d\u00e9roul\u00e9e en pr\u00e9sence, du c\u00f4t\u00e9 marocain, du conseiller de SM le Roi, Fouad Ali El Himma, du ministre des affaires \u00e9trang\u00e8res, de la coop\u00e9ration africaine et des Marocains r\u00e9sidant \u00e0 l\u2019\u00e9tranger, Nasser Bourita, et du c\u00f4t\u00e9 \u00e9mirati, du directeur du bureau de SA Cheikh Abdallah Ben Zayed Al-Nahyane, Mohamed Mahmoud Al Khaja.<\/p>\n<\/div>\n<p>Auteur: ALM<br \/>\n<a href=\"https:\/\/aujourdhui.ma\/actualite\/sm-le-roi-recoit-le-ministre-emirati-des-affaires-etrangeres-et-de-la-cooperation-internationale\">Cliquez ici pour lire l&rsquo;article depuis sa source.<\/a><\/p>\n","protected":false},"excerpt":{"rendered":"<p>Sa Majest\u00e9 le Roi Mohammed VI a re\u00e7u, mercredi au Palais Royal de F\u00e8s, le ministre \u00e9mirati des affaires \u00e9trang\u00e8res et de la coop\u00e9ration internationale, SA Cheikh Abdallah Ben Zayed Al-Nahyane, porteur d\u2019un message du Prince h\u00e9ritier d\u2019Abou Dhabi, commandant supr\u00eame adjoint des Forces Arm\u00e9es de l\u2019\u00c9tat des \u00c9mirats Arabes Unis, SA Cheikh Mohamed Ben [&hellip;]<\/p>\n","protected":false},"author":1759,"featured_media":0,"comment_status":"closed","ping_status":"closed","sticky":false,"template":"","format":"standard","meta":{"fifu_image_url":"http:\/\/aujourdhui.ma\/wp-content\/uploads\/2021\/01\/SM-le-Roi-Mohammed-VI-rec\u0327oit-SA-Cheikh-Mohamed-Ben-Zayed-Al-Nahyane.jpg","fifu_image_alt":"SM le Roi re\u00e7oit le ministre \u00e9mirati des affaires \u00e9trang\u00e8res et de la coop\u00e9ration internationale","footnotes":""},"categories":[73,54],"tags":[],"class_list":["post-109696","post","type-post","status-publish","format-standard","hentry","category-actualite","category-maroc"],"_links":{"self":[{"href":"https:\/\/linitiative.ca\/International\/wp-json\/wp\/v2\/posts\/109696","targetHints":{"allow":["GET"]}}],"collection":[{"href":"https:\/\/linitiative.ca\/International\/wp-json\/wp\/v2\/posts"}],"about":[{"href":"https:\/\/linitiative.ca\/International\/wp-json\/wp\/v2\/types\/post"}],"author":[{"embeddable":true,"href":"https:\/\/linitiative.ca\/International\/wp-json\/wp\/v2\/users\/1759"}],"replies":[{"embeddable":true,"href":"https:\/\/linitiative.ca\/International\/wp-json\/wp\/v2\/comments?post=109696"}],"version-history":[{"count":0,"href":"https:\/\/linitiative.ca\/International\/wp-json\/wp\/v2\/posts\/109696\/revisions"}],"wp:attachment":[{"href":"https:\/\/linitiative.ca\/International\/wp-json\/wp\/v2\/media?parent=109696"}],"wp:term":[{"taxonomy":"category","embeddable":true,"href":"https:\/\/linitiative.ca\/International\/wp-json\/wp\/v2\/categories?post=109696"},{"taxonomy":"post_tag","embeddable":true,"href":"https:\/\/linitiative.ca\/International\/wp-json\/wp\/v2\/tags?post=109696"}],"curies":[{"name":"wp","href":"https:\/\/api.w.org\/{rel}","templated":true}]}}