{"id":109697,"date":"2021-01-21T10:42:37","date_gmt":"2021-01-21T15:42:37","guid":{"rendered":"https:\/\/linitiative.ca\/International\/lires-publie-un-glossaire-de-la-question-du-sahara-marocain\/"},"modified":"2021-01-21T10:42:37","modified_gmt":"2021-01-21T15:42:37","slug":"lires-publie-un-glossaire-de-la-question-du-sahara-marocain","status":"publish","type":"post","link":"https:\/\/linitiative.ca\/International\/lires-publie-un-glossaire-de-la-question-du-sahara-marocain\/","title":{"rendered":"L\u2019IRES publie  un glossaire de la question du Sahara marocain"},"content":{"rendered":"<header>\n<\/header>\n<div class=\"entry-content clearfix\" readability=\"48\"><img decoding=\"async\" class=\"post_layout_5_img\" src=\"http:\/\/aujourdhui.ma\/wp-content\/uploads\/2020\/11\/IRES-Positionnement-international-du-Maroc.jpg\" alt=\"L&#x2019;IRES publie un glossaire de la question du Sahara marocain\"\/><\/p>\n<p><span class=\"c6\"><span class=\"c5\"><strong>L\u2019Institut royal des \u00e9tudes strat\u00e9giques a publi\u00e9 un glossaire de la question du Sahara marocain.<\/strong><\/span> <span id=\"more-366173\"\/><\/span><\/p>\n<p>Une v\u00e9ritable mine d\u2019informations aussi bien techniques qu\u2019historiques. Con\u00e7u comme un document de r\u00e9f\u00e9rence accessible \u00e0 tous publics et bas\u00e9 sur un argumentaire scientifique, ce glossaire pr\u00e9sente des d\u00e9finitions objectives et actualis\u00e9es des principaux concepts politiques, juridiques et historiques qu\u2019implique la question du Sahara marocain.<\/p>\n<p>Son objectif est de clarifier les notions fondamentales aff\u00e9rentes \u00e0 cette question et de contribuer, ainsi, \u00e0 l\u2019am\u00e9lioration de la communication du Maroc sur ses provinces du Sud, en mettant en avant les r\u00e9alit\u00e9s historiques et sociales \u00e0 m\u00eame de pallier les ambigu\u00eft\u00e9s et les interpr\u00e9tations erron\u00e9es v\u00e9hicul\u00e9es par les adversaires de l\u2019int\u00e9grit\u00e9 territoriale du Royaume.<\/p>\n<\/div>\n<p>Auteur: ALM<br \/>\n<a href=\"https:\/\/aujourdhui.ma\/actualite\/lires-publie-un-glossaire-de-la-question-du-sahara-marocain\">Cliquez ici pour lire l&rsquo;article depuis sa source.<\/a><\/p>\n","protected":false},"excerpt":{"rendered":"<p>L\u2019Institut royal des \u00e9tudes strat\u00e9giques a publi\u00e9 un glossaire de la question du Sahara marocain. Une v\u00e9ritable mine d\u2019informations aussi bien techniques qu\u2019historiques. Con\u00e7u comme un document de r\u00e9f\u00e9rence accessible \u00e0 tous publics et bas\u00e9 sur un argumentaire scientifique, ce glossaire pr\u00e9sente des d\u00e9finitions objectives et actualis\u00e9es des principaux concepts politiques, juridiques et historiques qu\u2019implique [&hellip;]<\/p>\n","protected":false},"author":1759,"featured_media":0,"comment_status":"closed","ping_status":"closed","sticky":false,"template":"","format":"standard","meta":{"fifu_image_url":"http:\/\/aujourdhui.ma\/wp-content\/uploads\/2020\/11\/IRES-Positionnement-international-du-Maroc.jpg","fifu_image_alt":"L\u2019IRES publie  un glossaire de la question du Sahara marocain","footnotes":""},"categories":[73,54],"tags":[],"class_list":["post-109697","post","type-post","status-publish","format-standard","hentry","category-actualite","category-maroc"],"_links":{"self":[{"href":"https:\/\/linitiative.ca\/International\/wp-json\/wp\/v2\/posts\/109697","targetHints":{"allow":["GET"]}}],"collection":[{"href":"https:\/\/linitiative.ca\/International\/wp-json\/wp\/v2\/posts"}],"about":[{"href":"https:\/\/linitiative.ca\/International\/wp-json\/wp\/v2\/types\/post"}],"author":[{"embeddable":true,"href":"https:\/\/linitiative.ca\/International\/wp-json\/wp\/v2\/users\/1759"}],"replies":[{"embeddable":true,"href":"https:\/\/linitiative.ca\/International\/wp-json\/wp\/v2\/comments?post=109697"}],"version-history":[{"count":0,"href":"https:\/\/linitiative.ca\/International\/wp-json\/wp\/v2\/posts\/109697\/revisions"}],"wp:attachment":[{"href":"https:\/\/linitiative.ca\/International\/wp-json\/wp\/v2\/media?parent=109697"}],"wp:term":[{"taxonomy":"category","embeddable":true,"href":"https:\/\/linitiative.ca\/International\/wp-json\/wp\/v2\/categories?post=109697"},{"taxonomy":"post_tag","embeddable":true,"href":"https:\/\/linitiative.ca\/International\/wp-json\/wp\/v2\/tags?post=109697"}],"curies":[{"name":"wp","href":"https:\/\/api.w.org\/{rel}","templated":true}]}}