{"id":109698,"date":"2021-01-21T10:54:29","date_gmt":"2021-01-21T15:54:29","guid":{"rendered":"https:\/\/linitiative.ca\/International\/david-t-fischer-fait-son-depart-officiel-david-greene-desormais-charge-daffaires-a-lambassade-us-au-maroc\/"},"modified":"2021-01-21T10:54:29","modified_gmt":"2021-01-21T15:54:29","slug":"david-t-fischer-fait-son-depart-officiel-david-greene-desormais-charge-daffaires-a-lambassade-us-au-maroc","status":"publish","type":"post","link":"https:\/\/linitiative.ca\/International\/david-t-fischer-fait-son-depart-officiel-david-greene-desormais-charge-daffaires-a-lambassade-us-au-maroc\/","title":{"rendered":"David T. Fischer fait son d\u00e9part officiel : David Greene, d\u00e9sormais charg\u00e9 d\u2019affaires \u00e0 l\u2019ambassade US au Maroc"},"content":{"rendered":"<header>\n<\/header>\n<div class=\"entry-content clearfix\" readability=\"56\"><img decoding=\"async\" class=\"post_layout_5_img\" src=\"http:\/\/aujourdhui.ma\/wp-content\/uploads\/2021\/01\/David-Greene.jpg\" alt=\"David T. Fischer fait son d&#xE9;part officiel : David Greene, d&#xE9;sormais charg&#xE9; d&#x2019;affaires &#xE0; l&#x2019;ambassade US au Maroc\"\/><\/p>\n<p><span class=\"c5\"><strong>Apr\u00e8s le d\u00e9part de l\u2019ambassadeur, David T. Fischer, c\u2019est d\u00e9sormais David Greene, diplomate de carri\u00e8re, qui occupe le poste de charg\u00e9 d\u2019affaires \u00e0 l\u2019ambassade des Etats-Unis au Maroc.<\/strong><\/span> <span id=\"more-366181\"\/><\/p>\n<p>A cette occasion, M. Greene exalte : \u00abJe me r\u00e9jouis de continuer \u00e0 travailler \u00e9troitement avec le gouvernement du Royaume du Maroc sous la conduite du Roi Mohammed VI, en prenant appui sur les d\u00e9veloppements historiques r\u00e9cents afin de rendre le partenariat strat\u00e9gique am\u00e9ricano-marocain encore plus solide.<\/p>\n<p>Ayant travaill\u00e9 sur le d\u00e9veloppement des liens entre les Etats-Unis et le Maroc pendant plus d\u2019une d\u00e9cennie, je ne peux qu\u2019affirmer \u00e0 quel point nous sommes reconnaissants du leadership du Roi Mohammed VI sur des questions d\u2019int\u00e9r\u00eat commun telles que la paix au Moyen-Orient, la stabilit\u00e9, la s\u00e9curit\u00e9 et le d\u00e9veloppement dans la r\u00e9gion et dans tout le continent africain. Nous souhaitons \u00e9galement bonne chance \u00e0 l\u2019ambassadeur Fischer \u00e0 l\u2019heure o\u00f9 il rentre aux Etats-Unis \u00e0 titre personnel\u00bb.<br \/>Pour rappel, M. Greene est arriv\u00e9 au Maroc en 2019 et a auparavant occup\u00e9 la fonction de charg\u00e9 d\u2019affaires du 5 ao\u00fbt 2019 au 21 janvier 2020. Il s\u2019agit de sa deuxi\u00e8me mission au Maroc, puisqu\u2019il a aussi rempli, entre autres, la fonction de conseiller politique \u00e0 l\u2019ambassade de 2011 \u00e0 2015.<\/p>\n<\/div>\n<p>Auteur: ALM<br \/>\n<a href=\"https:\/\/aujourdhui.ma\/actualite\/david-t-fischer-fait-son-depart-officiel-david-greene-desormais-charge-daffaires-a-lambassade-us-au-maroc\">Cliquez ici pour lire l&rsquo;article depuis sa source.<\/a><\/p>\n","protected":false},"excerpt":{"rendered":"<p>Apr\u00e8s le d\u00e9part de l\u2019ambassadeur, David T. Fischer, c\u2019est d\u00e9sormais David Greene, diplomate de carri\u00e8re, qui occupe le poste de charg\u00e9 d\u2019affaires \u00e0 l\u2019ambassade des Etats-Unis au Maroc. A cette occasion, M. Greene exalte : \u00abJe me r\u00e9jouis de continuer \u00e0 travailler \u00e9troitement avec le gouvernement du Royaume du Maroc sous la conduite du Roi [&hellip;]<\/p>\n","protected":false},"author":1759,"featured_media":0,"comment_status":"closed","ping_status":"closed","sticky":false,"template":"","format":"standard","meta":{"fifu_image_url":"http:\/\/aujourdhui.ma\/wp-content\/uploads\/2021\/01\/David-Greene.jpg","fifu_image_alt":"David T. Fischer fait son d\u00e9part officiel : David Greene, d\u00e9sormais charg\u00e9 d\u2019affaires \u00e0 l\u2019ambassade US au Maroc","footnotes":""},"categories":[73,54],"tags":[],"class_list":["post-109698","post","type-post","status-publish","format-standard","hentry","category-actualite","category-maroc"],"_links":{"self":[{"href":"https:\/\/linitiative.ca\/International\/wp-json\/wp\/v2\/posts\/109698","targetHints":{"allow":["GET"]}}],"collection":[{"href":"https:\/\/linitiative.ca\/International\/wp-json\/wp\/v2\/posts"}],"about":[{"href":"https:\/\/linitiative.ca\/International\/wp-json\/wp\/v2\/types\/post"}],"author":[{"embeddable":true,"href":"https:\/\/linitiative.ca\/International\/wp-json\/wp\/v2\/users\/1759"}],"replies":[{"embeddable":true,"href":"https:\/\/linitiative.ca\/International\/wp-json\/wp\/v2\/comments?post=109698"}],"version-history":[{"count":0,"href":"https:\/\/linitiative.ca\/International\/wp-json\/wp\/v2\/posts\/109698\/revisions"}],"wp:attachment":[{"href":"https:\/\/linitiative.ca\/International\/wp-json\/wp\/v2\/media?parent=109698"}],"wp:term":[{"taxonomy":"category","embeddable":true,"href":"https:\/\/linitiative.ca\/International\/wp-json\/wp\/v2\/categories?post=109698"},{"taxonomy":"post_tag","embeddable":true,"href":"https:\/\/linitiative.ca\/International\/wp-json\/wp\/v2\/tags?post=109698"}],"curies":[{"name":"wp","href":"https:\/\/api.w.org\/{rel}","templated":true}]}}