{"id":109699,"date":"2021-01-21T08:49:51","date_gmt":"2021-01-21T13:49:51","guid":{"rendered":"https:\/\/linitiative.ca\/International\/les-detenus-dal-hoceima-transferes-suite-a-des-comportements-contraires-aux-lois\/"},"modified":"2021-01-21T08:49:51","modified_gmt":"2021-01-21T13:49:51","slug":"les-detenus-dal-hoceima-transferes-suite-a-des-comportements-contraires-aux-lois","status":"publish","type":"post","link":"https:\/\/linitiative.ca\/International\/les-detenus-dal-hoceima-transferes-suite-a-des-comportements-contraires-aux-lois\/","title":{"rendered":"Les d\u00e9tenus d\u2019Al-Hoceima transf\u00e9r\u00e9s suite \u00e0 des comportements contraires aux lois"},"content":{"rendered":"<p class=\"c2\"><strong>Prison locale Tanger 2<\/strong><\/p>\n<p><strong>Les d\u00e9tenus dans le cadre des \u00e9v\u00e9nements d\u2019Al-Hoceima ont \u00e9t\u00e9 transf\u00e9r\u00e9s \u00e0 d\u2019autres \u00e9tablissements en raison de leurs comportements contraires \u00e0 la loi, a d\u00e9clar\u00e9 la D\u00e9l\u00e9gation g\u00e9n\u00e9rale \u00e0 l\u2019administration p\u00e9nitentiaire et \u00e0 la r\u00e9insertion (DGAPR) dans un communiqu\u00e9.<\/strong><\/p>\n<p>Il s\u2019agit d\u2019\u201dabus d\u2019utilisation du service t\u00e9l\u00e9phone fixe pour passer des appels qui ne servent pas \u00e0 la pr\u00e9servation des liens familiaux et sociaux\u201d, explique la D\u00e9l\u00e9gation, pr\u00e9cisant que ces communications sont devenues un moyen d\u2019enregistrement et de diffusion de posts et d\u2019\u00e9change de messages cod\u00e9s avec leurs proches.<\/p>\n<p>En outre, et \u00e0 l\u2019instigation du p\u00e8re de l\u2019un d\u2019entre eux, les d\u00e9tenus sont all\u00e9s jusqu\u2019\u00e0 r\u00e9clamer des droits qui n\u2019ont aucun rapport avec les conditions de d\u00e9tention, faisant ainsi fi des r\u00e8glementations juridiques et organiques en vigueur dans les \u00e9tablissements p\u00e9nitentiaires, ajoute le communiqu\u00e9.<\/p>\n<p>Lesdits prisonniers ont \u00e9galement refus\u00e9 d\u2019ob\u00e9ir aux ordres de l\u2019Administration, indique la DGAPR, ajoutant que les individus concern\u00e9 ont ignor\u00e9 les avertissements et les mises en garde r\u00e9p\u00e9titifs de celle-ci, n\u2019ont montr\u00e9 aucun respect aux institutions de l\u2019Etat et ont menac\u00e9 d\u2019entamer une gr\u00e8ve de la faim collective.<\/p>\n<p>Partant de sa responsabilit\u00e9 de pr\u00e9server la s\u00e9curit\u00e9 des \u00e9tablissements p\u00e9nitentiaires et de ses pensionnaires, et de prendre toutes les mesures n\u00e9cessaires \u00e0 cet effet, l\u2019Administration a d\u00e9cid\u00e9 de transf\u00e9rer ces d\u00e9tenus vers d\u2019autres \u00e9tablissements afin de mettre fin \u00e0 ces comportements irrespectueux et \u00e0 ces infractions dangereuses, souligne le communiqu\u00e9.<\/p>\n<p>Les administrations des \u00e9tablissements p\u00e9nitentiaires ayant accueilli ces d\u00e9tenus leur permettront de communiquer avec leurs proches afin de les informer de leurs lieus de transfert, conclut la DGAPR.<\/p>\n<p>Auteur: M&rsquo;hammed rahal<br \/>\n<a href=\"http:\/\/albayane.press.ma\/les-detenus-dal-hoceima-transferes-suite-a-des-comportements-contraires-aux-lois.html\">Cliquez ici pour lire l&rsquo;article depuis sa source.<\/a><\/p>\n","protected":false},"excerpt":{"rendered":"<p>Prison locale Tanger 2 Les d\u00e9tenus dans le cadre des \u00e9v\u00e9nements d\u2019Al-Hoceima ont \u00e9t\u00e9 transf\u00e9r\u00e9s \u00e0 d\u2019autres \u00e9tablissements en raison de leurs comportements contraires \u00e0 la loi, a d\u00e9clar\u00e9 la D\u00e9l\u00e9gation g\u00e9n\u00e9rale \u00e0 l\u2019administration p\u00e9nitentiaire et \u00e0 la r\u00e9insertion (DGAPR) dans un communiqu\u00e9. Il s\u2019agit d\u2019\u201dabus d\u2019utilisation du service t\u00e9l\u00e9phone fixe pour passer des appels [&hellip;]<\/p>\n","protected":false},"author":1760,"featured_media":0,"comment_status":"closed","ping_status":"closed","sticky":false,"template":"","format":"standard","meta":{"fifu_image_url":"","fifu_image_alt":"","footnotes":""},"categories":[73,54],"tags":[],"class_list":["post-109699","post","type-post","status-publish","format-standard","hentry","category-actualite","category-maroc"],"_links":{"self":[{"href":"https:\/\/linitiative.ca\/International\/wp-json\/wp\/v2\/posts\/109699","targetHints":{"allow":["GET"]}}],"collection":[{"href":"https:\/\/linitiative.ca\/International\/wp-json\/wp\/v2\/posts"}],"about":[{"href":"https:\/\/linitiative.ca\/International\/wp-json\/wp\/v2\/types\/post"}],"author":[{"embeddable":true,"href":"https:\/\/linitiative.ca\/International\/wp-json\/wp\/v2\/users\/1760"}],"replies":[{"embeddable":true,"href":"https:\/\/linitiative.ca\/International\/wp-json\/wp\/v2\/comments?post=109699"}],"version-history":[{"count":0,"href":"https:\/\/linitiative.ca\/International\/wp-json\/wp\/v2\/posts\/109699\/revisions"}],"wp:attachment":[{"href":"https:\/\/linitiative.ca\/International\/wp-json\/wp\/v2\/media?parent=109699"}],"wp:term":[{"taxonomy":"category","embeddable":true,"href":"https:\/\/linitiative.ca\/International\/wp-json\/wp\/v2\/categories?post=109699"},{"taxonomy":"post_tag","embeddable":true,"href":"https:\/\/linitiative.ca\/International\/wp-json\/wp\/v2\/tags?post=109699"}],"curies":[{"name":"wp","href":"https:\/\/api.w.org\/{rel}","templated":true}]}}