{"id":109700,"date":"2021-01-21T08:51:58","date_gmt":"2021-01-21T13:51:58","guid":{"rendered":"https:\/\/linitiative.ca\/International\/vague-de-froid-une-caravane-de-solidarite-pour-aider-les-familles-rurales\/"},"modified":"2021-01-21T08:51:58","modified_gmt":"2021-01-21T13:51:58","slug":"vague-de-froid-une-caravane-de-solidarite-pour-aider-les-familles-rurales","status":"publish","type":"post","link":"https:\/\/linitiative.ca\/International\/vague-de-froid-une-caravane-de-solidarite-pour-aider-les-familles-rurales\/","title":{"rendered":"Vague de froid : Une caravane de solidarit\u00e9 pour aider les familles rurales"},"content":{"rendered":"<p><strong>Quelque 120 familles en milieu rural de la province de Guelmim ont b\u00e9n\u00e9fici\u00e9 des services d\u2019une caravane de solidarit\u00e9 supervis\u00e9e par la Coordination r\u00e9gionale de l\u2019Entraide nationale de Guelmim-Oued Noun, en vue de faire face aux effets de la vague de froid.<\/strong><\/p>\n<p>Des matelas, couvertures, v\u00eatements et denr\u00e9es alimentaires ont \u00e9t\u00e9 distribu\u00e9s aux m\u00e9nages r\u00e9sidant dans plusieurs douras relevant des communes d\u2019Asrir, Taghjijt, Tagant et Ifrane Atlas Saghir.<\/p>\n<p>La Coordination r\u00e9gionale de l\u2019Entraide nationale a \u00e9galement livr\u00e9 des v\u00eatements et des couvertures au profit de la prison locale de Bouizekarne (35 km de Guelmim), afin de les distribuer aux d\u00e9tenus de cet \u00e9tablissement.<\/p>\n<p>Il a \u00e9t\u00e9 \u00e9galement proc\u00e9d\u00e9 \u00e0 la remise de mat\u00e9riel de d\u00e9sinfection et d\u2019hygi\u00e8ne aux Maisons de l\u2019\u00e9tudiant et de l\u2019\u00e9tudiante dans la commune d\u2019Adai en vue de contribuer \u00e0 la lutte contre la propagation du nouveau Coronavirus. Il s\u2019agit du fruit d\u2019un partenariat entre le minist\u00e8re de la solidarit\u00e9, du d\u00e9veloppement social, de l\u2019\u00e9galit\u00e9 et de la famille, l\u2019Entraide nationale, l\u2019UNICEF et l\u2019USAID.<\/p>\n<p>Dans une d\u00e9claration \u00e0 la MAP, le coordinateur r\u00e9gional de l\u2019Entraide nationale, Taleb Boya Aba Hazem, a indiqu\u00e9 que l\u2019organisation de cette caravane de solidarit\u00e9 s\u2019inscrit dans le cadre des initiatives lanc\u00e9es chaque ann\u00e9e en coordination avec les associations de la soci\u00e9t\u00e9 civile du monde rural.<\/p>\n<p>Il a ajout\u00e9 que ce genre d\u2019action sociale vise \u00e0 \u00e0 all\u00e9ger les souffrances de certaines familles touch\u00e9es par la vague de froid s\u00e9v\u00e8re, notant que cette initiative couvre plusieurs zones \u00e9loign\u00e9es et montagneuses de la province de Guelmim.<\/p>\n<p>Auteur: M&rsquo;hammed rahal<br \/>\n<a href=\"http:\/\/albayane.press.ma\/vague-de-froid-une-caravane-de-solidarite-pour-aider-les-familles-rurales.html\">Cliquez ici pour lire l&rsquo;article depuis sa source.<\/a><\/p>\n","protected":false},"excerpt":{"rendered":"<p>Quelque 120 familles en milieu rural de la province de Guelmim ont b\u00e9n\u00e9fici\u00e9 des services d\u2019une caravane de solidarit\u00e9 supervis\u00e9e par la Coordination r\u00e9gionale de l\u2019Entraide nationale de Guelmim-Oued Noun, en vue de faire face aux effets de la vague de froid. Des matelas, couvertures, v\u00eatements et denr\u00e9es alimentaires ont \u00e9t\u00e9 distribu\u00e9s aux m\u00e9nages r\u00e9sidant [&hellip;]<\/p>\n","protected":false},"author":1760,"featured_media":0,"comment_status":"closed","ping_status":"closed","sticky":false,"template":"","format":"standard","meta":{"fifu_image_url":"","fifu_image_alt":"","footnotes":""},"categories":[73,54],"tags":[],"class_list":["post-109700","post","type-post","status-publish","format-standard","hentry","category-actualite","category-maroc"],"_links":{"self":[{"href":"https:\/\/linitiative.ca\/International\/wp-json\/wp\/v2\/posts\/109700","targetHints":{"allow":["GET"]}}],"collection":[{"href":"https:\/\/linitiative.ca\/International\/wp-json\/wp\/v2\/posts"}],"about":[{"href":"https:\/\/linitiative.ca\/International\/wp-json\/wp\/v2\/types\/post"}],"author":[{"embeddable":true,"href":"https:\/\/linitiative.ca\/International\/wp-json\/wp\/v2\/users\/1760"}],"replies":[{"embeddable":true,"href":"https:\/\/linitiative.ca\/International\/wp-json\/wp\/v2\/comments?post=109700"}],"version-history":[{"count":0,"href":"https:\/\/linitiative.ca\/International\/wp-json\/wp\/v2\/posts\/109700\/revisions"}],"wp:attachment":[{"href":"https:\/\/linitiative.ca\/International\/wp-json\/wp\/v2\/media?parent=109700"}],"wp:term":[{"taxonomy":"category","embeddable":true,"href":"https:\/\/linitiative.ca\/International\/wp-json\/wp\/v2\/categories?post=109700"},{"taxonomy":"post_tag","embeddable":true,"href":"https:\/\/linitiative.ca\/International\/wp-json\/wp\/v2\/tags?post=109700"}],"curies":[{"name":"wp","href":"https:\/\/api.w.org\/{rel}","templated":true}]}}