{"id":109701,"date":"2021-01-21T09:01:12","date_gmt":"2021-01-21T14:01:12","guid":{"rendered":"https:\/\/linitiative.ca\/International\/la-vague-de-froid-une-grande-source-de-souffrance-pour-les-sans-abris\/"},"modified":"2021-01-21T09:01:12","modified_gmt":"2021-01-21T14:01:12","slug":"la-vague-de-froid-une-grande-source-de-souffrance-pour-les-sans-abris","status":"publish","type":"post","link":"https:\/\/linitiative.ca\/International\/la-vague-de-froid-une-grande-source-de-souffrance-pour-les-sans-abris\/","title":{"rendered":"La vague de froid, une grande source de souffrance pour les sans-abris"},"content":{"rendered":"<p class=\"c2\"><strong>Par Khadija TAHIRI \u2013 MAP<\/strong><\/p>\n<p><strong>Bien que ce retour des pluies tr\u00e8s attendu dans la majeure partie du Royaume ravive l\u2019espoir de l\u2019ensemble des citoyens, apr\u00e8s une succession des ann\u00e9es de s\u00e9cheresse et de crise hydrique, les sans-abris, eux, passent ces longues nuits glac\u00e9es d\u2019hiver, presque sans fin, \u00e0 lutter contre cette vague de froid \u00e0 la qu\u00eate de chaleur et de survie.<\/strong><\/p>\n<p>Sans-abris, sans domicile fixe (SDF) ou itin\u00e9rant, chacun d\u2019entre eux a une histoire diff\u00e9rente \u00e0 raconter et a ses raisons d\u2019\u00eatre dans la rue, d\u2019y vivre, de dormir ou d\u2019y h\u00e9berger temporairement, mais leur destin est commun : mis\u00e8re, vagabondage et combat perp\u00e9tuel \u00e0 la recherche de ressources pour survivre \u00e0 ce froid glacial et aux conditions de vie de camps.<\/p>\n<p>Livr\u00e9s \u00e0 eux-m\u00eame dans des conditions tr\u00e8s pr\u00e9caires, ils tentent tant bien que mal de subsister. Certains, sans couvertures, dorment sur des bouts de carton, d\u2019autres tombent dans les bras de Morph\u00e9e \u00e0 m\u00eame le sol \u00e0 ciel ouvert, avec comme seul protecteur des longues nuits d\u2019hiver des v\u00eatements us\u00e9s, ab\u00eem\u00e9s et sales.<\/p>\n<p>Face \u00e0 ces conditions difficiles, les acteurs associatifs se mobilisent pour all\u00e9ger les souffrances de cette frange de la soci\u00e9t\u00e9, qui se sont appropri\u00e9es les espaces publics, les gares routi\u00e8res et certains magasins, en leur offrant des aides alimentaires, des habits et des sacs de couchage, ou encore des logis pour quelques-uns.<\/p>\n<p>Parmi ces acteurs figurent l\u2019association \u00ab\u00a0Koulna Maak\u00a0\u00bb qui \u0153uvre en mati\u00e8re d\u2019humanitaire et de volontariat et dont l\u2019objectif principal est l\u2019insertion et la r\u00e9int\u00e9gration des sans-abris dans l\u2019environnement social et familial.<\/p>\n<p>Approch\u00e9e par la MAP, sa pr\u00e9sidente Nisrine Laouzi a indiqu\u00e9 que son association offre ses services pendant la saison hivernale actuelle qui conna\u00eet une chute brutale des temp\u00e9ratures \u00e0 travers l\u2019organisation d\u2019une campagne pour la collecte de couvertures, de matelas, d\u2019habits et de repas au profit des sans-abris et des personnes en situation de rue.<\/p>\n<p>\u00ab\u00a0L\u2019ONG \u00e9labore des plans futurs pour contr\u00f4ler les points de rassemblement des sans-abris afin de leur fournir l\u2019aide n\u00e9cessaire, le soutien urgent et leur r\u00e9insertion \u00e0 l\u2019avenir en se basant sur une approche fond\u00e9e sur l\u2019auto-entrepreneuriat (projets g\u00e9n\u00e9rateurs de revenus) dans le cadre d\u2019un partenariat avec des acteurs nationaux et internationaux afin d\u2019assurer leur r\u00e9insertion dans leur tissu social et contribuer \u00e0 l\u2019\u00e9difice d\u2019une soci\u00e9t\u00e9 int\u00e9gr\u00e9e et forte\u00a0\u00bb, a-t-elle expliqu\u00e9.<\/p>\n<p>L\u2019actrice associative a \u00e9galement pr\u00e9cis\u00e9 que la pand\u00e9mie de la Covid-19 a aggrav\u00e9 les souffrances des sans-abris puisqu\u2019ils ont \u00e9t\u00e9 d\u00e9laiss\u00e9s avec l\u2019adoption des mesures pr\u00e9ventives, en particulier pendant le confinement.<br \/>Elle a, \u00e0 cet \u00e9gard, fait observer que l\u2019association a organis\u00e9 diverses activit\u00e9s sociales et humanitaires dans les villes de Rabat et de T\u00e9mara, en plus des visites sur le terrain o\u00f9 certains sans-abris ont \u00e9t\u00e9 accompagn\u00e9s pour leur r\u00e9insertion au sein de leur famille \u00e0 Kh\u00e9misset et \u00e0 Tifelt.<\/p>\n<p>\u00ab\u00a0+Koulna Maak+ a pu retrouver les familles de quelques-uns et d\u2019h\u00e9berger d\u2019autres \u00e0 T\u00e9mara dans des locations, ainsi que d\u2019offrir un habitat d\u00e9cent \u00e0 des familles \u00e0 Bouznika qui ont \u00e9t\u00e9 mises \u00e0 la rue \u00e9tant donn\u00e9 que leurs chefs de m\u00e9nage \u00e9taient au ch\u00f4mage et ne pouvaient plus payer leur loyer en pleine crise sanitaire\u00a0\u00bb, a ajout\u00e9 Mme Laouzi.<\/p>\n<p>L\u2019association vient aussi en aide aux personnes d\u00e9favoris\u00e9es et aux plus d\u00e9munis, notamment les sans-abris en leur distribuant des repas pendant le mois de Ramadan et une assistance m\u00e9dicale, tout en offrant des logements \u00e0 certains Marocains r\u00e9sident \u00e0 l\u2019\u00e9tranger (MRE) bloqu\u00e9s au Royaume apr\u00e8s des mois de confinement, a-t-elle poursuivi.<\/p>\n<p>Elle a, par ailleurs, estim\u00e9 que \u00ab\u00a0les personnes en situation de rue, la cat\u00e9gorie la plus vuln\u00e9rable, sont le r\u00e9sultat de politiques d\u00e9faillantes et de rudes exp\u00e9riences, notant que tous les acteurs nationaux doivent conjuguer leurs efforts afin d\u2019assurer la protection de cette cat\u00e9gorie de la soci\u00e9t\u00e9 en vue de r\u00e9aliser la justice et la solidarit\u00e9 sociales\u00a0\u00bb.<\/p>\n<p>En d\u00e9pit des efforts d\u00e9ploy\u00e9s par la soci\u00e9t\u00e9 civile et les d\u00e9partements gouvernementaux concern\u00e9s, cette frange de la soci\u00e9t\u00e9 partage un destin inconnu et fait face \u00e0 des souffrances quotidiennes notamment durant les circonstances exceptionnelles d\u00e9coulant de la pand\u00e9mie, d\u2019o\u00f9 une approche globale et int\u00e9gr\u00e9e s\u2019impose pour trouver des solutions radicales et assurer la r\u00e9insertion de ces personnes dans la soci\u00e9t\u00e9.<\/p>\n<p>Auteur: M&rsquo;hammed rahal<br \/>\n<a href=\"http:\/\/albayane.press.ma\/la-vague-de-froid-une-grande-source-de-souffrance-pour-les-sans-abris.html\">Cliquez ici pour lire l&rsquo;article depuis sa source.<\/a><\/p>\n","protected":false},"excerpt":{"rendered":"<p>Par Khadija TAHIRI \u2013 MAP Bien que ce retour des pluies tr\u00e8s attendu dans la majeure partie du Royaume ravive l\u2019espoir de l\u2019ensemble des citoyens, apr\u00e8s une succession des ann\u00e9es de s\u00e9cheresse et de crise hydrique, les sans-abris, eux, passent ces longues nuits glac\u00e9es d\u2019hiver, presque sans fin, \u00e0 lutter contre cette vague de froid [&hellip;]<\/p>\n","protected":false},"author":1760,"featured_media":0,"comment_status":"closed","ping_status":"closed","sticky":false,"template":"","format":"standard","meta":{"fifu_image_url":"","fifu_image_alt":"","footnotes":""},"categories":[73,54],"tags":[],"class_list":["post-109701","post","type-post","status-publish","format-standard","hentry","category-actualite","category-maroc"],"_links":{"self":[{"href":"https:\/\/linitiative.ca\/International\/wp-json\/wp\/v2\/posts\/109701","targetHints":{"allow":["GET"]}}],"collection":[{"href":"https:\/\/linitiative.ca\/International\/wp-json\/wp\/v2\/posts"}],"about":[{"href":"https:\/\/linitiative.ca\/International\/wp-json\/wp\/v2\/types\/post"}],"author":[{"embeddable":true,"href":"https:\/\/linitiative.ca\/International\/wp-json\/wp\/v2\/users\/1760"}],"replies":[{"embeddable":true,"href":"https:\/\/linitiative.ca\/International\/wp-json\/wp\/v2\/comments?post=109701"}],"version-history":[{"count":0,"href":"https:\/\/linitiative.ca\/International\/wp-json\/wp\/v2\/posts\/109701\/revisions"}],"wp:attachment":[{"href":"https:\/\/linitiative.ca\/International\/wp-json\/wp\/v2\/media?parent=109701"}],"wp:term":[{"taxonomy":"category","embeddable":true,"href":"https:\/\/linitiative.ca\/International\/wp-json\/wp\/v2\/categories?post=109701"},{"taxonomy":"post_tag","embeddable":true,"href":"https:\/\/linitiative.ca\/International\/wp-json\/wp\/v2\/tags?post=109701"}],"curies":[{"name":"wp","href":"https:\/\/api.w.org\/{rel}","templated":true}]}}