{"id":109702,"date":"2021-01-21T09:07:46","date_gmt":"2021-01-21T14:07:46","guid":{"rendered":"https:\/\/linitiative.ca\/International\/la-comediela-memoire-theatrale-de-fes-compte-ses-jours\/"},"modified":"2021-01-21T09:07:46","modified_gmt":"2021-01-21T14:07:46","slug":"la-comediela-memoire-theatrale-de-fes-compte-ses-jours","status":"publish","type":"post","link":"https:\/\/linitiative.ca\/International\/la-comediela-memoire-theatrale-de-fes-compte-ses-jours\/","title":{"rendered":"\u00abLa Com\u00e9die\u00bb\u2026La m\u00e9moire th\u00e9\u00e2trale de F\u00e8s compte ses jours !"},"content":{"rendered":"<p class=\"c2\"><strong>Par Nizar Lafraoui. MAP<\/strong><\/p>\n<p><strong>Ses matin\u00e9es sont lentes et flegmatiques. Sa client\u00e8le se fait rare, se compte sur les doigts d\u2019une main. Les grosses affluences et autres \u2018\u2019rush time\u2019\u2019 ne sont qu\u2019un lointain souvenir.<\/strong><\/p>\n<p>Le serveur se satisfait de servir les inconditionnels du \u00a0\u00bbtemple\u00a0\u00bb. Le caf\u00e9 \u2018\u2019la Com\u00e9die\u2019\u2019 rumine la monotonie du vide, l\u2019amertume de l\u2019abandon.<\/p>\n<p>Sous perfusion, l\u2019\u00e9tablissement, situ\u00e9 dans une ruelle en plein centre-ville de F\u00e8s, \u00e0 proximit\u00e9 d\u2019une petite poign\u00e9e de centres culturels qui \u2018\u2019animent\u2019\u2019 la ville, semble avoir d\u00e9clench\u00e9 le compte \u00e0 rebours.<\/p>\n<p>Le rideau finira par tomber un jour !<\/p>\n<p>Le caf\u00e9 culturel et th\u00e9\u00e2tral, cr\u00e9\u00e9 par l\u2019acteur Azzelarabe Al Kaghat en 1983, qui s\u2019\u00e9tait inspir\u00e9 d\u2019un projet du m\u00eame nom au c\u0153ur de la capitale fran\u00e7aise, est devenu au fil du temps un lieu de m\u00e9moire racontant les ann\u00e9es de l\u2019effervescence culturelle et artistique, la dynamique de la sc\u00e8ne th\u00e9\u00e2trale locale et la fraicheur de la vie estudiantine.<\/p>\n<p>De longues ann\u00e9es durant, le caf\u00e9 demeura l\u2019espace incontournable des rendez-vous quotidiens de l\u2019\u00e9lite culturelle de la ville et des troupes de th\u00e9\u00e2tre.<\/p>\n<p>Un endroit tr\u00e8s pris\u00e9 aussi pour les pr\u00e9parations aux \u00e9preuves universitaires. Une sorte de p\u00e9pini\u00e8re pour des futurs cadres.<\/p>\n<p>Des photos de pi\u00e8ces de th\u00e9\u00e2tre marocaines et mondiales, des tableaux d\u2019artistes-plasticiens meublent des murs qui cachent mal leurs rides.<\/p>\n<p>Une biblioth\u00e8que vitr\u00e9e r\u00e9siste au poids des troph\u00e9es, des distinctions\u2026et du temps. Un portrait de l\u2019artiste et fr\u00e8re de l\u2019initiateur, le regrett\u00e9 Mohamed Al Kaghat, se fond discr\u00e8tement dans le d\u00e9cor.<\/p>\n<p>Le lieu respire un air diff\u00e9rent. Un parfum nostalgique enveloppe l\u2019atmosph\u00e8re et semble ajourner la d\u00e9cision in\u00e9luctable. Mettre la cl\u00e9 sous le paillasson n\u2019est qu\u2019une question de temps, apr\u00e8s quatre d\u00e9cennies de loyaux services culturels.<\/p>\n<p>\u2018\u2019L\u2019id\u00e9e \u00e9tait de cr\u00e9er un projet culturel qui ne d\u00e9gage pas de profit, mais qui arrive tout de m\u00eame \u00e0 couvrir ses charges. Aujourd\u2019hui, je dois ponctionner sur mes revenus d\u2019acteur pour que le caf\u00e9 reste ouvert\u2019\u2019, confie Al Kaghat, qui semble avoir presque baiss\u00e9 les bras.<\/p>\n<p>D\u2019autant que des caf\u00e9s qui attirent d\u2019habitude plusieurs fois le nombre de clients de \u2018\u2019La Com\u00e9die\u2019\u2019 vivent des jours durs.<\/p>\n<p>R\u00e9sign\u00e9, il estime que le mouvement culturel et \u00e9conomique dans la ville fait que le mod\u00e8le de \u2018\u2019La Com\u00e9die\u2019\u2019 est vou\u00e9 \u00e0 la disparition.<\/p>\n<p>Al Kaghat avait pris le pari de faire du caf\u00e9, construit sur deux niveaux, qui communiquent \u00e0 travers un escalier circulaire \u00e0 l\u2019ancienne, un incubateur culturel et artistique \u00e0 m\u00eame de combler, bien qu\u2019en partie, le manque au niveau des salles de cin\u00e9ma et d\u2019exposition.<\/p>\n<p>Le lieu a abrit\u00e9 des rencontres de cin\u00e9astes, des castings de films, des c\u00e9r\u00e9monies de signature d\u2019ouvrages, des soir\u00e9es de l\u2019art du Malhoun, des rendez-vous d\u2019\u00e9change avec des hommes de lettre et des artistes. Une petite sc\u00e8ne de th\u00e9\u00e2tre a m\u00eame \u00e9t\u00e9 am\u00e9nag\u00e9e, mais le souffle de Sisyphe semble de plus en plus court !<\/p>\n<p>La belle \u00e9poque est d\u00e9cid\u00e9ment r\u00e9volue. Sur le livre d\u2019or du caf\u00e9, des sommit\u00e9s du th\u00e9\u00e2tre marocain ont immortalis\u00e9 leur passage.<\/p>\n<p>Hassan Lamnii, Tayeb Seddiqi, Touria Jabrane, Tayeb Laalaj et Abdelouahad Ouzri sont pass\u00e9s par l\u00e0, pour ne citer qu\u2019eux. \u2018\u2019La Com\u00e9die\u2019\u2019 \u00e9tait longtemps l\u2019escale incontournable des invit\u00e9s des rendez-vous et autres \u00e9v\u00e8nements en lien avec le th\u00e9\u00e2tre.<\/p>\n<p>Le caf\u00e9 avait vu le lancement d\u2019une plaidoirie pour comm\u00e9morer, comme il se doit, le nom de feu Mohamed Al Kaghat, l\u2019universitaire et l\u2019artiste, qui pr\u00eatera des ann\u00e9es plus tard son nom \u00e0 la rue adjacente. Une victoire symbolique pour la famille Al Kaghat, dont l\u2019art se transmet de g\u00e9n\u00e9ration en g\u00e9n\u00e9ration.<\/p>\n<p>En attendant son triste sort, le caf\u00e9 continue d\u2019accueillir quelques-uns parmi les rares fid\u00e8les, dans l\u2019espoir de raviver une flamme, allonger son esp\u00e9rance de vie.<\/p>\n<p>Chaque jour \u00e0 la m\u00eame heure, Ibrahim Demnati, l\u2019un des doyens de la sc\u00e8ne th\u00e9\u00e2trale \u00e0 F\u00e8s, vient renouer avec ses habitudes. Il salue furtivement ses connaissances, avant de se retirer dans un coin, prendre un caf\u00e9 aux ar\u00f4mes du pass\u00e9.<\/p>\n<p>Il se souvient de jours lointains o\u00f9 le caf\u00e9 accueillait des g\u00e9n\u00e9rations d\u2019\u00e9tudiants qui y trouvaient un espace d\u2019apprentissage, d\u2019\u00e9change et de pr\u00e9paration des cours et des \u00e9preuves dans une belle interaction.<\/p>\n<p>Aujourd\u2019hui, ils se consid\u00e8rent toujours comme les laur\u00e9ats de cet espace. Demnati cite des conf\u00e9rences, des cercles de r\u00e9flexion, des masters-class, des signatures d\u2019ouvrages, en marge des festivals de th\u00e9\u00e2tre.<\/p>\n<p>Il se rappelle de sa saison Ramadanesque, ses fameuses \u2018\u2019journ\u00e9es culturelles de La Com\u00e9die\u2019\u2019 qui attirait un public connaisseur autour de soir\u00e9es de Malhoun, de conf\u00e9rences et de projections de nouveaux films<\/p>\n<p>\u2018\u2019\u00c0 ses heures de gloire, il \u00e9tait difficile d\u2019y trouver une place. Le temps passe et l\u2019absence des habitu\u00e9s se fait de plus en plus pesante. Lors du dernier festival, nous avons accroch\u00e9 les photos de ceux qui nous ont quitt\u00e9s. Ils \u00e9taient une trentaine. Le lieu vit aussi au rythme de ceux qui l\u2019ont fr\u00e9quent\u00e9s\u2019\u2019. Des mots lourds de sens d\u2019un sage parmi les sages, un artiste authentique.<\/p>\n<p>Des rires viennent trancher avec la d\u00e9sormais torpeur des lieux, apporter un brin de gaiet\u00e9, bien qu\u2019\u00e9ph\u00e9m\u00e8re. Le vieux serveur l\u2019accueille par un sourire affectueux.<\/p>\n<p>L\u2019actrice Loubna Mastour veille \u00e0 chacune de ses escales \u00e0 F\u00e8s \u00e0 rendre visite \u00e0 l\u2019espace culturel et artistique de ses d\u00e9buts.<\/p>\n<p>\u2018\u2019J\u2019ai commenc\u00e9 \u00e0 fr\u00e9quenter La Com\u00e9die \u00e0 l\u2019\u00e2ge de 17 ans. Et c\u2019est l\u00e0 o\u00f9 j\u2019ai attrap\u00e9 le vrai go\u00fbt de l\u2019art.<\/p>\n<p>Il est devenu l\u2019espace o\u00f9 j\u2019ai pu tisser des relations artistiques qui m\u2019ont aid\u00e9 \u00e0 r\u00e9aliser mon r\u00eave. Sa nostalgie me suit l\u00e0 o\u00f9 je vais\u2019\u2019.<\/p>\n<p>Quel paradoxe ! Le caf\u00e9 compte ses jours entour\u00e9 par les r\u00e9f\u00e9rences de la sc\u00e8ne culturelle locale, le complexe Al Houria et la m\u00e9diath\u00e8que municipale, notamment.<\/p>\n<p>Azzelarabe Al Kaghat dresse la t\u00eate devant le portail orn\u00e9 de masques en r\u00e9f\u00e9rence au th\u00e9\u00e2tre, exhale la fum\u00e9e d\u2019une cigarette et avec elle une lourde d\u00e9ception.<\/p>\n<p>Il ne peut cacher son d\u00e9sarroi en l\u2019attente du jour o\u00f9 la m\u00e9moire collective artistique et culturelle de la capitale spirituelle rendra son dernier souffle.<\/p>\n<p>Le sifflement de la machine \u00e0 caf\u00e9 continue, lui, de r\u00e9sonner aux recoins du caf\u00e9\u2026jusqu\u2019\u00e0 nouvel ordre.<\/p>\n<p>Auteur: M&rsquo;hammed rahal<br \/>\n<a href=\"http:\/\/albayane.press.ma\/la-comediela-memoire-theatrale-de-fes-compte-ses-jours.html\">Cliquez ici pour lire l&rsquo;article depuis sa source.<\/a><\/p>\n","protected":false},"excerpt":{"rendered":"<p>Par Nizar Lafraoui. MAP Ses matin\u00e9es sont lentes et flegmatiques. Sa client\u00e8le se fait rare, se compte sur les doigts d\u2019une main. Les grosses affluences et autres \u2018\u2019rush time\u2019\u2019 ne sont qu\u2019un lointain souvenir. Le serveur se satisfait de servir les inconditionnels du \u00a0\u00bbtemple\u00a0\u00bb. Le caf\u00e9 \u2018\u2019la Com\u00e9die\u2019\u2019 rumine la monotonie du vide, l\u2019amertume de [&hellip;]<\/p>\n","protected":false},"author":1760,"featured_media":0,"comment_status":"closed","ping_status":"closed","sticky":false,"template":"","format":"standard","meta":{"fifu_image_url":"","fifu_image_alt":"","footnotes":""},"categories":[73,54],"tags":[],"class_list":["post-109702","post","type-post","status-publish","format-standard","hentry","category-actualite","category-maroc"],"_links":{"self":[{"href":"https:\/\/linitiative.ca\/International\/wp-json\/wp\/v2\/posts\/109702","targetHints":{"allow":["GET"]}}],"collection":[{"href":"https:\/\/linitiative.ca\/International\/wp-json\/wp\/v2\/posts"}],"about":[{"href":"https:\/\/linitiative.ca\/International\/wp-json\/wp\/v2\/types\/post"}],"author":[{"embeddable":true,"href":"https:\/\/linitiative.ca\/International\/wp-json\/wp\/v2\/users\/1760"}],"replies":[{"embeddable":true,"href":"https:\/\/linitiative.ca\/International\/wp-json\/wp\/v2\/comments?post=109702"}],"version-history":[{"count":0,"href":"https:\/\/linitiative.ca\/International\/wp-json\/wp\/v2\/posts\/109702\/revisions"}],"wp:attachment":[{"href":"https:\/\/linitiative.ca\/International\/wp-json\/wp\/v2\/media?parent=109702"}],"wp:term":[{"taxonomy":"category","embeddable":true,"href":"https:\/\/linitiative.ca\/International\/wp-json\/wp\/v2\/categories?post=109702"},{"taxonomy":"post_tag","embeddable":true,"href":"https:\/\/linitiative.ca\/International\/wp-json\/wp\/v2\/tags?post=109702"}],"curies":[{"name":"wp","href":"https:\/\/api.w.org\/{rel}","templated":true}]}}