{"id":109708,"date":"2021-01-21T08:23:40","date_gmt":"2021-01-21T13:23:40","guid":{"rendered":"https:\/\/linitiative.ca\/International\/le-president-macky-sall-entend-stimuler-les-investissements-energetiques-en-afrique-de-louest-avec-levenement-msgbc-2021-recueillant-le-soutien-des-dirigeants-et-des-investisseurs\/"},"modified":"2021-01-21T08:23:40","modified_gmt":"2021-01-21T13:23:40","slug":"le-president-macky-sall-entend-stimuler-les-investissements-energetiques-en-afrique-de-louest-avec-levenement-msgbc-2021-recueillant-le-soutien-des-dirigeants-et-des-investisseurs","status":"publish","type":"post","link":"https:\/\/linitiative.ca\/International\/le-president-macky-sall-entend-stimuler-les-investissements-energetiques-en-afrique-de-louest-avec-levenement-msgbc-2021-recueillant-le-soutien-des-dirigeants-et-des-investisseurs\/","title":{"rendered":"Le pr\u00e9sident Macky Sall entend stimuler les investissements \u00e9nerg\u00e9tiques en Afrique de l\u2019Ouest avec l\u2019\u00e9v\u00e9nement MSGBC 2021, recueillant le soutien des dirigeants et des investisseurs"},"content":{"rendered":"<table class=\"c2\">\n<tbody>\n<tr>\n<td><strong><em>L\u2019\u00e9v\u00e9nement r\u00e9unira des dirigeants politiques et d\u2019entreprises du secteur de l\u2019\u00e9nergie de tout le continent pour explorer les possibilit\u00e9s \u00e9nerg\u00e9tiques en Afrique de l\u2019Ouest<\/em><\/strong><\/td>\n<\/tr>\n<tr>\n<td>DAKAR, S\u00e9n\u00e9gal, 21 janvier 2021\/ \u2014\u00a0<em>S.E. le Pr\u00e9sident Macky Sall a g\u00e9n\u00e9reusement d\u00e9di\u00e9 le centre international de conf\u00e9rences Abdou Diouf pour accueillir l\u2019\u00e9v\u00e9nement MSGBC Oil, Gas &amp; Power 2021 ;\u00a0l\u2019\u00e9v\u00e9nement r\u00e9unira des dirigeants politiques et d\u2019entreprises du secteur de l\u2019\u00e9nergie de tout le continent pour explorer les possibilit\u00e9s \u00e9nerg\u00e9tiques en Afrique de l\u2019Ouest, avec un r\u00e9cit d\u00e9fini par la transition \u00e9nerg\u00e9tique ; le S\u00e9n\u00e9gal se positionne comme la plaque tournante de l\u2019industrie \u00e9nerg\u00e9tique de la r\u00e9gion et invite \u00e0 l\u2019investissement mondial dans toutes les formes d\u2019\u00e9nergie.<\/em><\/p>\n<p>La toute premi\u00e8re conf\u00e9rence et exposition de MSGBC Oil, Gas &amp; Power r\u00e9unira les dirigeants du S\u00e9n\u00e9gal, de la Gambie, de la Guin\u00e9e-Bissau, de la Guin\u00e9e, de la Mauritanie et de la r\u00e9gion \u00e9largie de l\u2019Afrique de l\u2019Ouest avec les d\u00e9cideurs mondiaux de l\u2019\u00e9nergie \u00e0 Dakar les 26 et 27 octobre.<\/p>\n<p>Cet \u00e9v\u00e9nement marque le d\u00e9but d\u2019une nouvelle \u00e8re de coop\u00e9ration et d\u2019int\u00e9gration r\u00e9gionales dans le secteur de l\u2019\u00e9nergie, les gouvernements nationaux faisant pression pour un d\u00e9veloppement plus rapide et plus efficace des ressources \u00e9nerg\u00e9tiques dans l\u2019ensemble du bassin de la CBMM et de la r\u00e9gion dans son ensemble, allant des hydrocarbures aux \u00e9nergies renouvelables, en passant par l\u2019acc\u00e8s \u00e0 l\u2019\u00e9lectricit\u00e9 et sa fiabilit\u00e9.<\/p>\n<p>\u00ab\u00a0Africa Oil &amp; Power a conscience des changements qui se produisent dans l\u2019industrie. Nous sommes pr\u00eats \u00e0 utiliser notre plateforme innovante et \u00e0 mener une campagne agressive pour des investissements qui feront avancer l\u2019industrie\u00a0\u00bb a d\u00e9clar\u00e9 Ren\u00e9e Montez-Avinir, directrice g\u00e9n\u00e9rale de l\u2019organisateur Africa Oil &amp; Power (AOP).<\/p>\n<p>\u00ab\u00a0Nous avons la chance de b\u00e9n\u00e9ficier du soutien des gouvernements de la r\u00e9gion et de la communaut\u00e9 des investisseurs et, au cours des prochains mois, nous allons favoriser la conclusion d\u2019accords dans la r\u00e9gion. Il est \u00e9galement important d\u2019amener les acteurs internationaux et r\u00e9gionaux \u00e0 dialoguer sur l\u2019industrie \u00e9nerg\u00e9tique du MSGBC et sur le bouquet \u00e9nerg\u00e9tique de la r\u00e9gion\u00a0\u00bb, a-t-elle conclu.<\/p>\n<p>MSGBC Oil, Gas &amp; Power 2021, organis\u00e9 sous les auspices de S.E. Pr\u00e9sident Macky Sall et en partenariat avec le Minist\u00e8re du P\u00e9trole et de l\u2019Energie du S\u00e9n\u00e9gal, COS-Petrogaz, Petrosen, et diverses associations d\u2019investisseurs et de l\u2019industrie \u00e9nerg\u00e9tique Am\u00e9ricaine et mondiale, repr\u00e9sentera une occasion unique pour les dirigeants politiques et \u00a0les d\u0131r\u0131geants d\u2019entreprises de comprendre toute l\u2019\u00e9tendue des opportunit\u00e9s d\u2019investissement pr\u00e9sentes dans les secteurs \u00e9nerg\u00e9tiques de la Mauritanie, du S\u00e9n\u00e9gal, de la Gambie, de la Guin\u00e9e-Bissau et de la Guin\u00e9e, ainsi que de la C\u00f4te d\u2019Ivoire, de l\u2019Alg\u00e9rie, du Maroc et du Niger.<\/p>\n<p>\u25cf Le Maroc et l\u2019Alg\u00e9rie pr\u00e9conisent une forte diversification de leurs matrices \u00e9nerg\u00e9tiques, misant sur plusieurs d\u00e9veloppements solaires de plusieurs millions de dollars pour compl\u00e9ter la production d\u2019\u00e9lectricit\u00e9 \u00e0 base de gaz et le d\u00e9veloppement des hydrocarbures en cours.<\/p>\n<p>\u25cf Le projet gazier terrestre du S\u00e9n\u00e9gal, exploit\u00e9 par Fortesa depuis 18 ans, a ouvert la voie \u00e0 des projets similaires d\u2019utilisation du gaz \u00e0 terre en Afrique de l\u2019Ouest.<\/p>\n<p>\u25cf La connexion du pipeline du Niger au B\u00e9nin ouvrira de nouvelles synergies dans le paysage \u00e9nerg\u00e9tique sah\u00e9lien et permettra au p\u00e9trole du Niger d\u2019atteindre les march\u00e9s mondiaux.<\/p>\n<p>\u25cf Ciblant 43 % des \u00e9nergies renouvelables dans sa matrice \u00e9nerg\u00e9tique 2030, la C\u00f4te d\u2019Ivoire offre de vastes possibilit\u00e9s d\u2019investissement, notamment dans l\u2019hydro\u00e9lectricit\u00e9.<\/p>\n<p>\u25cf La Guin\u00e9e a mis en \u0153uvre une politique forte en mati\u00e8re d\u2019hydrocarbures ainsi qu\u2019un cadre juridique attrayant pour attirer de nouveaux entrants, tout en cherchant \u00e0 acqu\u00e9rir de nouvelles donn\u00e9es pour sa superficie.<\/p>\n<p>\u25cf L\u2019entr\u00e9e de BP et de Kosmos Energy dans le bloc A1 de la Gambie en 2019 a marqu\u00e9 le d\u00e9but d\u2019une nouvelle \u00e8re d\u2019exploration pour le pays.<\/p>\n<p>\u25cf Le projet GNL Tortue Ahmeyim de BP au large des c\u00f4tes de la Mauritanie et du S\u00e9n\u00e9gal va donner le coup d\u2019envoi d\u2019une r\u00e9volution \u00e9conomique bas\u00e9e sur le gaz naturel.<\/p>\n<p>Le Centre international de conf\u00e9rences Abdou Diouf de Dakar a \u00e9t\u00e9 tr\u00e8s g\u00e9n\u00e9reusement offert par S.E. le Pr\u00e9sident Macky Sall pour accueillir cet \u00e9v\u00e9nement majeur. MSGBC Oil, Gas &amp; Power 2021 signalera la r\u00e9surgence post-COVID pour l\u2019industrie \u00e9nerg\u00e9tique de la r\u00e9gion et pour le S\u00e9n\u00e9gal lui-m\u00eame, la nation qui est la plus fortement positionn\u00e9e comme le centre \u00e9nerg\u00e9tique pour toute l\u2019Afrique de l\u2019Ouest et qui est donc au centre des d\u00e9bats, du leadership et des investissements.<\/p>\n<p>Africa Oil &amp; Power, la principale plateforme de promotion des investissements du continent et l\u2019organisateur de MSGBC Oil, Gas &amp; Power 2021 est reconnaissant au pr\u00e9sident Sall pour son soutien, sa g\u00e9n\u00e9rosit\u00e9 et son leadership dans l\u2019avancement de l\u2019industrie \u00e9nerg\u00e9tique r\u00e9gionale en rendant cet \u00e9v\u00e9nement possible.<\/p>\n<p><em>Distribu\u00e9 par\u00a0<a href=\"https:\/\/apo-opa.com\/\" data-saferedirecturl=\"https:\/\/www.google.com\/url?q=https:\/\/apo-opa.com&amp;source=gmail&amp;ust=1611321749188000&amp;usg=AFQjCNG034phgAa3BihvjSRrShFJsuJd2Q\">APO Group<\/a>\u00a0pour Africa Oil &amp; Power Conference.<\/em><\/p>\n<p><a href=\"https:\/\/africaoilandpower.africa-newsroom.com\/press\/media\/president-macky-sall-to-drive-energy-investment-for-west-africa-with-msgbc-2021-event-gathers-support-from-leaders-and-investors?lang=fr\" data-saferedirecturl=\"https:\/\/www.google.com\/url?q=https:\/\/africaoilandpower.africa-newsroom.com\/press\/media\/president-macky-sall-to-drive-energy-investment-for-west-africa-with-msgbc-2021-event-gathers-support-from-leaders-and-investors?lang%3Dfr&amp;source=gmail&amp;ust=1611321749188000&amp;usg=AFQjCNHfHWJpexFnt_F8NZFZOzWuJitLjA\">Voir le contenu multim\u00e9dia<\/a><\/p>\n<p>Pour en savoir plus sur le S\u00e9n\u00e9gal et l\u2019industrie \u00e9nerg\u00e9tique du MSGBC et sur l\u2019\u00e9v\u00e9nement, consultez le site\u00a0<a href=\"http:\/\/www.msgbc2021.com\/\" data-saferedirecturl=\"https:\/\/www.google.com\/url?q=http:\/\/www.msgbc2021.com&amp;source=gmail&amp;ust=1611321749188000&amp;usg=AFQjCNFTb6gAFJTE1z1mUjX8pqmzYc5HLQ\">www.msgbc2021.com<\/a>\u00a0et contactez directement le directeur de la conf\u00e9rence internationale, Joao Marques, sur l\u2019adresse\u00a0<a href=\"mailto:joao@afriaoilandpower.com\">joao@afriaoilandpower.com<\/a>.<\/p>\n<p class=\"c1\"><strong>SOURCE<\/strong><br \/>Africa Oil &amp; Power Conference<\/p>\n<\/td>\n<\/tr>\n<\/tbody>\n<\/table>\n<div class=\"wp-post-author-wrap wp-post-author-shortcode left\">\n<h3 class=\"awpa-title\"\/>\n<div class=\"wp-post-author\">\n<div class=\"awpa-img awpa-author-block square\"><a href=\"http:\/\/lexpertjournal.net\/fr\/?author=5\"><img loading=\"lazy\" decoding=\"async\" alt=\"\" src=\"http:\/\/0.gravatar.com\/avatar\/97f8e10a1c1125ba104a76514ee07b16?s=150&amp;d=mm&amp;r=g\" srcset=\"http:\/\/0.gravatar.com\/avatar\/97f8e10a1c1125ba104a76514ee07b16?s=300&amp;d=mm&amp;r=g 2x\" class=\"avatar avatar-150 photo\" height=\"150\" width=\"150\"\/><\/a><\/div>\n<\/div>\n<\/div>\n<aside class=\"mashsb-container mashsb-main mashsb-stretched\">\n<\/aside>\n<p>Auteur: L&rsquo;expert<br \/>\n<a href=\"http:\/\/lexpertjournal.net\/fr\/?p=18256\">Cliquez ici pour lire l&rsquo;article depuis sa source.<\/a><\/p>\n","protected":false},"excerpt":{"rendered":"<p>L\u2019\u00e9v\u00e9nement r\u00e9unira des dirigeants politiques et d\u2019entreprises du secteur de l\u2019\u00e9nergie de tout le continent pour explorer les possibilit\u00e9s \u00e9nerg\u00e9tiques en Afrique de l\u2019Ouest DAKAR, S\u00e9n\u00e9gal, 21 janvier 2021\/ \u2014\u00a0S.E. le Pr\u00e9sident Macky Sall a g\u00e9n\u00e9reusement d\u00e9di\u00e9 le centre international de conf\u00e9rences Abdou Diouf pour accueillir l\u2019\u00e9v\u00e9nement MSGBC Oil, Gas &amp; Power 2021 ;\u00a0l\u2019\u00e9v\u00e9nement r\u00e9unira [&hellip;]<\/p>\n","protected":false},"author":1775,"featured_media":0,"comment_status":"closed","ping_status":"closed","sticky":false,"template":"","format":"standard","meta":{"fifu_image_url":"http:\/\/0.gravatar.com\/avatar\/97f8e10a1c1125ba104a76514ee07b16?s=150&d=mm&r=g","fifu_image_alt":"Le pr\u00e9sident Macky Sall entend stimuler les investissements \u00e9nerg\u00e9tiques en Afrique de l\u2019Ouest avec l\u2019\u00e9v\u00e9nement MSGBC 2021, recueillant le soutien des dirigeants et des investisseurs","footnotes":""},"categories":[78,55],"tags":[],"class_list":["post-109708","post","type-post","status-publish","format-standard","hentry","category-economie","category-tunisie"],"_links":{"self":[{"href":"https:\/\/linitiative.ca\/International\/wp-json\/wp\/v2\/posts\/109708","targetHints":{"allow":["GET"]}}],"collection":[{"href":"https:\/\/linitiative.ca\/International\/wp-json\/wp\/v2\/posts"}],"about":[{"href":"https:\/\/linitiative.ca\/International\/wp-json\/wp\/v2\/types\/post"}],"author":[{"embeddable":true,"href":"https:\/\/linitiative.ca\/International\/wp-json\/wp\/v2\/users\/1775"}],"replies":[{"embeddable":true,"href":"https:\/\/linitiative.ca\/International\/wp-json\/wp\/v2\/comments?post=109708"}],"version-history":[{"count":0,"href":"https:\/\/linitiative.ca\/International\/wp-json\/wp\/v2\/posts\/109708\/revisions"}],"wp:attachment":[{"href":"https:\/\/linitiative.ca\/International\/wp-json\/wp\/v2\/media?parent=109708"}],"wp:term":[{"taxonomy":"category","embeddable":true,"href":"https:\/\/linitiative.ca\/International\/wp-json\/wp\/v2\/categories?post=109708"},{"taxonomy":"post_tag","embeddable":true,"href":"https:\/\/linitiative.ca\/International\/wp-json\/wp\/v2\/tags?post=109708"}],"curies":[{"name":"wp","href":"https:\/\/api.w.org\/{rel}","templated":true}]}}