{"id":109709,"date":"2021-01-21T06:25:45","date_gmt":"2021-01-21T11:25:45","guid":{"rendered":"https:\/\/linitiative.ca\/International\/education-nationale-installation-du-nouveau-directeur-provincial\/"},"modified":"2021-01-21T06:25:45","modified_gmt":"2021-01-21T11:25:45","slug":"education-nationale-installation-du-nouveau-directeur-provincial","status":"publish","type":"post","link":"https:\/\/linitiative.ca\/International\/education-nationale-installation-du-nouveau-directeur-provincial\/","title":{"rendered":"Education Nationale: Installation du nouveau directeur provincial"},"content":{"rendered":"<div readability=\"37\">\n<p>Chichaoua \u2013 La c\u00e9r\u00e9monie d\u2019installation du nouveau directeur provincial de l\u2019Education nationale \u00e0 Chichaoua, Rahal Naji, a eu lieu mercredi, et ce en vue de donner un nouveau souffle \u00e0 la gestion de la chose \u00e9ducative \u00e0 l\u2019\u00e9chelle provinciale dans la r\u00e9gion de Marrakech-Safi.<\/p>\n<\/div>\n<div readability=\"70\">\n<p>Dans ce sens, le directeur de l\u2019Acad\u00e9mie R\u00e9gionale de l\u2019Education et de la Formation (AREF), Moulay Ahmed Karimi, a proc\u00e9d\u00e9, au si\u00e8ge de la direction provinciale de l\u2019\u00e9ducation nationale \u00e0 Chichaoua, \u00e0 l\u2019installation de M. Naji en tant que nouveau directeur provincial, en remplacement de M. Abderrahmane El Goumri.<\/p>\n<p>Dans une allocution \u00e0 cette occasion, M. Karimi a tenu \u00e0 remercier M. El Goumri pour les actions men\u00e9es et les efforts d\u00e9ploy\u00e9s dans le domaine de l\u2019\u00e9ducation et de la formation \u00e0 la t\u00eate de la direction provinciale, tout en lui souhaitant pleine r\u00e9ussite dans ses futures fonctions.<\/p>\n<p>Le responsable a, par la suite, pr\u00e9sent\u00e9 un aper\u00e7u sur la carri\u00e8re professionnelle de M. Naji, tout en f\u00e9licitant le nouveau responsable pour la confiance plac\u00e9e en lui par le minist\u00e8re, apr\u00e8s avoir occup\u00e9 le m\u00eame poste \u00e0 Agadir Ida-Outanane.<\/p>\n<p>Il a, \u00e0 ce propos, exprim\u00e9 ses v\u0153ux de plein succ\u00e8s pour M. Naji dans ses nouvelles fonctions qui lui permettront de mettre \u00e0 contribution toutes les expertises qu\u2019il a engrang\u00e9es et les comp\u00e9tences dont il s\u2019est dot\u00e9 afin de contribuer \u00e0 l\u2019am\u00e9lioration du syst\u00e8me de l\u2019\u00e9ducation et de la formation.<\/p>\n<p>Au terme de cette c\u00e9r\u00e9monie, qui s\u2019est d\u00e9roul\u00e9e dans le strict respect des mesures de pr\u00e9vention en vigueur pour endiguer la propagation de la pand\u00e9mie de la Covid-19, M. Karimi a appel\u00e9 les chefs des services et tous les cadres et fonctionnaires de la direction provinciale de l\u2019Education nationale \u00e0 Chichaoua, \u00e0 davantage d\u2019engagement et de pers\u00e9v\u00e9rance afin de r\u00e9ussir la d\u00e9clinaison de la loi-cadre 51.17 et de d\u00e9velopper le syst\u00e8me d\u2019\u00e9ducation et de formation.<\/p>\n<\/div>\n<p>Auteur: Meriem IGASS<br \/>\n<a href=\"http:\/\/www.mapmarrakech.ma\/fr\/education-nationale-installation-du-nouveau-directeur-provincial\/\">Cliquez ici pour lire l&rsquo;article depuis sa source.<\/a><\/p>\n","protected":false},"excerpt":{"rendered":"<p>Chichaoua \u2013 La c\u00e9r\u00e9monie d\u2019installation du nouveau directeur provincial de l\u2019Education nationale \u00e0 Chichaoua, Rahal Naji, a eu lieu mercredi, et ce en vue de donner un nouveau souffle \u00e0 la gestion de la chose \u00e9ducative \u00e0 l\u2019\u00e9chelle provinciale dans la r\u00e9gion de Marrakech-Safi. Dans ce sens, le directeur de l\u2019Acad\u00e9mie R\u00e9gionale de l\u2019Education et [&hellip;]<\/p>\n","protected":false},"author":1788,"featured_media":0,"comment_status":"closed","ping_status":"closed","sticky":false,"template":"","format":"standard","meta":{"fifu_image_url":"","fifu_image_alt":"","footnotes":""},"categories":[54,76],"tags":[],"class_list":["post-109709","post","type-post","status-publish","format-standard","hentry","category-maroc","category-regions"],"_links":{"self":[{"href":"https:\/\/linitiative.ca\/International\/wp-json\/wp\/v2\/posts\/109709","targetHints":{"allow":["GET"]}}],"collection":[{"href":"https:\/\/linitiative.ca\/International\/wp-json\/wp\/v2\/posts"}],"about":[{"href":"https:\/\/linitiative.ca\/International\/wp-json\/wp\/v2\/types\/post"}],"author":[{"embeddable":true,"href":"https:\/\/linitiative.ca\/International\/wp-json\/wp\/v2\/users\/1788"}],"replies":[{"embeddable":true,"href":"https:\/\/linitiative.ca\/International\/wp-json\/wp\/v2\/comments?post=109709"}],"version-history":[{"count":0,"href":"https:\/\/linitiative.ca\/International\/wp-json\/wp\/v2\/posts\/109709\/revisions"}],"wp:attachment":[{"href":"https:\/\/linitiative.ca\/International\/wp-json\/wp\/v2\/media?parent=109709"}],"wp:term":[{"taxonomy":"category","embeddable":true,"href":"https:\/\/linitiative.ca\/International\/wp-json\/wp\/v2\/categories?post=109709"},{"taxonomy":"post_tag","embeddable":true,"href":"https:\/\/linitiative.ca\/International\/wp-json\/wp\/v2\/tags?post=109709"}],"curies":[{"name":"wp","href":"https:\/\/api.w.org\/{rel}","templated":true}]}}