{"id":109710,"date":"2021-01-21T07:15:36","date_gmt":"2021-01-21T12:15:36","guid":{"rendered":"https:\/\/linitiative.ca\/International\/aeroport-le-trafic-aerien-en-chute-de-6595-en-2020\/"},"modified":"2021-01-21T07:15:36","modified_gmt":"2021-01-21T12:15:36","slug":"aeroport-le-trafic-aerien-en-chute-de-6595-en-2020","status":"publish","type":"post","link":"https:\/\/linitiative.ca\/International\/aeroport-le-trafic-aerien-en-chute-de-6595-en-2020\/","title":{"rendered":"A\u00e9roport: Le trafic a\u00e9rien en chute de 65,95% en 2020"},"content":{"rendered":"<div class=\"single-featured\"><img alt=\"\" data-src=\"http:\/\/www.mapmarrakech.ma\/map\/uploads\/2020\/02\/A&#xE9;roport-Essaouira-Mogador-copier.jpg\"\/><\/div>\n<div class=\"single-post-excerpt post-excerpt-bc\" readability=\"36\">\n<p>Essaouira \u2013 Le trafic des passagers au niveau de l\u2019a\u00e9roport international Essaouira-Mogador a enregistr\u00e9 durant l\u2019ann\u00e9e \u00e9coul\u00e9e une chute de 65,95% par rapport \u00e0 l\u2019ann\u00e9e 2019, souligne l\u2019Office National des A\u00e9roports (ONDA).<\/p>\n<\/div>\n<div class=\"entry-content clearfix single-post-content\" readability=\"56\">\n<p>Ainsi, cette plateforme a\u00e9roportuaire a accueilli durant la p\u00e9riode allant de janvier \u00e0 d\u00e9cembre 2020 un total de 41.013 passagers contre 120.443 voyageurs durant les douze mois de l\u2019ann\u00e9e 2019, selon les derni\u00e8res statistiques rendues publiques par l\u2019Office.<\/p>\n<p>Pour le seul mois de d\u00e9cembre dernier, le nombre de passagers ayant utilis\u00e9 l\u2019a\u00e9roport de la Cit\u00e9 des Aliz\u00e9s s\u2019est \u00e9tabli \u00e0 1.664 voyageurs contre 14.038 durant le m\u00eame mois de l\u2019ann\u00e9e 2019, soit une forte r\u00e9gression de 88,15%, pr\u00e9cise la m\u00eame source.<\/p>\n<p>A rappeler que le trafic a\u00e9rien enregistr\u00e9 durant l\u2019ann\u00e9e 2020 au niveau des a\u00e9roports du Royaume a connu une baisse de 71,48% par rapport \u00e0 la m\u00eame p\u00e9riode de l\u2019ann\u00e9e 2019, en accueillant 7.150.277 passagers contre 25.075.095 en 2019.<\/p>\n<p>En d\u00e9cembre 2020, les a\u00e9roports marocains ont accueilli 622.934 passagers contre 2.038.856 passagers en d\u00e9cembre 2019, en r\u00e9gression de 69,45% par rapport \u00e0 la m\u00eame p\u00e9riode de l\u2019ann\u00e9e 2019.<\/p>\n<\/div>\n<p>Auteur: Meriem IGASS<br \/>\n<a href=\"http:\/\/www.mapmarrakech.ma\/fr\/aeroport-essaouira-mogador-le-trafic-aerien-en-chute-de-6595-en-2020\/\">Cliquez ici pour lire l&rsquo;article depuis sa source.<\/a><\/p>\n","protected":false},"excerpt":{"rendered":"<p>Essaouira \u2013 Le trafic des passagers au niveau de l\u2019a\u00e9roport international Essaouira-Mogador a enregistr\u00e9 durant l\u2019ann\u00e9e \u00e9coul\u00e9e une chute de 65,95% par rapport \u00e0 l\u2019ann\u00e9e 2019, souligne l\u2019Office National des A\u00e9roports (ONDA). Ainsi, cette plateforme a\u00e9roportuaire a accueilli durant la p\u00e9riode allant de janvier \u00e0 d\u00e9cembre 2020 un total de 41.013 passagers contre 120.443 voyageurs [&hellip;]<\/p>\n","protected":false},"author":1788,"featured_media":0,"comment_status":"closed","ping_status":"closed","sticky":false,"template":"","format":"standard","meta":{"fifu_image_url":"http:\/\/www.mapmarrakech.ma\/map\/uploads\/2020\/02\/A\u00e9roport-Essaouira-Mogador-copier.jpg","fifu_image_alt":"A\u00e9roport: Le trafic a\u00e9rien en chute de 65,95% en 2020","footnotes":""},"categories":[54,76],"tags":[],"class_list":["post-109710","post","type-post","status-publish","format-standard","hentry","category-maroc","category-regions"],"_links":{"self":[{"href":"https:\/\/linitiative.ca\/International\/wp-json\/wp\/v2\/posts\/109710","targetHints":{"allow":["GET"]}}],"collection":[{"href":"https:\/\/linitiative.ca\/International\/wp-json\/wp\/v2\/posts"}],"about":[{"href":"https:\/\/linitiative.ca\/International\/wp-json\/wp\/v2\/types\/post"}],"author":[{"embeddable":true,"href":"https:\/\/linitiative.ca\/International\/wp-json\/wp\/v2\/users\/1788"}],"replies":[{"embeddable":true,"href":"https:\/\/linitiative.ca\/International\/wp-json\/wp\/v2\/comments?post=109710"}],"version-history":[{"count":0,"href":"https:\/\/linitiative.ca\/International\/wp-json\/wp\/v2\/posts\/109710\/revisions"}],"wp:attachment":[{"href":"https:\/\/linitiative.ca\/International\/wp-json\/wp\/v2\/media?parent=109710"}],"wp:term":[{"taxonomy":"category","embeddable":true,"href":"https:\/\/linitiative.ca\/International\/wp-json\/wp\/v2\/categories?post=109710"},{"taxonomy":"post_tag","embeddable":true,"href":"https:\/\/linitiative.ca\/International\/wp-json\/wp\/v2\/tags?post=109710"}],"curies":[{"name":"wp","href":"https:\/\/api.w.org\/{rel}","templated":true}]}}