{"id":109712,"date":"2021-01-21T12:32:38","date_gmt":"2021-01-21T17:32:38","guid":{"rendered":"https:\/\/linitiative.ca\/International\/exposition-hommage-a-la-memoire-des-plasticiens-disparus\/"},"modified":"2021-01-21T12:32:38","modified_gmt":"2021-01-21T17:32:38","slug":"exposition-hommage-a-la-memoire-des-plasticiens-disparus","status":"publish","type":"post","link":"https:\/\/linitiative.ca\/International\/exposition-hommage-a-la-memoire-des-plasticiens-disparus\/","title":{"rendered":"Exposition-hommage \u00e0 la m\u00e9moire des plasticiens disparus"},"content":{"rendered":"<div readability=\"36\">\n<p>Essaouira \u2013 Une exposition-hommage exceptionnelle d\u00e9di\u00e9e \u00e0 la m\u00e9moire d\u2019un parterre de d\u00e9funts artistes-peintres d\u2019Essaouira est organis\u00e9e, actuellement dans la Cit\u00e9 des Aliz\u00e9s, \u00e0 l\u2019initiative de la Galerie \u00ab\u00a0La Kasbah\u00a0\u00bb au grand bonheur des f\u00e9rus des beaux arts.<\/p>\n<\/div>\n<div readability=\"155\">\n<p>Cette exposition collective invite le public \u00e0 admirer, sur les cimaises de ladite Galerie, une collection de toiles expressives r\u00e9alis\u00e9es par une pl\u00e9iade de plasticiens hors-pair, tout en appr\u00e9ciant les styles et modes d\u2019expression propres \u00e0 ces artistes tr\u00e8s talentueux, qui ont marqu\u00e9 de leurs empreintes et enrichi de leurs coups de pinceaux et cr\u00e9ations, effr\u00e9n\u00e9es et pleines de passion, la vie artistique et culturelle aussi bien souirie que nationale, tout en l\u00e9guant \u00e0 la post\u00e9rit\u00e9 un magnifique h\u00e9ritage d\u2019art pictural inestimable.<\/p>\n<p>Cet \u00e9v\u00e9nement artistique, qui met en lumi\u00e8re un large pan de l\u2019effervescence de l\u2019art pictural \u00e0 Essaouira, se veut un v\u00e9ritable devoir de m\u00e9moire et un signe de reconnaissance de la haute stature de ces \u00ab\u00a0immortels\u00a0\u00bb souiris, imbus de l\u2019esprit de Mogador et connus pour leurs go\u00fbts esth\u00e9tiques, ainsi que de leur cr\u00e9ativit\u00e9 inspirante et inspir\u00e9e qui a contribu\u00e9 \u00e0 la promotion des arts plastiques et \u00e0 l\u2019enrichissement de la sc\u00e8ne artistique locale et nationale.<\/p>\n<p>Parmi ces d\u00e9funts artistes et grands ma\u00eetres, ayant grav\u00e9 en lettres d\u2019or et pour toujours leurs noms dans le paysage pictural souiri, figurent notamment Boujemaa Lakhdar, Abderrahmane Ziani, Mohamed Khoubaich, Abderrahmane Lahchiouch, Regraguia Benhila, Sadya Bairou, Laarbi Slit, Abdallah Karami, Mohamed Bouadda, Hassan Cheikh, Tayeb Saddiki, Ali Didouh, Boujemaa Boufous, Ruggero Giangiacomi, italien d\u2019origine et souiri d\u2019adoption, ainsi que d\u2019autres pionniers, dont les \u0153uvres expos\u00e9es actuellement continuent constamment d\u2019\u00e9mouvoir et d\u2019interpeller les visiteurs.<\/p>\n<p>Ce bel hommage posthume, qui en est \u00e0 sa 4\u00e8me \u00e9dition, repr\u00e9sente \u00e9galement un acte louable en vue d\u2019immortaliser la m\u00e9moire collective de ces doyens de l\u2019art plastique connus et reconnus, et une c\u00e9l\u00e9bration de ces dignes ambassadeurs de la Cit\u00e9 des Aliz\u00e9s, qui ont \u0153uvr\u00e9 inlassablement pour le renforcement de la dynamique culturelle \u00e0 Essaouira, tout en veillant au rayonnement, aux niveaux national et international, de la belle image de leur ville marqu\u00e9e par un foisonnement artistique incomparable.<\/p>\n<p>A travers cette exposition, qui comm\u00e9more la longue carri\u00e8re artistique de ces peintres, qui se sont brillamment illustr\u00e9s durant leurs vies riches en cr\u00e9ations, les visiteurs de la Galerie \u00ab\u00a0La Kasbah\u00a0\u00bb sont donc invit\u00e9s \u00e0 un voyage sans fronti\u00e8res, dans le temps et l\u2019espace, \u00e0 travers ces \u0153uvres d\u2019art si singuli\u00e8res, r\u00e9v\u00e9latrices d\u2019un esprit de g\u00e9nie, d\u2019une force d\u2019imagination et d\u2019une passion d\u00e9ferlante de ces grandes figures embl\u00e9matiques et inoubliables des beaux arts \u00e0 Essaouira.<\/p>\n<p>Dans une d\u00e9claration \u00e0 la MAP, le fondateur et responsable de la Galerie \u00ab\u00a0La Kasbah\u00a0\u00bb, M. Kabir Attar, a indiqu\u00e9 que cette exposition repr\u00e9sente un moment de profonde gratitude et une c\u00e9l\u00e9bration hautement symbolique de la m\u00e9moire, toujours vivante, de ces plasticiens d\u2019Essaouira disparus, qui font partie des pr\u00e9curseurs de l\u2019art de la peinture dans la Cit\u00e9 des Aliz\u00e9s et ont fortement contribu\u00e9 \u00e0 l\u2019\u00e9mergence d\u2019une \u00e9cole souirie d\u2019arts plastiques tr\u00e8s dynamique et ayant ses propres caract\u00e9ristiques fortement appr\u00e9ci\u00e9es sur les sc\u00e8nes nationale et internationale.<\/p>\n<p>L\u2019exposition, a-t-il ajout\u00e9, convie les amoureux de peinture parmi les r\u00e9sidents ou les visiteurs d\u2019Essaouira \u00e0 une immersion dans le monde magique plein de formes, de traits, de signes, de couleurs et de styles propres \u00e0 ces doyens de l\u2019art plastique souiri, qui ont d\u00e9ploy\u00e9 de grands efforts et consenti d\u2019\u00e9normes sacrifices de leur vivant pour faire rayonner les valeurs artistiques de cette \u00ab\u00a0cit\u00e9-monde\u00a0\u00bb.<\/p>\n<p>Et M. Attar de poursuivre que ces d\u00e9funts artistes-peintres demeurent \u00ab\u00a0immortels\u00a0\u00bb gr\u00e2ce \u00e0 leurs travaux tr\u00e8s marquants et \u00e0 leurs tableaux in\u00e9dits, r\u00e9alis\u00e9s selon une fa\u00e7on de faire et un style propre \u00e0 chacun d\u2019entre eux, estimant que ces \u0153uvres d\u00e9montrent ce g\u00e9nie inn\u00e9 qui continue d\u2019\u00eatre mis en \u00e9vidence \u00e0 l\u2019\u00e9chelle locale et nationale et m\u00eame de susciter une grande admiration dans d\u2019autres pays \u00e0 travers le monde.<\/p>\n<p>Il a not\u00e9 que cette exposition d\u00e9di\u00e9e \u00e0 ces \u00ab\u00a0immortels\u00a0\u00bb d\u2019Essaouira est marqu\u00e9e aussi par la participation de peintres-invit\u00e9s d\u2019honneur qui pr\u00e9sentent leurs derni\u00e8res cr\u00e9ations, avec pour principal objectif d\u2019encourager et de faire conna\u00eetre ces nouveaux artistes de la place et de faire la promotion de leurs \u0153uvres dans l\u2019attente d\u2019acqu\u00e9reurs potentiels, malgr\u00e9 une conjoncture d\u00e9licate marqu\u00e9e par une crise sanitaire sans pr\u00e9c\u00e9dent induite par la Covid-19.<\/p>\n<p>Rappelant que la Galerie dispose d\u2019un espace-m\u00e9moire permanent d\u00e9di\u00e9 \u00e0 ces d\u00e9funts artistes, qui ont excell\u00e9 dans diff\u00e9rents courants artistiques (art abstrait, figuratif, brut, symbolisme, calligraphie, sculpture etc), et \u00e0 leurs \u0153uvres pr\u00e9cieuses, M. Attar a relev\u00e9 que cet \u00e9v\u00e9nement offre \u00e9galement aux g\u00e9n\u00e9rations montantes de plasticiens l\u2019opportunit\u00e9 de d\u00e9couvrir les travaux de leurs pr\u00e9d\u00e9cesseurs afin de pers\u00e9v\u00e9rer sur la m\u00eame voie et de s\u2019en inspirer, \u00e0 m\u00eame d\u2019\u00eatre les dignes successeurs qui auront la lourde mission de pr\u00e9server l\u2019identit\u00e9 de l\u2019art pictural d\u2019Essaouira.<\/p>\n<p>Et de conclure en affirmant qu\u2019\u00e0 travers ce genre d\u2019\u00e9v\u00e9nements, la Galerie \u00ab\u00a0La Kasbah\u00a0\u00bb \u0153uvre \u00e0 apporter sa pierre \u00e0 la promotion des arts plastiques \u00e0 Essaouira, qui demeure un creuset d\u2019interactions entre les civilisations et un haut lieu de brassage f\u00e9cond des arts et des cultures.<\/p>\n<\/div>\n<p>Auteur: Meriem IGASS<br \/>\n<a href=\"http:\/\/www.mapmarrakech.ma\/fr\/exposition-hommage-a-la-memoire-des-plasticiens-disparus\/\">Cliquez ici pour lire l&rsquo;article depuis sa source.<\/a><\/p>\n","protected":false},"excerpt":{"rendered":"<p>Essaouira \u2013 Une exposition-hommage exceptionnelle d\u00e9di\u00e9e \u00e0 la m\u00e9moire d\u2019un parterre de d\u00e9funts artistes-peintres d\u2019Essaouira est organis\u00e9e, actuellement dans la Cit\u00e9 des Aliz\u00e9s, \u00e0 l\u2019initiative de la Galerie \u00ab\u00a0La Kasbah\u00a0\u00bb au grand bonheur des f\u00e9rus des beaux arts. Cette exposition collective invite le public \u00e0 admirer, sur les cimaises de ladite Galerie, une collection de [&hellip;]<\/p>\n","protected":false},"author":1788,"featured_media":0,"comment_status":"closed","ping_status":"closed","sticky":false,"template":"","format":"standard","meta":{"fifu_image_url":"","fifu_image_alt":"","footnotes":""},"categories":[54,76],"tags":[],"class_list":["post-109712","post","type-post","status-publish","format-standard","hentry","category-maroc","category-regions"],"_links":{"self":[{"href":"https:\/\/linitiative.ca\/International\/wp-json\/wp\/v2\/posts\/109712","targetHints":{"allow":["GET"]}}],"collection":[{"href":"https:\/\/linitiative.ca\/International\/wp-json\/wp\/v2\/posts"}],"about":[{"href":"https:\/\/linitiative.ca\/International\/wp-json\/wp\/v2\/types\/post"}],"author":[{"embeddable":true,"href":"https:\/\/linitiative.ca\/International\/wp-json\/wp\/v2\/users\/1788"}],"replies":[{"embeddable":true,"href":"https:\/\/linitiative.ca\/International\/wp-json\/wp\/v2\/comments?post=109712"}],"version-history":[{"count":0,"href":"https:\/\/linitiative.ca\/International\/wp-json\/wp\/v2\/posts\/109712\/revisions"}],"wp:attachment":[{"href":"https:\/\/linitiative.ca\/International\/wp-json\/wp\/v2\/media?parent=109712"}],"wp:term":[{"taxonomy":"category","embeddable":true,"href":"https:\/\/linitiative.ca\/International\/wp-json\/wp\/v2\/categories?post=109712"},{"taxonomy":"post_tag","embeddable":true,"href":"https:\/\/linitiative.ca\/International\/wp-json\/wp\/v2\/tags?post=109712"}],"curies":[{"name":"wp","href":"https:\/\/api.w.org\/{rel}","templated":true}]}}