{"id":109713,"date":"2021-01-21T12:41:37","date_gmt":"2021-01-21T17:41:37","guid":{"rendered":"https:\/\/linitiative.ca\/International\/covid-19-1-164-nouveaux-cas-et-1-346-guerisons-en-24-heures\/"},"modified":"2021-01-21T12:41:37","modified_gmt":"2021-01-21T17:41:37","slug":"covid-19-1-164-nouveaux-cas-et-1-346-guerisons-en-24-heures","status":"publish","type":"post","link":"https:\/\/linitiative.ca\/International\/covid-19-1-164-nouveaux-cas-et-1-346-guerisons-en-24-heures\/","title":{"rendered":"Covid-19: 1.164 nouveaux cas et 1.346 gu\u00e9risons en 24 heures"},"content":{"rendered":"<div readability=\"34\">\n<p>Un total de 1.164 nouveaux cas d\u2019infection au coronavirus et de 1.346 gu\u00e9risons a \u00e9t\u00e9 enregistr\u00e9 au cours des derni\u00e8res 24 heures au Maroc, a annonc\u00e9 jeudi le minist\u00e8re de la Sant\u00e9.<\/p>\n<\/div>\n<div readability=\"80\">\n<p>Le nouveau bilan porte \u00e0 463.706 le nombre total des contaminations depuis le premier cas signal\u00e9 en mars dernier, et \u00e0 439.301 celui des personnes totalement r\u00e9tablies, soit un taux de gu\u00e9rison de 94,7%, a pr\u00e9cis\u00e9 le minist\u00e8re dans son bulletin quotidien sur la situation de la Covid-19.<\/p>\n<p>Le nombre total de d\u00e9c\u00e8s est pass\u00e9 \u00e0 8.076, avec 33 nouveaux cas recens\u00e9s en 24 heures, soit un taux de l\u00e9talit\u00e9 de 1,7%.<\/p>\n<p>Ces d\u00e9c\u00e8s ont \u00e9t\u00e9 enregistr\u00e9s dans les r\u00e9gions de Casablanca-Settat (07), Rabat-Sal\u00e9-K\u00e9nitra (07), Tanger-T\u00e9touan-Al Hoceima (04), Marrakech-Safi (04), F\u00e8s-Mekn\u00e8s (03), Souss-Massa (02), Beni Mellal-Kh\u00e9nifra (02), l\u2019Oriental (01), Dr\u00e2a-Tafilalet (01), La\u00e2youne-Sakia El Hamra (01) et Guelmim-Oued Noun (01).<\/p>\n<p>Les nouveaux cas ont \u00e9t\u00e9 d\u00e9tect\u00e9s dans les r\u00e9gions de Casablanca-Settat (442), Tanger-T\u00e9touan-Al Hoceima (284), Rabat-Sal\u00e9-K\u00e9nitra (125), l\u2019Oriental (84), Souss-Massa (74), Marrakech-Safi (52), Dr\u00e2a-Tafilalet (34), F\u00e8s-Mekn\u00e8s (27), Beni Mellal-Kh\u00e9nifra (16), La\u00e2youne-Sakia El Hamra (11), Guelmim-Oued Noun (10) et Dakhla-Oued Eddahab (05).<\/p>\n<p>Le nombre des cas actifs s\u2019\u00e9l\u00e8ve \u00e0 16.329, alors que les cas s\u00e9v\u00e8res ou critiques sont au nombre de 797, dont 68 plac\u00e9s sous intubation. Le taux d\u2019occupation des lits de r\u00e9animation Covid-19 est de 25,2%.<\/p>\n<\/div>\n<p>Auteur: Meriem IGASS<br \/>\n<a href=\"http:\/\/www.mapmarrakech.ma\/fr\/covid-19-1-164-nouveaux-cas-et-1-346-guerisons-en-24-heures\/\">Cliquez ici pour lire l&rsquo;article depuis sa source.<\/a><\/p>\n","protected":false},"excerpt":{"rendered":"<p>Un total de 1.164 nouveaux cas d\u2019infection au coronavirus et de 1.346 gu\u00e9risons a \u00e9t\u00e9 enregistr\u00e9 au cours des derni\u00e8res 24 heures au Maroc, a annonc\u00e9 jeudi le minist\u00e8re de la Sant\u00e9. Le nouveau bilan porte \u00e0 463.706 le nombre total des contaminations depuis le premier cas signal\u00e9 en mars dernier, et \u00e0 439.301 celui [&hellip;]<\/p>\n","protected":false},"author":1788,"featured_media":0,"comment_status":"closed","ping_status":"closed","sticky":false,"template":"","format":"standard","meta":{"fifu_image_url":"","fifu_image_alt":"","footnotes":""},"categories":[54,76],"tags":[],"class_list":["post-109713","post","type-post","status-publish","format-standard","hentry","category-maroc","category-regions"],"_links":{"self":[{"href":"https:\/\/linitiative.ca\/International\/wp-json\/wp\/v2\/posts\/109713","targetHints":{"allow":["GET"]}}],"collection":[{"href":"https:\/\/linitiative.ca\/International\/wp-json\/wp\/v2\/posts"}],"about":[{"href":"https:\/\/linitiative.ca\/International\/wp-json\/wp\/v2\/types\/post"}],"author":[{"embeddable":true,"href":"https:\/\/linitiative.ca\/International\/wp-json\/wp\/v2\/users\/1788"}],"replies":[{"embeddable":true,"href":"https:\/\/linitiative.ca\/International\/wp-json\/wp\/v2\/comments?post=109713"}],"version-history":[{"count":0,"href":"https:\/\/linitiative.ca\/International\/wp-json\/wp\/v2\/posts\/109713\/revisions"}],"wp:attachment":[{"href":"https:\/\/linitiative.ca\/International\/wp-json\/wp\/v2\/media?parent=109713"}],"wp:term":[{"taxonomy":"category","embeddable":true,"href":"https:\/\/linitiative.ca\/International\/wp-json\/wp\/v2\/categories?post=109713"},{"taxonomy":"post_tag","embeddable":true,"href":"https:\/\/linitiative.ca\/International\/wp-json\/wp\/v2\/tags?post=109713"}],"curies":[{"name":"wp","href":"https:\/\/api.w.org\/{rel}","templated":true}]}}