{"id":109720,"date":"2021-01-20T10:51:40","date_gmt":"2021-01-20T15:51:40","guid":{"rendered":"https:\/\/linitiative.ca\/International\/comment-la-tunisie-a-evite-la-catastrophe\/"},"modified":"2021-01-20T10:51:40","modified_gmt":"2021-01-20T15:51:40","slug":"comment-la-tunisie-a-evite-la-catastrophe","status":"publish","type":"post","link":"https:\/\/linitiative.ca\/International\/comment-la-tunisie-a-evite-la-catastrophe\/","title":{"rendered":"Comment la Tunisie a \u00e9vit\u00e9 la catastrophe"},"content":{"rendered":"<p class=\"p1 c4\"><span class=\"c3\"><span class=\"s1 c2\"><strong>Le Temps &#8211; Jameleddine EL HAJJI<\/strong><\/span><\/span><\/p>\n<p class=\"p2 c5\"><span class=\"c3\"><strong>On peut reprocher au Pr\u00e9sident de la R\u00e9publique Ka\u00efs Sa\u00efed sa passivit\u00e9 apparente lors de grands moments v\u00e9cus sur la sc\u00e8ne politique. Une passivit\u00e9 que l\u2019on peut mettre sur une certaine timidit\u00e9 que l\u2019inexp\u00e9rience n\u2019arrange pas. Depuis quatre jours, le pays a v\u00e9cu deux \u00e9v\u00e9nements enchev\u00eatr\u00e9s par leur simultan\u00e9it\u00e9 et leur densit\u00e9. Le remaniement minist\u00e9riel \u00e0 l\u2019issue d\u2019un trimestre d\u2019exercice gouvernemental, pas plus. Et puis cette vague de violence et de vandalisme qui a gagn\u00e9 plusieurs r\u00e9gions du pays.<span class=\"Apple-converted-space\">\u00a0<\/span><\/strong><\/span><\/p>\n<p class=\"p1 c6\"><span class=\"c3\"><strong>Les d\u00e9tails des mobiles de l\u2019un comme de l\u2019autre de ces \u00e9v\u00e9nements nous \u00e9chappent toujours. C\u2019est la faute aux m\u00e9dias qui, au lieu de d\u00e9noter (constater et pr\u00e9senter l\u2019actualit\u00e9), pr\u00e9f\u00e8re toujours connoter, en dehors du r\u00f4le primordial imparti au secteur de l&rsquo;information grand public. C\u2019est cette situation de fragmentation de l\u2019actualit\u00e9 qui emp\u00eache d\u2019y voir clair, en ce sens qu\u2019elle favorise toute les diversions imaginables. Partant, nous allons essayer de pr\u00e9senter une lecture autre, \u00e0 cette actualit\u00e9 qui continue \u00e0 faire pol\u00e9mique.<\/strong><\/span><\/p>\n<p class=\"p1 c6\"><span class=\"c3\"><strong>La semaine derni\u00e8re, le Pr\u00e9sident de la R\u00e9publique a effectu\u00e9 une visite impromptue au si\u00e8ge du minist\u00e8re de l\u2019Int\u00e9rieur. C\u2019\u00e9tait au lendemain de la d\u00e9mission du ministre et de la passation spontan\u00e9e de ses pr\u00e9rogatives au chef du gouvernement qui l\u2019avait d\u00e9mis de ses fonctions. Certains observateurs ont vu dans cette \u00ab descente \u00bb du chef de l\u2019Etat une riposte au limogeage du ministre qui \u00e9tait pr\u00e9sent\u00e9 comme \u00e9tant sien. Il \u00e9tait donc tout \u00e0 fait normal que le chef du gouvernement soit absent lors de cette visite. Pour les tenants \u00e0 la litt\u00e9ralit\u00e9 des textes, le chef du gouvernement \u00e9tait dans l\u2019incapacit\u00e9 (ou la libert\u00e9 de ne pas) se pr\u00e9senter \u00e0 un d\u00e9partement dont il assure l\u2019int\u00e9rim, vu que sa casquette dominante du moment \u00e9tait celle de chef du gouvernement. Une lecture qui peut tenir la route, si les intentions \u00e9taient limpides.<\/strong><\/span><\/p>\n<p class=\"p2 c7\">\u00a0<\/p>\n<p class=\"p3 c8\"><span class=\"c3\"><strong>Sa\u00efed, un Hannibal<span class=\"Apple-converted-space\">\u00a0<\/span><\/strong><\/span><\/p>\n<p class=\"p3 c8\"><span class=\"c3\"><strong>mal en point<\/strong><\/span><\/p>\n<p class=\"p1 c6\"><span class=\"c3\"><strong>Ce qui est s\u00fbr, c\u2019est que la visite du Pr\u00e9sident n\u2019avait rien d\u2019innocent, n\u2019en d\u00e9plaise aux f\u00e9tichistes des textes et de la Constitution. Les d\u00e9clarations du chef de l\u2019Etat dans l\u2019enceinte du B\u00e2timent gris, \u00e0 ce titre, ont \u00e9t\u00e9 prises au premier degr\u00e9, signe de \u00ab vulgarit\u00e9 \u00bb de cette sc\u00e8ne politique moribonde qui nous encadre. Personne ne s\u2019est pos\u00e9 de question sur des raisons autres qui auraient motiv\u00e9 cette visite \u00e9clair au minist\u00e8re de l\u2019Int\u00e9rieur. En l\u00e2chant sa fameuse d\u00e9claration mettant sous ses ordres tous les corps arm\u00e9s du pays, le Pr\u00e9sident ne partait pas de rien. Ce qui est s\u00fbr, c\u2019est que le Pr\u00e9sident de la R\u00e9publique, pr\u00e9sident aussi (soit dit en passant) du Haut Conseil de la S\u00e9curit\u00e9 Nationale, aurait \u00e9t\u00e9 inform\u00e9 par l\u2019arsenal du renseignement militaire, sur l\u2019imminence de la vague de violence que le pays vient \u00abd\u2019entamer\u00bb. Il aurait aussi \u00e9t\u00e9 conseill\u00e9, sur cette base, de faire barri\u00e8re \u00e0 ces mouvements, qui sont tout sauf spontan\u00e9s, avec une \u00abunion nationale\u00bb de tous les corps de d\u00e9fense du pays, \u00e0 savoir la garde nationale, la police, l\u2019arm\u00e9e, et peut \u00eatre d\u2019autres factions qui pourraient venir en renfort en cas de besoin.<\/strong><\/span><\/p>\n<p class=\"p1 c6\"><span class=\"c3\"><strong>La preuve, dimanche 18 janvier 2021, des unit\u00e9s de l\u2019arm\u00e9e sont d\u00e9ploy\u00e9es dans certaines zones de tension, sur plusieurs r\u00e9gions du pays. Avec la possibilit\u00e9 d\u2019un red\u00e9ploiement plus large, en cas de n\u00e9cessit\u00e9.<\/strong><\/span><\/p>\n<p class=\"p1 c6\"><span class=\"c3\"><strong>Par les seules forces de S\u00e9curit\u00e9 ayant arr\u00eat\u00e9 les fauteurs de troubles, nous venons d\u2019\u00eatre \u00e9difi\u00e9s de certaines anomalies qu\u2019il convient de d\u00e9cortiquer \u00e0 t\u00eate froide, et loin de toute volont\u00e9 de pourrissement d\u2019une situation qui n\u2019en a pas besoin. Plus de 60% des personnes arr\u00eat\u00e9es sont des mineurs, dont l\u2019\u00e2ge varie entre 12 et 18 ans ! L\u2019\u00e9tendue et la simultan\u00e9it\u00e9 de ces mouvements de vandalisme ne peuvent conduire qu\u2019\u00e0 un mouvement bien concert\u00e9 qu\u2019il faut vite tracer, afin de mettre les meneurs et leurs commanditaires devant leurs responsabilit\u00e9s p\u00e9nales et politiques. Dans la matin\u00e9e de lundi 18 janvier, la pr\u00e9sidente du Parti destourien libre (PDL) tenait un point de presse o\u00f9 elle a fait \u00e9tat de v\u00e9hicules, vus par des t\u00e9moins, en train de distribuer de l\u2019argent sur les lieux de tension et de saccages.<\/strong><\/span><\/p>\n<p class=\"p2 c7\">\u00a0<\/p>\n<p class=\"p4 c9\"><span class=\"c3\"><strong>Les enfants comme arme machiav\u00e9lique<\/strong><\/span><\/p>\n<p class=\"p1 c6\"><span class=\"c3\"><strong>Quoi qu\u2019il en soit, une enqu\u00eate profonde et diligente s\u2019impose. Afin de connaitre ces parties qui prennent les enfants dans des travaux aussi graves que le vandalisme inflig\u00e9 \u00e0 certaines institutions et commerces priv\u00e9s de plusieurs zones urbaines. Plus grave encore ce qui se pr\u00e9parait r\u00e9ellement. La fermet\u00e9 du chef de l\u2019Etat le jour de sa visite au minist\u00e8re de l\u2019Int\u00e9rieur, \u00e9tait-elle \u00e0 l\u2019origine de l\u2019engagement des enfants dans des combats de rue ? Que serait devenue la situation si les forces de s\u00e9curit\u00e9 et de l\u2019arm\u00e9e nationale \u00e9taient arm\u00e9es d\u2019une \u00abg\u00e2chette facile\u00bb contre des enfants ? L\u2019enjeu devient ainsi plus dangereux \u00e0 court terme, en ce sens que personne n\u2019acceptera de voir ses forces de s\u00e9curit\u00e9 et son arm\u00e9e tirent sur des enfants, par temps de nuit, pour d\u00e9couvrir le matin que \u00ab les victimes \u00bb ainsi d\u00e9sign\u00e9es n\u2019\u00e9taient autres que des enfants en bas \u00e2ge.<\/strong><\/span><\/p>\n<p class=\"p1 c6\"><span class=\"c3\"><strong>C\u2019est en somme, le pi\u00e8ge qui vient d\u2019\u00eatre tendu au Pr\u00e9sident de la R\u00e9publique, dont l\u2019\u00e9pilogue n\u2019aurait pas \u00e9t\u00e9 moins que l\u2019explosion d\u2019une guerre civile qui aurait ravag\u00e9 ce qui reste de cet Etat, de sa Constitution en haillon, et de ces bandes de voyous bien install\u00e9es sous l\u2019H\u00e9micycle de l\u2019ARP (Assembl\u00e9e des repr\u00e9sentants du peuple).<span class=\"Apple-converted-space\">\u00a0<\/span><\/strong><\/span><\/p>\n<p class=\"p1 c6\"><span class=\"c3\"><strong>En attendant la fin des auditions des personnes arr\u00eat\u00e9s, on en saura davantage, sur ce modus operandi nouveau qui s\u2019installe d\u00e9sormais au sein de cette classe politique, d\u00e9su\u00e8te, parce que compl\u00e8tement d\u00e9connect\u00e9e, et inadapt\u00e9e \u00e0 la situation r\u00e9elle que le pays traverse.<\/strong><\/span><\/p>\n<p class=\"p1 c6\"><span class=\"c3\"><strong>On aura au moins \u00e9vit\u00e9 de lire dans la presse, nationale et \u00e9trang\u00e8re, des titres du genre : L\u2019arm\u00e9e tunisienne, ou la police tunisienne, ou la gendarmerie tunisienne, tire sur les enfants !<\/strong><\/span><\/p>\n<p class=\"p1 c6\"><span class=\"c3\"><strong>A ce point, la sc\u00e8ne politique tunisienne s\u2019est d\u00e9partie de toute \u00e9thique politique, et de toute morale pouvant la soustraire \u00e0 la vindicte populaire, la vraie. A ce rythme-l\u00e0, les lendemains ne seront pas chanteurs.<\/strong><\/span><\/p>\n<p class=\"p1 c6\"><span class=\"c3\"><strong>Pourquoi, depuis l\u2019adoption de la Constitution de 2014, les appareils de l\u2019Etat sont-ils toujours en retard d\u2019une phase, face \u00e0 une actualit\u00e9 qui se trame, comme l\u2019avait si bien dit, le \u00ab jeune \u00bb Pr\u00e9sident de la R\u00e9publique \u00e0 plusieurs reprises, dans les chambres noires et les bureaux ferm\u00e9s de milieux qu\u2019il est grand temps de mettre \u00e0 nu. Il y va de la p\u00e9rennit\u00e9 de l\u2019Etat.<\/strong><\/span><\/p>\n<p class=\"p2 c5\">\u00a0<\/p>\n<p class=\"p5 c10\"><span class=\"c3\"><strong>J.E.H.<\/strong><\/span><\/p>\n<p>Auteur: letemps1<br \/>\n<a href=\"http:\/\/www.letemps.com.tn\/article\/118979\/comment-la-tunisie-%C3%A9vit%C3%A9-la-catastrophe\">Cliquez ici pour lire l&rsquo;article depuis sa source.<\/a><\/p>\n","protected":false},"excerpt":{"rendered":"<p>Le Temps &#8211; Jameleddine EL HAJJI On peut reprocher au Pr\u00e9sident de la R\u00e9publique Ka\u00efs Sa\u00efed sa passivit\u00e9 apparente lors de grands moments v\u00e9cus sur la sc\u00e8ne politique. Une passivit\u00e9 que l\u2019on peut mettre sur une certaine timidit\u00e9 que l\u2019inexp\u00e9rience n\u2019arrange pas. Depuis quatre jours, le pays a v\u00e9cu deux \u00e9v\u00e9nements enchev\u00eatr\u00e9s par leur simultan\u00e9it\u00e9 [&hellip;]<\/p>\n","protected":false},"author":1773,"featured_media":0,"comment_status":"closed","ping_status":"closed","sticky":false,"template":"","format":"standard","meta":{"fifu_image_url":"","fifu_image_alt":"","footnotes":""},"categories":[73,55],"tags":[],"class_list":["post-109720","post","type-post","status-publish","format-standard","hentry","category-actualite","category-tunisie"],"_links":{"self":[{"href":"https:\/\/linitiative.ca\/International\/wp-json\/wp\/v2\/posts\/109720","targetHints":{"allow":["GET"]}}],"collection":[{"href":"https:\/\/linitiative.ca\/International\/wp-json\/wp\/v2\/posts"}],"about":[{"href":"https:\/\/linitiative.ca\/International\/wp-json\/wp\/v2\/types\/post"}],"author":[{"embeddable":true,"href":"https:\/\/linitiative.ca\/International\/wp-json\/wp\/v2\/users\/1773"}],"replies":[{"embeddable":true,"href":"https:\/\/linitiative.ca\/International\/wp-json\/wp\/v2\/comments?post=109720"}],"version-history":[{"count":0,"href":"https:\/\/linitiative.ca\/International\/wp-json\/wp\/v2\/posts\/109720\/revisions"}],"wp:attachment":[{"href":"https:\/\/linitiative.ca\/International\/wp-json\/wp\/v2\/media?parent=109720"}],"wp:term":[{"taxonomy":"category","embeddable":true,"href":"https:\/\/linitiative.ca\/International\/wp-json\/wp\/v2\/categories?post=109720"},{"taxonomy":"post_tag","embeddable":true,"href":"https:\/\/linitiative.ca\/International\/wp-json\/wp\/v2\/tags?post=109720"}],"curies":[{"name":"wp","href":"https:\/\/api.w.org\/{rel}","templated":true}]}}