{"id":109721,"date":"2021-01-20T10:54:00","date_gmt":"2021-01-20T15:54:00","guid":{"rendered":"https:\/\/linitiative.ca\/International\/lugtt-presse-le-gouvernement-de-lancer-un-nouveau-round-de-negociations-sociales\/"},"modified":"2021-01-20T10:54:00","modified_gmt":"2021-01-20T15:54:00","slug":"lugtt-presse-le-gouvernement-de-lancer-un-nouveau-round-de-negociations-sociales","status":"publish","type":"post","link":"https:\/\/linitiative.ca\/International\/lugtt-presse-le-gouvernement-de-lancer-un-nouveau-round-de-negociations-sociales\/","title":{"rendered":"L\u2019UGTT presse le gouvernement de lancer  un nouveau round de n\u00e9gociations sociales"},"content":{"rendered":"<p>Appel \u00e0 la r\u00e9vision de la strat\u00e9gie de lutte contre l\u2019\u00e9pid\u00e9mie du coronavirus et la mise en place d\u2019un calendrier de sortie de crise clair<\/p>\n<div readability=\"78\">\n<p class=\"p1 c3\"><span class=\"c2\">L\u2019UGTT a \u00e9valu\u00e9, dans ce cadre, la baisse du pouvoir d\u2019achat des citoyens \u00e0 30% en comparaison avec le d\u00e9but de l\u2019ann\u00e9e \u00e9coul\u00e9e.<span class=\"Apple-converted-space\">\u00a0<\/span> \u00abLa pauvret\u00e9 et la marginalisation touchent d\u00e9sormais de larges pans de la soci\u00e9t\u00e9 tunisienne dans un contexte de hausse vertigineuse des prix, de mont\u00e9e de la contrebande, de hausse du ch\u00f4mage et de d\u00e9t\u00e9rioration de la qualit\u00e9<span class=\"Apple-converted-space\">\u00a0<\/span> des services publics\u00bb, a-t-elle soulign\u00e9. Et d\u2019ajouter : \u00abLes de travailleurs ont majoritairement fait les frais du l\u2019indiff\u00e9rence de l&rsquo;Etat et de la cupidit\u00e9 de certains employeurs du secteur priv\u00e9 qui ont abandonn\u00e9 leurs responsabilit\u00e9s sociales envers les salari\u00e9s, et aggrav\u00e9 ainsi les manifestations de pr\u00e9carit\u00e9, de marginalisation et de vuln\u00e9rabilit\u00e9 au travail\u00bb, a-t-elle d\u00e9plor\u00e9.<\/span><\/p>\n<p class=\"p1 c3\"><span class=\"c2\">Dans cette m\u00eame optique, l\u2019organisation a appel\u00e9 le gouvernement \u00e0 revoir radicalement la politique des prix, \u00e0 contr\u00f4ler l&rsquo;inflation et la d\u00e9pr\u00e9ciation continue du dinar face aux autres monnaies et \u00e0 sauver les \u00e9tablissements et les entreprises assurant services publics, notamment les h\u00f4pitaux, les \u00e9tablissements \u00e9ducatifs et les soci\u00e9t\u00e9s publiques de transport.<span class=\"Apple-converted-space\">\u00a0<\/span><\/span><\/p>\n<p class=\"p2 c4\">\u00a0<\/p>\n<p class=\"p3 c6\"><span class=\"c2\"><span class=\"s1 c5\"><strong>Grande confusion<span class=\"Apple-converted-space\">\u00a0<\/span><\/strong><\/span><\/span><\/p>\n<p class=\"p1 c3\"><span class=\"c2\">La centrale syndicale a d\u2019autre part estim\u00e9 que la Tunisie \u00abtraverse une \u00e9tape extr\u00eamement difficile marqu\u00e9e par d\u2019intenses tiraillements politiques et une forte propagation de la violence qui ont provoqu\u00e9 une crise multidimensionnelle et une grande instabilit\u00e9 politique comme en atteste<span class=\"Apple-converted-space\">\u00a0<\/span> le r\u00e9cent remaniement minist\u00e9riel op\u00e9r\u00e9 sous la pression des partis politiques attach\u00e9s aux privil\u00e8ges du pouvoir\u00bb.<\/span><\/p>\n<p class=\"p1 c3\"><span class=\"c2\">Elle rappelle dans ce contexte avoir soumis au pr\u00e9sident de la R\u00e9publique une initiative de dialogue national visant \u00e0 sauver le pays et remettre les vraies pr\u00e9occupations et aspirations des Tunisiens au-devant de la sc\u00e8ne.<\/span><\/p>\n<p class=\"p1 c3\"><span class=\"c2\">Sur un autre plan, l\u2019UGTT a appel\u00e9 les autorit\u00e9s r\u00e9viser leur strat\u00e9gie en mati\u00e8re de lutte contre la pand\u00e9mie du nouveau coronavirus et \u00e0 d\u00e9finir un calendrier de sortie de crise clair dans cette optique.<span class=\"Apple-converted-space\">\u00a0<\/span><\/span><\/p>\n<p class=\"p1 c3\"><span class=\"c2\">\u00abLa r\u00e9vision de la strat\u00e9gie de lutte contre l\u2019\u00e9pid\u00e9mie<span class=\"Apple-converted-space\">\u00a0<\/span> du coronavirus et la mise en place d\u2019un calendrier de sortie de crise clair constituent aujourd\u2019hui une n\u00e9cessit\u00e9 absolue<span class=\"Apple-converted-space\">\u00a0<\/span> aussi bien pour briser les cha\u00eenes de contamination et poursuivre les campagnes de pr\u00e9vention que pour fournir les vaccins gratuits \u00e0 tous les Tunisiens\u00bb, a-t-elle sugg\u00e9r\u00e9.<span class=\"Apple-converted-space\">\u00a0<\/span><\/span><\/p>\n<p class=\"p1 c3\"><span class=\"c2\">L\u2019organisation ouvri\u00e8re a d\u00e9plor\u00e9 dans ce cadre une \u00abgrande confusion\u00bb dans la gestion de la deuxi\u00e8me vague de<span class=\"Apple-converted-space\">\u00a0<\/span> pand\u00e9mie et de ses r\u00e9percussions sanitaires, sociales et \u00e9conomiques.<span class=\"Apple-converted-space\">\u00a0<\/span> Elle a soulign\u00e9 la n\u00e9cessit\u00e9 de mettre fin \u00e0 cette confusion et de prendre des mesures sociales urgentes pour soutenir les des diff\u00e9rentes couches s socioprofessionnelles qui ont subi de plein fouets les r\u00e9percussions n\u00e9fastes de la pand\u00e9mie. <span class=\"Apple-converted-space\">\u00a0<\/span><\/span><\/p>\n<p class=\"p4 c7\"><span class=\"c2\"><strong>W.K.<\/strong><\/span><\/p>\n<\/div>\n<p>Auteur: letemps1<br \/>\n<a href=\"http:\/\/www.letemps.com.tn\/article\/118980\/l%E2%80%99ugtt-presse-le-gouvernement-de-lancer-un-nouveau-round-de-n%C3%A9gociations-sociales\">Cliquez ici pour lire l&rsquo;article depuis sa source.<\/a><\/p>\n","protected":false},"excerpt":{"rendered":"<p>Appel \u00e0 la r\u00e9vision de la strat\u00e9gie de lutte contre l\u2019\u00e9pid\u00e9mie du coronavirus et la mise en place d\u2019un calendrier de sortie de crise clair L\u2019UGTT a \u00e9valu\u00e9, dans ce cadre, la baisse du pouvoir d\u2019achat des citoyens \u00e0 30% en comparaison avec le d\u00e9but de l\u2019ann\u00e9e \u00e9coul\u00e9e.\u00a0 \u00abLa pauvret\u00e9 et la marginalisation touchent d\u00e9sormais [&hellip;]<\/p>\n","protected":false},"author":1773,"featured_media":0,"comment_status":"closed","ping_status":"closed","sticky":false,"template":"","format":"standard","meta":{"fifu_image_url":"","fifu_image_alt":"","footnotes":""},"categories":[73,55],"tags":[],"class_list":["post-109721","post","type-post","status-publish","format-standard","hentry","category-actualite","category-tunisie"],"_links":{"self":[{"href":"https:\/\/linitiative.ca\/International\/wp-json\/wp\/v2\/posts\/109721","targetHints":{"allow":["GET"]}}],"collection":[{"href":"https:\/\/linitiative.ca\/International\/wp-json\/wp\/v2\/posts"}],"about":[{"href":"https:\/\/linitiative.ca\/International\/wp-json\/wp\/v2\/types\/post"}],"author":[{"embeddable":true,"href":"https:\/\/linitiative.ca\/International\/wp-json\/wp\/v2\/users\/1773"}],"replies":[{"embeddable":true,"href":"https:\/\/linitiative.ca\/International\/wp-json\/wp\/v2\/comments?post=109721"}],"version-history":[{"count":0,"href":"https:\/\/linitiative.ca\/International\/wp-json\/wp\/v2\/posts\/109721\/revisions"}],"wp:attachment":[{"href":"https:\/\/linitiative.ca\/International\/wp-json\/wp\/v2\/media?parent=109721"}],"wp:term":[{"taxonomy":"category","embeddable":true,"href":"https:\/\/linitiative.ca\/International\/wp-json\/wp\/v2\/categories?post=109721"},{"taxonomy":"post_tag","embeddable":true,"href":"https:\/\/linitiative.ca\/International\/wp-json\/wp\/v2\/tags?post=109721"}],"curies":[{"name":"wp","href":"https:\/\/api.w.org\/{rel}","templated":true}]}}