{"id":109722,"date":"2021-01-20T10:55:00","date_gmt":"2021-01-20T15:55:00","guid":{"rendered":"https:\/\/linitiative.ca\/International\/conflits-dinterets-et-interets-des-conflits\/"},"modified":"2021-01-20T10:55:00","modified_gmt":"2021-01-20T15:55:00","slug":"conflits-dinterets-et-interets-des-conflits","status":"publish","type":"post","link":"https:\/\/linitiative.ca\/International\/conflits-dinterets-et-interets-des-conflits\/","title":{"rendered":"Conflits d\u2019int\u00e9r\u00eats  et int\u00e9r\u00eats des conflits"},"content":{"rendered":"<p class=\"p1 c4\"><span class=\"c3\"><span class=\"s1 c2\"><strong>Le Temps &#8211; Ahmed NEMLAGHI<\/strong><\/span><\/span><\/p>\n<p class=\"p2 c5\"><span class=\"c3\">L\u2019int\u00e9r\u00eat, mot qui comporte beaucoup de sens, qui sont parfois oppos\u00e9s, voire contradictoires, car ce qui constitue un int\u00e9r\u00eat pour l\u2019un, peut \u00eatre insignifiant pour l\u2019autre, et cela est un peu normal puisque chacun voit midi \u00e0 sa porte. Mais dans d\u2019autres cas, l\u2019int\u00e9r\u00eat de l\u2019un peut l\u00e9ser l\u2019autre et causer pour lui un dommage.<span class=\"Apple-converted-space\">\u00a0<\/span><\/span><\/p>\n<p class=\"p2 c5\"><span class=\"c3\">Voyez, par exemple, au fisc, le pr\u00e9cepteur et le contribuable, ne per\u00e7oivent pas les int\u00e9r\u00eats de la m\u00eame fa\u00e7on. Surtout quand ce dernier ne joue pas carte sur table, en insistant aupr\u00e8s de son comptable afin d\u2019occulter certains avoirs dans son bilan consolid\u00e9, pour arrondir \u00e0 la baisse, la part qu\u2019il doit d\u00e9bourser au pr\u00e9cepteur. Tandis que pour celui-ci, l\u2019int\u00e9r\u00eat est ce que doit payer toute personne en sus du principal, en cas de retard \u00e9ventuel, qu\u2019il met pour s\u2019acquitter de son devoir fiscal.<span class=\"Apple-converted-space\">\u00a0<\/span><\/span><\/p>\n<p class=\"p2 c5\"><span class=\"c3\">C\u2019est \u00e0 partir de l\u00e0 que commence ce qu\u2019on appelle le conflit d\u2019int\u00e9r\u00eats.<span class=\"Apple-converted-space\">\u00a0<\/span> Mais ces int\u00e9r\u00eats ne sont-ils pas en conflit avec l\u2019int\u00e9r\u00eat g\u00e9n\u00e9ral ? La question ne cesse de nous pr\u00e9occuper, en public comme en priv\u00e9. Encore faut-il savoir ce qu\u2019est l\u2019int\u00e9r\u00eat g\u00e9n\u00e9ral. C\u2019est une notion compliqu\u00e9e, bien qu\u2019elle paraisse tout \u00e0 fait banale. Elle d\u00e9pend de la conscience que chacun a de la chose publique, qui appartient \u00e0 tous mais que personne ne peut s\u2019approprier. En politique, on parle des int\u00e9r\u00eats sup\u00e9rieurs de l\u2019Etat qui s\u2019arr\u00eatent, l\u00e0 o\u00f9 commencent les int\u00e9r\u00eats des particuliers.<\/span><\/p>\n<p class=\"p2 c5\"><span class=\"c3\">Or selon Marx, la classe qui aspire \u00e0 la domination, commence par conqu\u00e9rir le pouvoir politique d\u2019abord, pour repr\u00e9senter ensuite, son int\u00e9r\u00eat propre comme \u00e9tant l\u2019int\u00e9r\u00eat g\u00e9n\u00e9ral. En d\u2019autres termes la raison du plus fort est toujours la meilleure. Dans notre cas on peut le prouver sur l\u2019heure. Pour cause tous ceux qui se sont relay\u00e9s au pouvoir se sont montr\u00e9s intransigeants en ce qui concerne \u00ab l\u2019int\u00e9r\u00eat \u00bb du pays.<span class=\"Apple-converted-space\">\u00a0<\/span><\/span><\/p>\n<p class=\"p2 c5\"><span class=\"c3\">Cependant, ceux parmi eux qui se battent constamment pour leurs propres int\u00e9r\u00eats, sont eux-m\u00eames en conflits, faisant-fi de l\u2019int\u00e9r\u00eat g\u00e9n\u00e9ral qui est celui de la collectivit\u00e9. C\u2019est un ph\u00e9nom\u00e8ne qui existe l\u00e0 o\u00f9 l\u2019instinct de domination et de l\u2019amour du pouvoir persiste. Il est constamment pr\u00e9sent sur l\u2019\u00e9chiquier politique, et se faufile en se d\u00e9robant entre les pi\u00e8ces ma\u00eetresses et les pions.<span class=\"Apple-converted-space\">\u00a0<\/span> Il dispara\u00eet et reparait au gr\u00e9 des vents et de la conjoncture du moment. Il se conjugue au pr\u00e9sent, au pass\u00e9 simple, au futur ant\u00e9rieur et plaide pour le beurre et l\u2019argent du beurre. Il est toujours pr\u00e9sent l\u00e0 o\u00f9 l\u2019esprit de domination l\u2019emporte sur celui de l\u2019abn\u00e9gation, et o\u00f9 la rage du profit et du pouvoir l\u2019emporte sur l\u2019esprit de responsabilit\u00e9 et du devoir.<span class=\"Apple-converted-space\">\u00a0<\/span><\/span><\/p>\n<p class=\"p2 c5\"><span class=\"c3\">Cela se v\u00e9rifie de plus en plus de nos jours, avec ceux parmi nos \u00e9lus qui nous saoulent avec leurs discours, pour noyer le poisson, en aiguisant constamment notre rage et en nous racontant des balivernes, prenant davantage, les fils du bon Dieu pour des canards sauvages.<\/span><\/p>\n<p class=\"p3 c6\"><span class=\"c3\"><strong>A.N.<\/strong><\/span><\/p>\n<p>Auteur: letemps1<br \/>\n<a href=\"http:\/\/www.letemps.com.tn\/article\/118981\/conflits-d%E2%80%99int%C3%A9r%C3%AAts-et-int%C3%A9r%C3%AAts-des-conflits\">Cliquez ici pour lire l&rsquo;article depuis sa source.<\/a><\/p>\n","protected":false},"excerpt":{"rendered":"<p>Le Temps &#8211; Ahmed NEMLAGHI L\u2019int\u00e9r\u00eat, mot qui comporte beaucoup de sens, qui sont parfois oppos\u00e9s, voire contradictoires, car ce qui constitue un int\u00e9r\u00eat pour l\u2019un, peut \u00eatre insignifiant pour l\u2019autre, et cela est un peu normal puisque chacun voit midi \u00e0 sa porte. Mais dans d\u2019autres cas, l\u2019int\u00e9r\u00eat de l\u2019un peut l\u00e9ser l\u2019autre et [&hellip;]<\/p>\n","protected":false},"author":1773,"featured_media":0,"comment_status":"closed","ping_status":"closed","sticky":false,"template":"","format":"standard","meta":{"fifu_image_url":"","fifu_image_alt":"","footnotes":""},"categories":[73,55],"tags":[],"class_list":["post-109722","post","type-post","status-publish","format-standard","hentry","category-actualite","category-tunisie"],"_links":{"self":[{"href":"https:\/\/linitiative.ca\/International\/wp-json\/wp\/v2\/posts\/109722","targetHints":{"allow":["GET"]}}],"collection":[{"href":"https:\/\/linitiative.ca\/International\/wp-json\/wp\/v2\/posts"}],"about":[{"href":"https:\/\/linitiative.ca\/International\/wp-json\/wp\/v2\/types\/post"}],"author":[{"embeddable":true,"href":"https:\/\/linitiative.ca\/International\/wp-json\/wp\/v2\/users\/1773"}],"replies":[{"embeddable":true,"href":"https:\/\/linitiative.ca\/International\/wp-json\/wp\/v2\/comments?post=109722"}],"version-history":[{"count":0,"href":"https:\/\/linitiative.ca\/International\/wp-json\/wp\/v2\/posts\/109722\/revisions"}],"wp:attachment":[{"href":"https:\/\/linitiative.ca\/International\/wp-json\/wp\/v2\/media?parent=109722"}],"wp:term":[{"taxonomy":"category","embeddable":true,"href":"https:\/\/linitiative.ca\/International\/wp-json\/wp\/v2\/categories?post=109722"},{"taxonomy":"post_tag","embeddable":true,"href":"https:\/\/linitiative.ca\/International\/wp-json\/wp\/v2\/tags?post=109722"}],"curies":[{"name":"wp","href":"https:\/\/api.w.org\/{rel}","templated":true}]}}