{"id":109723,"date":"2021-01-20T10:57:00","date_gmt":"2021-01-20T15:57:00","guid":{"rendered":"https:\/\/linitiative.ca\/International\/nos-politiques-ne-savent-pas-finir-une-guerre\/"},"modified":"2021-01-20T10:57:00","modified_gmt":"2021-01-20T15:57:00","slug":"nos-politiques-ne-savent-pas-finir-une-guerre","status":"publish","type":"post","link":"https:\/\/linitiative.ca\/International\/nos-politiques-ne-savent-pas-finir-une-guerre\/","title":{"rendered":"Nos politiques ne savent pas finir une guerre !"},"content":{"rendered":"<p class=\"p1 c3\"><strong><span class=\"c2\">Le Temps &#8211; Raouf KHALSI<\/span><\/strong><\/p>\n<p class=\"p1 c3\"><span class=\"c2\">Tous responsables et tous coupables. Sans doute, y a-t-il lieu de s\u2019interroger sur le timing et sur la simultan\u00e9it\u00e9 de ces actes de vandalisme bravant ces quatre jours de couvre-feu. Sous couvert d\u2019imp\u00e9ratifs sanitaires et de lutte contre la Covid-19, le gouvernement avait cru pouvoir garder tout le monde chez soi. Le temps d\u2019un r\u00e9pit, le temps de peaufiner ce remaniement minist\u00e9riel dans le calme et loin des grondements de la rue. On a eu tout faux. Parce que l\u2019imp\u00e9ratif s\u00e9curitaire a battu de l\u2019aile. Parce que ce sont surtout des enfants qui ont mis le feu aux poudri\u00e8res. Manipul\u00e9s ? Ameut\u00e9s ? Ils criaient famine. Ils scandaient des slogans qui ne sont pas de leur \u00e2ge. Seules de s\u00e9rieuses investigations en \u00e9tabliront les causes, les tenants, les aboutissants et, \u00e9ventuellement, les mains invisibles derri\u00e8re ce qui pourrait se r\u00e9v\u00e9ler \u00eatre au final, les pr\u00e9mices d\u2019une explosion sociale.<\/span><\/p>\n<p class=\"p1 c4\"><span class=\"c2\">\u00abExplosion sociale\u00bb ? C\u2019est l\u2019appellation qu\u2019a donn\u00e9e l\u2019UGTT \u00e0 ces manifestations. Elle y voit l\u2019expression d\u2019une col\u00e8re, d\u2019un ras-le bol contre la marginalisation, la pauvret\u00e9 et le ch\u00f4mage. Serait-ce le d\u00e9clenchement, \u00e0 reculons, du remake d\u2019un certain 17 d\u00e9cembre 2010, la seule date que reconnaisse le Pr\u00e9sident Sa\u00efed \u00e0 la r\u00e9volution ? Les donn\u00e9es, les indices et les r\u00e9elles motivations d\u2019une telle d\u00e9flagration resteront pour un certain temps encore -peut-\u00eatre m\u00eame pour toujours- un myst\u00e8re.<\/span><\/p>\n<p class=\"p2 c5\">\u00a0<\/p>\n<p class=\"p3 c7\"><strong><span class=\"c2\"><span class=\"s1 c6\">Il y a toujours de funestes opportunit\u00e9s<\/span><\/span><\/strong><\/p>\n<p class=\"p1 c4\"><span class=\"c2\">L\u2019exp\u00e9rience prouve que, dans ce genre de soul\u00e8vements, il y a toujours des gagnants et des perdants. Il est clair que les perdants, ce seront toujours ces jeunes. Ceux qui tirent profit de leurs d\u00e9bordements, si ce ne sont pas ces mains invisibles, ce seront ceux qui se gaussent du spectacle pour en tirer les b\u00e9n\u00e9fices politiques, chacun \u00e0 sa mani\u00e8re et chacun selon son mode op\u00e9ratoire. En tous les cas, l\u2019UTICA ne fait pas dans le d\u00e9tail : pour elle, les trois pr\u00e9sidences en assument la responsabilit\u00e9.<\/span><\/p>\n<p class=\"p1 c4\"><span class=\"c2\">Des centaines de jeunes (pour la plupart des mineurs) sont arr\u00eat\u00e9s. A d\u00e9faut de preuve, l\u2019on s\u2019interroge sur ceux ou sur ce qui leur a pr\u00e9dit de basculer dans cette violence aveugle. Il n\u2019est pas vraiment \u00e9tabli que janvier soit fatalement et historiquement le mois des soul\u00e8vements sociaux. Les seules r\u00e9f\u00e9rences dans ce sens sont mat\u00e9rialis\u00e9es par les \u00e9meutes de 1978 et celles de 1984. Sinon, on oublie que janvier aura consacr\u00e9 en 1952, la premi\u00e8re grande r\u00e9volution contre le colonialisme et qu\u2019en 2011, il enfantait la r\u00e9volution contre la dictature.<\/span><\/p>\n<p class=\"p1 c4\"><span class=\"c2\">Il serait donc fallacieux de se r\u00e9signer \u00e0 ces commodes d\u00e9terminismes historiques. Et, particuli\u00e8rement, en cette conjoncture qui a fait que toute l\u2019ann\u00e9e 2020 aura \u00e9t\u00e9 marqu\u00e9e par un nombre-record de sit-in et de soul\u00e8vements.<\/span><\/p>\n<p class=\"p1 c4\"><span class=\"c2\">Il y aurait donc lieu d\u00e9celer des faits nouveaux, peut-\u00eatre m\u00eame de nouveaux esprits malfaisants qui attendaient tranquillement l\u2019heure \u00abH\u00bb pour larguer leurs bombes. A croire m\u00eame que la pand\u00e9mie leur soit tomb\u00e9e comme une manne du ciel.<\/span><\/p>\n<p class=\"p1 c4\"><span class=\"c2\">A ce point de d\u00e9cr\u00e9pitude des institutions, de faiblesse de l\u2019Etat, cet Etat qu\u2019on a sciemment vou\u00e9 aux g\u00e9monies, toutes les br\u00e8ches sont ouvertes et l\u2019on ne sait pas exactement de quel c\u00f4t\u00e9, tant la gouvernance du pays est ainsi tiraill\u00e9e dans les enjeux en tous genres, formels et informels. Par-dessus tout, l\u2019imbrication entre une certaine ploutocratie client\u00e9liste et la grande invasion des contrebandiers agissant dans les sph\u00e8res occultes du pouvoir parall\u00e8le et de cet Etat profond dont on ne d\u00e9noncera jamais assez le pouvoir tentaculaire. En vain, bien s\u00fbr\u2026<\/span><\/p>\n<p class=\"p1 c4\"><span class=\"c2\">Ce qui est n\u00e9anmoins s\u00fbr, c\u2019est que ces d\u00e9bordements ne sauraient se limiter \u00e0 la seule approche s\u00e9curitaire. Il s\u2019agirait aussi d&rsquo;approfondir les causes qui ont fait que la jeunesse tunisienne soit devenue aussi violente et aussi incontr\u00f4lable. Si ce n\u2019est pas la criminalit\u00e9, c\u2019est l\u2019embrigadement religieux. Si ce n\u2019est pas l\u2019embrigadement religieux, c\u2019est les c\u00f4tes meurtri\u00e8res de Lampedusa. Ou, alors, c\u2019est la fuite des cerveaux. Et, l\u00e0, il faut bien remonter jusqu\u2019\u00e0 l\u2019exemple qui vient d\u2019en haut\u2026<\/span><\/p>\n<p class=\"p2 c5\">\u00a0<\/p>\n<p class=\"p3 c7\"><strong><span class=\"c2\"><span class=\"s1 c6\">Changer le sc\u00e9nario\u2026<\/span><\/span><\/strong><\/p>\n<p class=\"p1 c4\"><span class=\"c2\">Les vandales, la nuit ; les politiques, le jour. En ces journ\u00e9es cauchemardesques, les Tunisiens se seraient volontiers pass\u00e9 de leur \u00e9pidermique propension \u00e0 se jeter mutuellement la pierre. Voil\u00e0 qu\u2019au moment o\u00f9 la s\u00e9curit\u00e9 du pays est en jeu, les interpr\u00e9tations, les accusations fusent et, toutes, \u00e0 connotations partisanes.<\/span><\/p>\n<p class=\"p1 c4\"><span class=\"c2\">Que ces jeunes insurg\u00e9s aient scand\u00e9 -peut-\u00eatre m\u00eame sans savoir ce que cela veuille bien dire- le fameux argument de campagne de Ka\u00efs Sa\u00efed : \u00ab Le peuple veut \u00bb, c\u2019est l\u2019occasion r\u00eav\u00e9e par certaines ailes islamistes d\u2019en tenir le Pr\u00e9sident pour responsable.<\/span><\/p>\n<p class=\"p1 c4\"><span class=\"c2\">Depuis l\u2019Am\u00e9rique, un tribun tel Radhouane Masmoudi jette un sale pav\u00e9 dans la mare. Voil\u00e0 que l\u2019id\u00e9e d\u2019un \u00abimpeachment\u00bb, c\u2019est-\u00e0-dire la destitution du Pr\u00e9sident massivement \u00e9lu au suffrage universel, commence \u00e0 chatouiller les esprits islamistes. Et hop ! Activons l\u2019article 88 de la constitution qui pr\u00e9voit les conditions constitutionnelles pour le renvoi du Pr\u00e9sident. Bien entendu, ces conditions ne sont pas r\u00e9unies. Parce que, essentiellement, le Pr\u00e9sident Sa\u00efed n\u2019a jamais viol\u00e9 la constitution. Tout au plus, a-t-il lui aussi, et sans se rendre compte, s\u00e9rieusement contribu\u00e9 \u00e0 accentuer les clivages politiques. D\u2019abord, par son c\u00f4t\u00e9 antisyst\u00e8me. Ensuite, par la fronde \u00e0 l\u2019endroit de ceux des partis qu\u2019il n\u2019aime pas. Enfin, par sa contribution \u00e0 l\u2019instabilit\u00e9 politique depuis qu\u2019il a choisi Ely\u00e8s Fakhfakh parmi une liste de personnalit\u00e9s autrement plus m\u00e9ritantes. Cela ne fait pas pour autant de lui un coupable. Et, ironie de l\u2019histoire, la seule personnalit\u00e9 politique qui l\u2019ait courageusement d\u00e9fendu, c\u2019est \u2026 \u00able rejeton\u00bb du RCD et du r\u00e9gime d\u00e9chu. Oui, c\u2019est bien Abir Moussi.<\/span><\/p>\n<p class=\"p1 c4\"><span class=\"c2\">Sinon, voil\u00e0 que les formations politiques sont en plein dans les sp\u00e9culations autour de la nouvelle formation gouvernementale. Et cela, alors que M\u00e9chichi est absorb\u00e9 par l\u2019imp\u00e9rieuse s\u00e9curisation du pays. Lui aussi, l\u2019opposition au parlement le tient pour responsable de ce qui s\u2019est produit pour avoir limog\u00e9 Taoufik Charfeddine, le ministre de l\u2019int\u00e9rieur de Ka\u00efs Sa\u00efed, dit-on.<\/span><\/p>\n<p class=\"p1 c4\"><span class=\"c2\">Dans le foul\u00e9e, Abdelkrim Harouni ne se satisfait pas de ce remaniement. Pour lui, c\u2019est juste une petite parenth\u00e8se, en attendant que le gouvernement, fort de sa ceinture parlementaire, se transforme en gouvernement franchement politique. C\u2019est-\u00e0-dire, qu\u2019au final, Ennahdha verrouillera encore une fois le pays et que Sa\u00efed en sera plus isol\u00e9 encore.<\/span><\/p>\n<p class=\"p1 c4\"><span class=\"c2\">Et lorsqu\u2019on y rajoute la cour aux miracles de l\u2019ARP, la violence et les d\u00e9bordements en tous genres, eh bien c\u2019est cela l\u2019exemple qui vient d\u2019en haut !<\/span><\/p>\n<p class=\"p1 c4\"><span class=\"c2\">C\u2019est le spectacle effront\u00e9. Un spectacle de tous les jours. Mauvais exemple pour les jeunes facilement manipulables. Gu\u00e8re de propositions pour un semblant de contrat social. Et si chaos il y aura, c\u2019est principalement par le fait des politiques.<span class=\"Apple-converted-space\">\u00a0<\/span><\/span><\/p>\n<p class=\"p1 c4\"><span class=\"c2\">Depuis dix ans, nous n\u2019avons fait que r\u00e9\u00e9diter le m\u00eame sc\u00e9nario, mais c\u2019est juste le r\u00e9alisateur qui change. S\u2019il veut r\u00e9ussir \u00e0 sortir le pays de cette impasse, M\u00e9chichi doit agir sur le sc\u00e9nario. C\u2019est-\u00e0-dire, d\u00e9cr\u00e9ter la fin de la guerre, puisque personne ne veut le faire. Et il en a les moyens\u2026<\/span><\/p>\n<p class=\"p1 c3\">\u00a0<\/p>\n<p class=\"p4 c8\"><span class=\"c2\">R.K.<\/span><\/p>\n<p>Auteur: letemps1<br \/>\n<a href=\"http:\/\/www.letemps.com.tn\/article\/118982\/nos-politiques-ne-savent-pas-finir-une-guerre\">Cliquez ici pour lire l&rsquo;article depuis sa source.<\/a><\/p>\n","protected":false},"excerpt":{"rendered":"<p>Le Temps &#8211; Raouf KHALSI Tous responsables et tous coupables. Sans doute, y a-t-il lieu de s\u2019interroger sur le timing et sur la simultan\u00e9it\u00e9 de ces actes de vandalisme bravant ces quatre jours de couvre-feu. Sous couvert d\u2019imp\u00e9ratifs sanitaires et de lutte contre la Covid-19, le gouvernement avait cru pouvoir garder tout le monde chez [&hellip;]<\/p>\n","protected":false},"author":1773,"featured_media":0,"comment_status":"closed","ping_status":"closed","sticky":false,"template":"","format":"standard","meta":{"fifu_image_url":"","fifu_image_alt":"","footnotes":""},"categories":[73,55],"tags":[],"class_list":["post-109723","post","type-post","status-publish","format-standard","hentry","category-actualite","category-tunisie"],"_links":{"self":[{"href":"https:\/\/linitiative.ca\/International\/wp-json\/wp\/v2\/posts\/109723","targetHints":{"allow":["GET"]}}],"collection":[{"href":"https:\/\/linitiative.ca\/International\/wp-json\/wp\/v2\/posts"}],"about":[{"href":"https:\/\/linitiative.ca\/International\/wp-json\/wp\/v2\/types\/post"}],"author":[{"embeddable":true,"href":"https:\/\/linitiative.ca\/International\/wp-json\/wp\/v2\/users\/1773"}],"replies":[{"embeddable":true,"href":"https:\/\/linitiative.ca\/International\/wp-json\/wp\/v2\/comments?post=109723"}],"version-history":[{"count":0,"href":"https:\/\/linitiative.ca\/International\/wp-json\/wp\/v2\/posts\/109723\/revisions"}],"wp:attachment":[{"href":"https:\/\/linitiative.ca\/International\/wp-json\/wp\/v2\/media?parent=109723"}],"wp:term":[{"taxonomy":"category","embeddable":true,"href":"https:\/\/linitiative.ca\/International\/wp-json\/wp\/v2\/categories?post=109723"},{"taxonomy":"post_tag","embeddable":true,"href":"https:\/\/linitiative.ca\/International\/wp-json\/wp\/v2\/tags?post=109723"}],"curies":[{"name":"wp","href":"https:\/\/api.w.org\/{rel}","templated":true}]}}